{"id":31815,"date":"2026-03-26T20:49:11","date_gmt":"2026-03-26T19:49:11","guid":{"rendered":"https:\/\/www.ifema.es\/fruit-attraction-sao-paulo\/?p=31815"},"modified":"2026-03-26T20:49:11","modified_gmt":"2026-03-26T19:49:11","slug":"fruit-attraction-sao-paulo-puxada-pelo-brasil-america-do-sul-sera-o-motor-de-crescimento-das-exportacoes-mundiais-de-frutas-nos-proximos-anos","status":"publish","type":"post","link":"https:\/\/www.ifema.es\/fruit-attraction-sao-paulo\/noticias\/fruit-attraction-sao-paulo-puxada-pelo-brasil-america-do-sul-sera-o-motor-de-crescimento-das-exportacoes-mundiais-de-frutas-nos-proximos-anos\/","title":{"rendered":"Fruit Attraction S\u00e3o Paulo: puxada pelo Brasil, Am\u00e9rica do Sul ser\u00e1 o motor de crescimento das exporta\u00e7\u00f5es mundiais de frutas nos pr\u00f3ximos anos"},"content":{"rendered":"<p><strong>A<\/strong> Am\u00e9rica do Sul ser\u00e1 o motor de crescimento das exporta\u00e7\u00f5es mundiais de frutas tropicais nos pr\u00f3ximos anos, desbancando a Am\u00e9rica Central e Caribe como maior exportador global. Foi o que destacou o s\u00f3cio da <strong>Markestrat Agribusiness<\/strong>, Vin\u00edcius Camba\u00fava, nesta quinta-feira (26), dia de encerramento da <strong>Fruit Attraction S\u00e3o Paulo (2026)<\/strong>, na capital paulista. \u201cEsta proje\u00e7\u00e3o da FAO\/ONU, considera os embarques de abacaxi, abacate, goiaba, mam\u00e3o e manga\u201d, disse.<\/p>\n<p>Segundo Camba\u00fava, as estimativas da FAO indicam que as exporta\u00e7\u00f5es mundiais de frutas devem saltar de um giro financeiro previsto em US$ 12,8 bilh\u00f5es neste ano para US$ 15,7 bilh\u00f5es em 2034. Nesta agenda, ressaltou, os embarques da Am\u00e9rica Central e Caribe devem registar uma taxa de avan\u00e7o anual de 4,8%, enquanto que o crescimento da Am\u00e9rica do Sul chegar\u00e1 ao fim dos pr\u00f3ximos oito anos com percentual maior, de 5,3%, o que lhe dar\u00e1 em 2034 a lideran\u00e7a global.<\/p>\n<p>Hoje, o Brasil \u00e9 o terceiro maior produtor mundial, mas se situa apenas no intervalo entre o vig\u00e9simo e o vig\u00e9simo quarto exportador. Em 2025, a receita das exporta\u00e7\u00f5es brasileiras de frutas alcan\u00e7ou US$ 1,45 bilh\u00e3o, incremento de 12%. Os itens mais exportados foram manga, mel\u00e3o, lim\u00f5es e limas e melancia.<\/p>\n<p><strong><em>:: Expectativa de neg\u00f3cios <\/em><\/strong><\/p>\n<p>Considerado o maior evento dedicado ao segmento de frutas e hortali\u00e7as do hemisf\u00e9rio Sul, a 3\u00aa. edi\u00e7\u00e3o da <strong>Fruit Attraction S\u00e3o Paulo<\/strong> re\u00fane no mesmo pavilh\u00e3o produtores, exportadores, compradores nacionais e internacionais, fornecedores, distribuidores, autoridades, entidades, e demais agentes do setor produtivo, reafirmando seu papel de plataforma global para o setor de frutas do Brasil.<\/p>\n<p>Na edi\u00e7\u00e3o de 2025, o evento, organizado pela <strong>IFEMA MADRID<\/strong> e a <strong>Fiera Milano Brasil<\/strong>, recebeu mais de 16,3 mil visitantes, 400 marcas expositoras de mais de 60 pa\u00edses, gerou mais de 1,5 mil reuni\u00f5es na rodada de neg\u00f3cios, gerou mais de R$ 1 bilh\u00e3o em vendas, e ocupou 15 mil m\u00b2 de \u00e1rea expositiva, crescimento de 66% frente 2024. Para esta edi\u00e7\u00e3o, o <strong>CEO da Fiera Milano Brasil<\/strong>, Maur\u00edcio Macedo, prev\u00ea crescimento significativo no volume de neg\u00f3cios. \u201cAcreditamos que as vendas realizadas na feira devem somar entre R$ 1,2 bilh\u00e3o e R$ 1,5 bilh\u00e3o.\u201d<\/p>\n<p><strong>Servi\u00e7o:<\/strong><br \/>\nFruit Attraction S\u00e3o Paulo 2026<br \/>\n<a href=\"https:\/\/www.ifema.es\/fruit-attraction-sao-paulo\/\">https:\/\/www.ifema.es\/fruit-attraction-sao-paulo\/<\/a><br \/>\nData: 24 a 26 de mar\u00e7o<br \/>\nHor\u00e1rio: das 10h \u00e0s 18h<br \/>\nLocal: S\u00e3o Paulo Expo Exhibition &amp; Convention Center<br \/>\nEndere\u00e7o: Rodovia dos Imigrantes, 1,5 km &#8211; Vila \u00c1gua Funda, S\u00e3o Paulo &#8211; SP<\/p>\n<p><strong>Sobre a IFEMA MADRID<\/strong><br \/>\nIFEMA MADRID \u00e9 o principal operador de feiras na Espanha e um dos mais importantes na Europa. Com mais de 500 eventos realizados a cada ano, seu calend\u00e1rio anual inclui feiras, congressos e eventos profissionais relacionados com praticamente todos os setores da economia. Anualmente, mais de 24 mil empresas espanholas e estrangeiras participam para gerar neg\u00f3cios e estabelecer rela\u00e7\u00f5es comerciais, atraindo cerca de 4 milh\u00f5es de visitantes. Com uma programa\u00e7\u00e3o intensa, que tamb\u00e9m engloba grandes eventos musicais, espet\u00e1culos, exposi\u00e7\u00f5es e eventos de lazer para o p\u00fablico em geral, a companhia consolidou-se como o segundo motor econ\u00f4mico da Regi\u00e3o de Madrid, com um impacto na Comunidade local de 5.104 milh\u00f5es de euros. Mais informa\u00e7\u00f5es:\u00a0<a href=\"https:\/\/www.ifema.es\/\">https:\/\/www.ifema.es\/<\/a><\/p>\n<p><strong>Sobre a Fiera Milano Brasil<\/strong><br \/>\nA Fiera Milano Brasil \u00e9 a subsidi\u00e1ria brasileira da Fiera Milano, um dos maiores grupos internacionais na organiza\u00e7\u00e3o de feiras e congressos, com sede na It\u00e1lia e presen\u00e7a global, respons\u00e1vel por reunir anualmente cerca de 30 mil expositores e mais de cinco milh\u00f5es de visitantes em seus eventos. Com expertise internacional e profundo conhecimento do mercado local, a Fiera Milano Brasil oferece plataformas estrat\u00e9gicas para gera\u00e7\u00e3o de neg\u00f3cios, networking qualificado e lan\u00e7amento de tend\u00eancias, conectando marcas, profissionais e solu\u00e7\u00f5es em ambientes inovadores e altamente profissionais. Realiza, ao todo, dez feiras que abrangem diversos setores da economia, como seguran\u00e7a, energias limpas e renov\u00e1veis, tubos e conex\u00f5es, cabos, sa\u00fade ocupacional, tecnologias em reabilita\u00e7\u00e3o, inclus\u00e3o e acessibilidade, dentre outros. Entre as principais marcas do portf\u00f3lio est\u00e3o Exposec, FISP, Fire Show, Tubotech, Wire Brasil, Reatech Brasil, Congresso Ecoenergy, Fruit Attraction S\u00e3o Paulo \u2014 em parceria com a IFEMA Madrid \u2014, TranspoQuip e Expoparking, em parceria com a BMComm e E-squadria Show \u2014 esta \u00faltima realizada em parceria com a N\u00fcrnbergMesse Brasil.<br \/>\nMais informa\u00e7\u00f5es:\u00a0<a href=\"http:\/\/www.fieramilanobrasil.com.br\/\">www.fieramilanobrasil.com.br<\/a><\/p>\n<p><strong>Informa\u00e7\u00f5es e pedidos de entrevistas:<\/strong><\/p>\n<p><em><br \/>\nRonaldo Luiz\u00a0<\/em><br \/>\n<em>ComResultado [+ de 25 anos no agroneg\u00f3cio]<\/em><br \/>\n<a href=\"http:\/\/www.comresultado.com.br\/\"><em>www.comresultado.com.br<\/em><\/a><em>\u00a0<\/em><br \/>\n<a href=\"mailto:contato@comresultado.com.br\"><em>contato@comresultado.com.br<\/em><\/a><em>\u00a0<\/em><br \/>\n<em>(11) 97631-6227<\/em><\/p>\n<p>&nbsp;<\/p>\n","protected":false},"excerpt":{"rendered":"<p>A Am\u00e9rica do Sul ser\u00e1 o motor de crescimento das exporta\u00e7\u00f5es mundiais de frutas tropicais nos pr\u00f3ximos anos, desbancando a Am\u00e9rica Central e Caribe como maior exportador global. Foi o que destacou o s\u00f3cio da Markestrat Agribusiness, Vin\u00edcius Camba\u00fava, nesta quinta-feira (26), dia de encerramento da Fruit Attraction S\u00e3o Paulo (2026), na capital paulista. \u201cEsta&#8230;<\/p>\n","protected":false},"author":3,"featured_media":31816,"comment_status":"closed","ping_status":"closed","sticky":false,"template":"","format":"standard","meta":{"_eb_attr":"","inline_featured_image":false,"footnotes":""},"categories":[90],"tags":[],"class_list":["post-31815","post","type-post","status-publish","format-standard","has-post-thumbnail","hentry","category-release-pt"],"yoast_head":"<!-- This site is optimized with the Yoast SEO plugin v27.1.1 - https:\/\/yoast.com\/product\/yoast-seo-wordpress\/ -->\n<title>Fruit Attraction S\u00e3o Paulo: puxada pelo Brasil, Am\u00e9rica do Sul ser\u00e1 o motor de crescimento das exporta\u00e7\u00f5es mundiais de frutas nos pr\u00f3ximos anos - Fruit Attraction Sao Paulo | IFEMA MADRID INTERNACIONAL<\/title>\n<meta name=\"robots\" content=\"index, follow, max-snippet:-1, max-image-preview:large, max-video-preview:-1\" \/>\n<link rel=\"canonical\" href=\"https:\/\/www.ifema.es\/fruit-attraction-sao-paulo\/noticias\/fruit-attraction-sao-paulo-puxada-pelo-brasil-america-do-sul-sera-o-motor-de-crescimento-das-exportacoes-mundiais-de-frutas-nos-proximos-anos\/\" \/>\n<meta property=\"og:locale\" content=\"es_ES\" \/>\n<meta property=\"og:type\" content=\"article\" \/>\n<meta property=\"og:title\" content=\"Fruit Attraction S\u00e3o Paulo: puxada pelo Brasil, Am\u00e9rica do Sul ser\u00e1 o motor de crescimento das exporta\u00e7\u00f5es mundiais de frutas nos pr\u00f3ximos anos - Fruit Attraction Sao Paulo | IFEMA MADRID INTERNACIONAL\" \/>\n<meta property=\"og:description\" content=\"A Am\u00e9rica do Sul ser\u00e1 o motor de crescimento das exporta\u00e7\u00f5es mundiais de frutas tropicais nos pr\u00f3ximos anos, desbancando a Am\u00e9rica Central e Caribe como maior exportador global. Foi o que destacou o s\u00f3cio da Markestrat Agribusiness, Vin\u00edcius Camba\u00fava, nesta quinta-feira (26), dia de encerramento da Fruit Attraction S\u00e3o Paulo (2026), na capital paulista. \u201cEsta...\" \/>\n<meta property=\"og:url\" content=\"https:\/\/www.ifema.es\/fruit-attraction-sao-paulo\/noticias\/fruit-attraction-sao-paulo-puxada-pelo-brasil-america-do-sul-sera-o-motor-de-crescimento-das-exportacoes-mundiais-de-frutas-nos-proximos-anos\/\" \/>\n<meta property=\"og:site_name\" content=\"Fruit Attraction Sao Paulo | IFEMA MADRID INTERNACIONAL\" \/>\n<meta property=\"article:publisher\" content=\"https:\/\/www.facebook.com\/people\/Fruit-Attraction-So-Paulo\/61553117052718\/\" \/>\n<meta property=\"article:published_time\" content=\"2026-03-26T19:49:11+00:00\" \/>\n<meta property=\"og:image\" content=\"https:\/\/www.ifema.es\/fruit-attraction-sao-paulo\/wp-content\/uploads\/2026\/03\/FRUIT-FORUM-23.jpg\" \/>\n\t<meta property=\"og:image:width\" content=\"505\" \/>\n\t<meta property=\"og:image:height\" content=\"337\" \/>\n\t<meta property=\"og:image:type\" content=\"image\/jpeg\" \/>\n<meta name=\"author\" content=\"Leandro Ursulano\" \/>\n<meta name=\"twitter:card\" content=\"summary_large_image\" \/>\n<meta name=\"twitter:label1\" content=\"Escrito por\" \/>\n\t<meta name=\"twitter:data1\" content=\"Leandro Ursulano\" \/>\n\t<meta name=\"twitter:label2\" content=\"Tiempo de lectura\" \/>\n\t<meta name=\"twitter:data2\" content=\"4 minutes\" \/>\n<script type=\"application\/ld+json\" class=\"yoast-schema-graph\">{\"@context\":\"https:\/\/schema.org\",\"@graph\":[{\"@type\":\"Article\",\"@id\":\"https:\/\/www.ifema.es\/fruit-attraction-sao-paulo\/noticias\/fruit-attraction-sao-paulo-puxada-pelo-brasil-america-do-sul-sera-o-motor-de-crescimento-das-exportacoes-mundiais-de-frutas-nos-proximos-anos\/#article\",\"isPartOf\":{\"@id\":\"https:\/\/www.ifema.es\/fruit-attraction-sao-paulo\/noticias\/fruit-attraction-sao-paulo-puxada-pelo-brasil-america-do-sul-sera-o-motor-de-crescimento-das-exportacoes-mundiais-de-frutas-nos-proximos-anos\/\"},\"author\":{\"name\":\"Leandro Ursulano\",\"@id\":\"https:\/\/www.ifema.es\/fruit-attraction-sao-paulo\/#\/schema\/person\/ca209e86e8182445d0a351c7daabe509\"},\"headline\":\"Fruit Attraction S\u00e3o Paulo: puxada pelo Brasil, Am\u00e9rica do Sul ser\u00e1 o motor de crescimento das exporta\u00e7\u00f5es mundiais de frutas nos pr\u00f3ximos anos\",\"datePublished\":\"2026-03-26T19:49:11+00:00\",\"mainEntityOfPage\":{\"@id\":\"https:\/\/www.ifema.es\/fruit-attraction-sao-paulo\/noticias\/fruit-attraction-sao-paulo-puxada-pelo-brasil-america-do-sul-sera-o-motor-de-crescimento-das-exportacoes-mundiais-de-frutas-nos-proximos-anos\/\"},\"wordCount\":796,\"publisher\":{\"@id\":\"https:\/\/www.ifema.es\/fruit-attraction-sao-paulo\/#organization\"},\"image\":{\"@id\":\"https:\/\/www.ifema.es\/fruit-attraction-sao-paulo\/noticias\/fruit-attraction-sao-paulo-puxada-pelo-brasil-america-do-sul-sera-o-motor-de-crescimento-das-exportacoes-mundiais-de-frutas-nos-proximos-anos\/#primaryimage\"},\"thumbnailUrl\":\"https:\/\/www.ifema.es\/fruit-attraction-sao-paulo\/wp-content\/uploads\/2026\/03\/FRUIT-FORUM-23.jpg\",\"articleSection\":[\"Release\"],\"inLanguage\":\"es-ES\"},{\"@type\":\"WebPage\",\"@id\":\"https:\/\/www.ifema.es\/fruit-attraction-sao-paulo\/noticias\/fruit-attraction-sao-paulo-puxada-pelo-brasil-america-do-sul-sera-o-motor-de-crescimento-das-exportacoes-mundiais-de-frutas-nos-proximos-anos\/\",\"url\":\"https:\/\/www.ifema.es\/fruit-attraction-sao-paulo\/noticias\/fruit-attraction-sao-paulo-puxada-pelo-brasil-america-do-sul-sera-o-motor-de-crescimento-das-exportacoes-mundiais-de-frutas-nos-proximos-anos\/\",\"name\":\"Fruit Attraction S\u00e3o Paulo: puxada pelo Brasil, Am\u00e9rica do Sul ser\u00e1 o motor de crescimento das exporta\u00e7\u00f5es mundiais de frutas nos pr\u00f3ximos anos - Fruit Attraction Sao Paulo | IFEMA MADRID INTERNACIONAL\",\"isPartOf\":{\"@id\":\"https:\/\/www.ifema.es\/fruit-attraction-sao-paulo\/#website\"},\"primaryImageOfPage\":{\"@id\":\"https:\/\/www.ifema.es\/fruit-attraction-sao-paulo\/noticias\/fruit-attraction-sao-paulo-puxada-pelo-brasil-america-do-sul-sera-o-motor-de-crescimento-das-exportacoes-mundiais-de-frutas-nos-proximos-anos\/#primaryimage\"},\"image\":{\"@id\":\"https:\/\/www.ifema.es\/fruit-attraction-sao-paulo\/noticias\/fruit-attraction-sao-paulo-puxada-pelo-brasil-america-do-sul-sera-o-motor-de-crescimento-das-exportacoes-mundiais-de-frutas-nos-proximos-anos\/#primaryimage\"},\"thumbnailUrl\":\"https:\/\/www.ifema.es\/fruit-attraction-sao-paulo\/wp-content\/uploads\/2026\/03\/FRUIT-FORUM-23.jpg\",\"datePublished\":\"2026-03-26T19:49:11+00:00\",\"inLanguage\":\"es-ES\",\"potentialAction\":[{\"@type\":\"ReadAction\",\"target\":[\"https:\/\/www.ifema.es\/fruit-attraction-sao-paulo\/noticias\/fruit-attraction-sao-paulo-puxada-pelo-brasil-america-do-sul-sera-o-motor-de-crescimento-das-exportacoes-mundiais-de-frutas-nos-proximos-anos\/\"]}]},{\"@type\":\"ImageObject\",\"inLanguage\":\"es-ES\",\"@id\":\"https:\/\/www.ifema.es\/fruit-attraction-sao-paulo\/noticias\/fruit-attraction-sao-paulo-puxada-pelo-brasil-america-do-sul-sera-o-motor-de-crescimento-das-exportacoes-mundiais-de-frutas-nos-proximos-anos\/#primaryimage\",\"url\":\"https:\/\/www.ifema.es\/fruit-attraction-sao-paulo\/wp-content\/uploads\/2026\/03\/FRUIT-FORUM-23.jpg\",\"contentUrl\":\"https:\/\/www.ifema.es\/fruit-attraction-sao-paulo\/wp-content\/uploads\/2026\/03\/FRUIT-FORUM-23.jpg\",\"width\":505,\"height\":337},{\"@type\":\"WebSite\",\"@id\":\"https:\/\/www.ifema.es\/fruit-attraction-sao-paulo\/#website\",\"url\":\"https:\/\/www.ifema.es\/fruit-attraction-sao-paulo\/\",\"name\":\"Fruit Attraction Sao Paulo | IFEMA MADRID INTERNACIONAL\",\"description\":\"Bienvenido a Fruit Attraction Sao Paulo, la Feria Internacional del Sector de Frutas y Hortalizas. Haz click y descubre todas las novedades de la edici\u00f3n de este a\u00f1o.\",\"publisher\":{\"@id\":\"https:\/\/www.ifema.es\/fruit-attraction-sao-paulo\/#organization\"},\"potentialAction\":[{\"@type\":\"SearchAction\",\"target\":{\"@type\":\"EntryPoint\",\"urlTemplate\":\"https:\/\/www.ifema.es\/fruit-attraction-sao-paulo\/?s={search_term_string}\"},\"query-input\":{\"@type\":\"PropertyValueSpecification\",\"valueRequired\":true,\"valueName\":\"search_term_string\"}}],\"inLanguage\":\"es-ES\"},{\"@type\":\"Organization\",\"@id\":\"https:\/\/www.ifema.es\/fruit-attraction-sao-paulo\/#organization\",\"name\":\"Fruit Attraction Sao Paulo | IFEMA MADRID INTERNACIONAL\",\"url\":\"https:\/\/www.ifema.es\/fruit-attraction-sao-paulo\/\",\"logo\":{\"@type\":\"ImageObject\",\"inLanguage\":\"es-ES\",\"@id\":\"https:\/\/www.ifema.es\/fruit-attraction-sao-paulo\/#\/schema\/logo\/image\/\",\"url\":\"https:\/\/www.ifema.es\/fruit-attraction-sao-paulo\/wp-content\/uploads\/2024\/01\/logo-fruit-attraction-sao-paulo.jpg\",\"contentUrl\":\"https:\/\/www.ifema.es\/fruit-attraction-sao-paulo\/wp-content\/uploads\/2024\/01\/logo-fruit-attraction-sao-paulo.jpg\",\"width\":400,\"height\":300,\"caption\":\"Fruit Attraction Sao Paulo | IFEMA MADRID INTERNACIONAL\"},\"image\":{\"@id\":\"https:\/\/www.ifema.es\/fruit-attraction-sao-paulo\/#\/schema\/logo\/image\/\"},\"sameAs\":[\"https:\/\/www.facebook.com\/people\/Fruit-Attraction-So-Paulo\/61553117052718\/\",\"https:\/\/www.instagram.com\/fruitattraction_saopaulo\/\",\"https:\/\/www.linkedin.com\/company\/fruit-attraction-so-paulo\/\"]},{\"@type\":\"Person\",\"@id\":\"https:\/\/www.ifema.es\/fruit-attraction-sao-paulo\/#\/schema\/person\/ca209e86e8182445d0a351c7daabe509\",\"name\":\"Leandro Ursulano\",\"image\":{\"@type\":\"ImageObject\",\"inLanguage\":\"es-ES\",\"@id\":\"https:\/\/www.ifema.es\/fruit-attraction-sao-paulo\/#\/schema\/person\/image\/\",\"url\":\"https:\/\/secure.gravatar.com\/avatar\/2379260cadc7a1e6f807da70f5c7cb3f423d0394bcad778f6c4a6614e035829d?s=96&d=mm&r=g\",\"contentUrl\":\"https:\/\/secure.gravatar.com\/avatar\/2379260cadc7a1e6f807da70f5c7cb3f423d0394bcad778f6c4a6614e035829d?s=96&d=mm&r=g\",\"caption\":\"Leandro Ursulano\"},\"url\":\"https:\/\/www.ifema.es\/fruit-attraction-sao-paulo\/noticias\/author\/leandro\/\"}]}<\/script>\n<!-- \/ Yoast SEO plugin. -->","yoast_head_json":{"title":"Fruit Attraction S\u00e3o Paulo: puxada pelo Brasil, Am\u00e9rica do Sul ser\u00e1 o motor de crescimento das exporta\u00e7\u00f5es mundiais de frutas nos pr\u00f3ximos anos - Fruit Attraction Sao Paulo | IFEMA MADRID INTERNACIONAL","robots":{"index":"index","follow":"follow","max-snippet":"max-snippet:-1","max-image-preview":"max-image-preview:large","max-video-preview":"max-video-preview:-1"},"canonical":"https:\/\/www.ifema.es\/fruit-attraction-sao-paulo\/noticias\/fruit-attraction-sao-paulo-puxada-pelo-brasil-america-do-sul-sera-o-motor-de-crescimento-das-exportacoes-mundiais-de-frutas-nos-proximos-anos\/","og_locale":"es_ES","og_type":"article","og_title":"Fruit Attraction S\u00e3o Paulo: puxada pelo Brasil, Am\u00e9rica do Sul ser\u00e1 o motor de crescimento das exporta\u00e7\u00f5es mundiais de frutas nos pr\u00f3ximos anos - Fruit Attraction Sao Paulo | IFEMA MADRID INTERNACIONAL","og_description":"A Am\u00e9rica do Sul ser\u00e1 o motor de crescimento das exporta\u00e7\u00f5es mundiais de frutas tropicais nos pr\u00f3ximos anos, desbancando a Am\u00e9rica Central e Caribe como maior exportador global. Foi o que destacou o s\u00f3cio da Markestrat Agribusiness, Vin\u00edcius Camba\u00fava, nesta quinta-feira (26), dia de encerramento da Fruit Attraction S\u00e3o Paulo (2026), na capital paulista. \u201cEsta...","og_url":"https:\/\/www.ifema.es\/fruit-attraction-sao-paulo\/noticias\/fruit-attraction-sao-paulo-puxada-pelo-brasil-america-do-sul-sera-o-motor-de-crescimento-das-exportacoes-mundiais-de-frutas-nos-proximos-anos\/","og_site_name":"Fruit Attraction Sao Paulo | IFEMA MADRID INTERNACIONAL","article_publisher":"https:\/\/www.facebook.com\/people\/Fruit-Attraction-So-Paulo\/61553117052718\/","article_published_time":"2026-03-26T19:49:11+00:00","og_image":[{"width":505,"height":337,"url":"https:\/\/www.ifema.es\/fruit-attraction-sao-paulo\/wp-content\/uploads\/2026\/03\/FRUIT-FORUM-23.jpg","type":"image\/jpeg"}],"author":"Leandro Ursulano","twitter_card":"summary_large_image","twitter_misc":{"Escrito por":"Leandro Ursulano","Tiempo de lectura":"4 minutes"},"schema":{"@context":"https:\/\/schema.org","@graph":[{"@type":"Article","@id":"https:\/\/www.ifema.es\/fruit-attraction-sao-paulo\/noticias\/fruit-attraction-sao-paulo-puxada-pelo-brasil-america-do-sul-sera-o-motor-de-crescimento-das-exportacoes-mundiais-de-frutas-nos-proximos-anos\/#article","isPartOf":{"@id":"https:\/\/www.ifema.es\/fruit-attraction-sao-paulo\/noticias\/fruit-attraction-sao-paulo-puxada-pelo-brasil-america-do-sul-sera-o-motor-de-crescimento-das-exportacoes-mundiais-de-frutas-nos-proximos-anos\/"},"author":{"name":"Leandro Ursulano","@id":"https:\/\/www.ifema.es\/fruit-attraction-sao-paulo\/#\/schema\/person\/ca209e86e8182445d0a351c7daabe509"},"headline":"Fruit Attraction S\u00e3o Paulo: puxada pelo Brasil, Am\u00e9rica do Sul ser\u00e1 o motor de crescimento das exporta\u00e7\u00f5es mundiais de frutas nos pr\u00f3ximos anos","datePublished":"2026-03-26T19:49:11+00:00","mainEntityOfPage":{"@id":"https:\/\/www.ifema.es\/fruit-attraction-sao-paulo\/noticias\/fruit-attraction-sao-paulo-puxada-pelo-brasil-america-do-sul-sera-o-motor-de-crescimento-das-exportacoes-mundiais-de-frutas-nos-proximos-anos\/"},"wordCount":796,"publisher":{"@id":"https:\/\/www.ifema.es\/fruit-attraction-sao-paulo\/#organization"},"image":{"@id":"https:\/\/www.ifema.es\/fruit-attraction-sao-paulo\/noticias\/fruit-attraction-sao-paulo-puxada-pelo-brasil-america-do-sul-sera-o-motor-de-crescimento-das-exportacoes-mundiais-de-frutas-nos-proximos-anos\/#primaryimage"},"thumbnailUrl":"https:\/\/www.ifema.es\/fruit-attraction-sao-paulo\/wp-content\/uploads\/2026\/03\/FRUIT-FORUM-23.jpg","articleSection":["Release"],"inLanguage":"es-ES"},{"@type":"WebPage","@id":"https:\/\/www.ifema.es\/fruit-attraction-sao-paulo\/noticias\/fruit-attraction-sao-paulo-puxada-pelo-brasil-america-do-sul-sera-o-motor-de-crescimento-das-exportacoes-mundiais-de-frutas-nos-proximos-anos\/","url":"https:\/\/www.ifema.es\/fruit-attraction-sao-paulo\/noticias\/fruit-attraction-sao-paulo-puxada-pelo-brasil-america-do-sul-sera-o-motor-de-crescimento-das-exportacoes-mundiais-de-frutas-nos-proximos-anos\/","name":"Fruit Attraction S\u00e3o Paulo: puxada pelo Brasil, Am\u00e9rica do Sul ser\u00e1 o motor de crescimento das exporta\u00e7\u00f5es mundiais de frutas nos pr\u00f3ximos anos - Fruit Attraction Sao Paulo | IFEMA MADRID INTERNACIONAL","isPartOf":{"@id":"https:\/\/www.ifema.es\/fruit-attraction-sao-paulo\/#website"},"primaryImageOfPage":{"@id":"https:\/\/www.ifema.es\/fruit-attraction-sao-paulo\/noticias\/fruit-attraction-sao-paulo-puxada-pelo-brasil-america-do-sul-sera-o-motor-de-crescimento-das-exportacoes-mundiais-de-frutas-nos-proximos-anos\/#primaryimage"},"image":{"@id":"https:\/\/www.ifema.es\/fruit-attraction-sao-paulo\/noticias\/fruit-attraction-sao-paulo-puxada-pelo-brasil-america-do-sul-sera-o-motor-de-crescimento-das-exportacoes-mundiais-de-frutas-nos-proximos-anos\/#primaryimage"},"thumbnailUrl":"https:\/\/www.ifema.es\/fruit-attraction-sao-paulo\/wp-content\/uploads\/2026\/03\/FRUIT-FORUM-23.jpg","datePublished":"2026-03-26T19:49:11+00:00","inLanguage":"es-ES","potentialAction":[{"@type":"ReadAction","target":["https:\/\/www.ifema.es\/fruit-attraction-sao-paulo\/noticias\/fruit-attraction-sao-paulo-puxada-pelo-brasil-america-do-sul-sera-o-motor-de-crescimento-das-exportacoes-mundiais-de-frutas-nos-proximos-anos\/"]}]},{"@type":"ImageObject","inLanguage":"es-ES","@id":"https:\/\/www.ifema.es\/fruit-attraction-sao-paulo\/noticias\/fruit-attraction-sao-paulo-puxada-pelo-brasil-america-do-sul-sera-o-motor-de-crescimento-das-exportacoes-mundiais-de-frutas-nos-proximos-anos\/#primaryimage","url":"https:\/\/www.ifema.es\/fruit-attraction-sao-paulo\/wp-content\/uploads\/2026\/03\/FRUIT-FORUM-23.jpg","contentUrl":"https:\/\/www.ifema.es\/fruit-attraction-sao-paulo\/wp-content\/uploads\/2026\/03\/FRUIT-FORUM-23.jpg","width":505,"height":337},{"@type":"WebSite","@id":"https:\/\/www.ifema.es\/fruit-attraction-sao-paulo\/#website","url":"https:\/\/www.ifema.es\/fruit-attraction-sao-paulo\/","name":"Fruit Attraction Sao Paulo | IFEMA MADRID INTERNACIONAL","description":"Bienvenido a Fruit Attraction Sao Paulo, la Feria Internacional del Sector de Frutas y Hortalizas. Haz click y descubre todas las novedades de la edici\u00f3n de este a\u00f1o.","publisher":{"@id":"https:\/\/www.ifema.es\/fruit-attraction-sao-paulo\/#organization"},"potentialAction":[{"@type":"SearchAction","target":{"@type":"EntryPoint","urlTemplate":"https:\/\/www.ifema.es\/fruit-attraction-sao-paulo\/?s={search_term_string}"},"query-input":{"@type":"PropertyValueSpecification","valueRequired":true,"valueName":"search_term_string"}}],"inLanguage":"es-ES"},{"@type":"Organization","@id":"https:\/\/www.ifema.es\/fruit-attraction-sao-paulo\/#organization","name":"Fruit Attraction Sao Paulo | IFEMA MADRID INTERNACIONAL","url":"https:\/\/www.ifema.es\/fruit-attraction-sao-paulo\/","logo":{"@type":"ImageObject","inLanguage":"es-ES","@id":"https:\/\/www.ifema.es\/fruit-attraction-sao-paulo\/#\/schema\/logo\/image\/","url":"https:\/\/www.ifema.es\/fruit-attraction-sao-paulo\/wp-content\/uploads\/2024\/01\/logo-fruit-attraction-sao-paulo.jpg","contentUrl":"https:\/\/www.ifema.es\/fruit-attraction-sao-paulo\/wp-content\/uploads\/2024\/01\/logo-fruit-attraction-sao-paulo.jpg","width":400,"height":300,"caption":"Fruit Attraction Sao Paulo | IFEMA MADRID INTERNACIONAL"},"image":{"@id":"https:\/\/www.ifema.es\/fruit-attraction-sao-paulo\/#\/schema\/logo\/image\/"},"sameAs":["https:\/\/www.facebook.com\/people\/Fruit-Attraction-So-Paulo\/61553117052718\/","https:\/\/www.instagram.com\/fruitattraction_saopaulo\/","https:\/\/www.linkedin.com\/company\/fruit-attraction-so-paulo\/"]},{"@type":"Person","@id":"https:\/\/www.ifema.es\/fruit-attraction-sao-paulo\/#\/schema\/person\/ca209e86e8182445d0a351c7daabe509","name":"Leandro Ursulano","image":{"@type":"ImageObject","inLanguage":"es-ES","@id":"https:\/\/www.ifema.es\/fruit-attraction-sao-paulo\/#\/schema\/person\/image\/","url":"https:\/\/secure.gravatar.com\/avatar\/2379260cadc7a1e6f807da70f5c7cb3f423d0394bcad778f6c4a6614e035829d?s=96&d=mm&r=g","contentUrl":"https:\/\/secure.gravatar.com\/avatar\/2379260cadc7a1e6f807da70f5c7cb3f423d0394bcad778f6c4a6614e035829d?s=96&d=mm&r=g","caption":"Leandro Ursulano"},"url":"https:\/\/www.ifema.es\/fruit-attraction-sao-paulo\/noticias\/author\/leandro\/"}]}},"_links":{"self":[{"href":"https:\/\/www.ifema.es\/fruit-attraction-sao-paulo\/wp-json\/wp\/v2\/posts\/31815","targetHints":{"allow":["GET"]}}],"collection":[{"href":"https:\/\/www.ifema.es\/fruit-attraction-sao-paulo\/wp-json\/wp\/v2\/posts"}],"about":[{"href":"https:\/\/www.ifema.es\/fruit-attraction-sao-paulo\/wp-json\/wp\/v2\/types\/post"}],"author":[{"embeddable":true,"href":"https:\/\/www.ifema.es\/fruit-attraction-sao-paulo\/wp-json\/wp\/v2\/users\/3"}],"replies":[{"embeddable":true,"href":"https:\/\/www.ifema.es\/fruit-attraction-sao-paulo\/wp-json\/wp\/v2\/comments?post=31815"}],"version-history":[{"count":1,"href":"https:\/\/www.ifema.es\/fruit-attraction-sao-paulo\/wp-json\/wp\/v2\/posts\/31815\/revisions"}],"predecessor-version":[{"id":31817,"href":"https:\/\/www.ifema.es\/fruit-attraction-sao-paulo\/wp-json\/wp\/v2\/posts\/31815\/revisions\/31817"}],"wp:featuredmedia":[{"embeddable":true,"href":"https:\/\/www.ifema.es\/fruit-attraction-sao-paulo\/wp-json\/wp\/v2\/media\/31816"}],"wp:attachment":[{"href":"https:\/\/www.ifema.es\/fruit-attraction-sao-paulo\/wp-json\/wp\/v2\/media?parent=31815"}],"wp:term":[{"taxonomy":"category","embeddable":true,"href":"https:\/\/www.ifema.es\/fruit-attraction-sao-paulo\/wp-json\/wp\/v2\/categories?post=31815"},{"taxonomy":"post_tag","embeddable":true,"href":"https:\/\/www.ifema.es\/fruit-attraction-sao-paulo\/wp-json\/wp\/v2\/tags?post=31815"}],"curies":[{"name":"wp","href":"https:\/\/api.w.org\/{rel}","templated":true}]}}