{"id":31783,"date":"2026-03-26T15:52:41","date_gmt":"2026-03-26T14:52:41","guid":{"rendered":"https:\/\/www.ifema.es\/fruit-attraction-sao-paulo\/?p=31783"},"modified":"2026-03-26T15:52:41","modified_gmt":"2026-03-26T14:52:41","slug":"novo-presidente-da-abrafrutas-toma-posse-durante-a-fruit-attraction-sao-paulo","status":"publish","type":"post","link":"https:\/\/www.ifema.es\/fruit-attraction-sao-paulo\/noticias\/novo-presidente-da-abrafrutas-toma-posse-durante-a-fruit-attraction-sao-paulo\/","title":{"rendered":"Novo presidente da Abrafrutas toma posse durante a Fruit Attraction S\u00e3o Paulo"},"content":{"rendered":"<p>A Associa\u00e7\u00e3o Brasileira dos Produtores e Exportadores de Frutas e Derivados (Abrafrutas) oficializou a posse do novo presidente, Waldyr Prom\u00edcia, durante a Fruit Attraction S\u00e3o Paulo, um dos principais eventos do setor de frutas e hortali\u00e7as da Am\u00e9rica Latina, que re\u00fane produtores, exportadores, compradores e especialistas para promover neg\u00f3cios, networking e tend\u00eancias globais da fruticultura.<\/p>\n<p>Com ampla experi\u00eancia no setor, Waldyr Prom\u00edcia \u00e9 reconhecido por sua atua\u00e7\u00e3o no mercado de frutas frescas, especialmente na \u00e1rea de exporta\u00e7\u00e3o. Como CEO da Itacitrus, construiu uma trajet\u00f3ria s\u00f3lida voltada \u00e0 qualidade, inova\u00e7\u00e3o e expans\u00e3o internacional, consolidando sua lideran\u00e7a no segmento e sua contribui\u00e7\u00e3o para o fortalecimento da fruticultura brasileira.<\/p>\n<p>O setor vive um momento estrat\u00e9gico, com avan\u00e7os significativos em tecnologia, sustentabilidade e qualidade da produ\u00e7\u00e3o, ao mesmo tempo em que enfrenta desafios como custos log\u00edsticos, barreiras fitossanit\u00e1rias e a necessidade constante de abertura de novos mercados. Nesse cen\u00e1rio, a atua\u00e7\u00e3o da Abrafrutas ganha ainda mais relev\u00e2ncia na articula\u00e7\u00e3o institucional e no apoio aos exportadores brasileiros.<\/p>\n<p>Ao assumir a presid\u00eancia para o tri\u00eanio 2026\u20132029, Prom\u00edcia refor\u00e7a seu compromisso com o desenvolvimento do setor:<\/p>\n<p>\u201cAssumo esta responsabilidade com o prop\u00f3sito de fortalecer ainda mais a presen\u00e7a da fruta brasileira no mercado internacional. Vamos trabalhar para ampliar mercados, gerar oportunidades e posicionar o Brasil de forma cada vez mais competitiva, sempre com foco em qualidade, sustentabilidade e inova\u00e7\u00e3o.\u201d<\/p>\n<p>A expectativa da nova gest\u00e3o \u00e9 que, ao final do mandato, o setor esteja ainda mais estruturado, competitivo e com maior diversifica\u00e7\u00e3o de mercados, ampliando o valor das exporta\u00e7\u00f5es e consolidando a imagem da fruticultura brasileira no cen\u00e1rio global.<\/p>\n<p>Na ocasi\u00e3o, tamb\u00e9m foram empossados os novos diretores da entidade, que passam a compor a gest\u00e3o no mesmo per\u00edodo, refor\u00e7ando o compromisso institucional com o fortalecimento e a representatividade do setor.<\/p>\n<p><strong>Nova diretoria da Abrafrutas<\/strong><\/p>\n<p>Presidente: Waldyr S\u00e9rgio Prom\u00edcia<\/p>\n<p>Vice-Presidente: Luiz Eduardo Raffaelli<\/p>\n<p>Diretor Administrativo: Mois\u00e9s Lopes de Albuquerque<\/p>\n<p>Diretor Financeiro: Paulo \u00c1lvaro Roriz Dantas<\/p>\n<p>Diretor Comercial: Roberto Cavalcanti de Morais J\u00fanior<\/p>\n<p>Diretora de Marketing: Adriana Ribeiro do Prado<\/p>\n<p>Diretora de Rela\u00e7\u00f5es Institucionais: Lara Teobaldo Secchi Coelho<\/p>\n<p>Diretor de Rela\u00e7\u00f5es Internacionais: Nelson Mayrinck Cabral da Costa Filho<\/p>\n<p>Diretor T\u00e9cnico: Edson Luiz Brok<\/p>\n<p>Diretor de Log\u00edstica: Bruno Carneiro Farias<\/p>\n<p>Diretora de ESG: Priscilla Nasrallah<\/p>\n<p><strong>Conselho Fiscal:<\/strong><\/p>\n<p>Ulisses Brambini Rivolta de Oliveira<\/p>\n<p>Amrit Mohanani<\/p>\n<p><strong>Suplentes:<\/strong><\/p>\n<p>Fernando Barbosa Ferreira<\/p>\n<p>Adriano Daniel Thielke<\/p>\n<p>&nbsp;<\/p>\n","protected":false},"excerpt":{"rendered":"<p>A Associa\u00e7\u00e3o Brasileira dos Produtores e Exportadores de Frutas e Derivados (Abrafrutas) oficializou a posse do novo presidente, Waldyr Prom\u00edcia, durante a Fruit Attraction S\u00e3o Paulo, um dos principais eventos do setor de frutas e hortali\u00e7as da Am\u00e9rica Latina, que re\u00fane produtores, exportadores, compradores e especialistas para promover neg\u00f3cios, networking e tend\u00eancias globais da fruticultura&#8230;.<\/p>\n","protected":false},"author":3,"featured_media":31784,"comment_status":"closed","ping_status":"closed","sticky":false,"template":"","format":"standard","meta":{"_eb_attr":"","inline_featured_image":false,"footnotes":""},"categories":[90],"tags":[],"class_list":["post-31783","post","type-post","status-publish","format-standard","has-post-thumbnail","hentry","category-release-pt"],"yoast_head":"<!-- This site is optimized with the Yoast SEO plugin v27.1.1 - https:\/\/yoast.com\/product\/yoast-seo-wordpress\/ -->\n<title>Novo presidente da Abrafrutas toma posse durante a Fruit Attraction S\u00e3o Paulo - Fruit Attraction Sao Paulo | IFEMA MADRID INTERNACIONAL<\/title>\n<meta name=\"robots\" content=\"index, follow, max-snippet:-1, max-image-preview:large, max-video-preview:-1\" \/>\n<link rel=\"canonical\" href=\"https:\/\/www.ifema.es\/fruit-attraction-sao-paulo\/noticias\/novo-presidente-da-abrafrutas-toma-posse-durante-a-fruit-attraction-sao-paulo\/\" \/>\n<meta property=\"og:locale\" content=\"es_ES\" \/>\n<meta property=\"og:type\" content=\"article\" \/>\n<meta property=\"og:title\" content=\"Novo presidente da Abrafrutas toma posse durante a Fruit Attraction S\u00e3o Paulo - Fruit Attraction Sao Paulo | IFEMA MADRID INTERNACIONAL\" \/>\n<meta property=\"og:description\" content=\"A Associa\u00e7\u00e3o Brasileira dos Produtores e Exportadores de Frutas e Derivados (Abrafrutas) oficializou a posse do novo presidente, Waldyr Prom\u00edcia, durante a Fruit Attraction S\u00e3o Paulo, um dos principais eventos do setor de frutas e hortali\u00e7as da Am\u00e9rica Latina, que re\u00fane produtores, exportadores, compradores e especialistas para promover neg\u00f3cios, networking e tend\u00eancias globais da fruticultura....\" \/>\n<meta property=\"og:url\" content=\"https:\/\/www.ifema.es\/fruit-attraction-sao-paulo\/noticias\/novo-presidente-da-abrafrutas-toma-posse-durante-a-fruit-attraction-sao-paulo\/\" \/>\n<meta property=\"og:site_name\" content=\"Fruit Attraction Sao Paulo | IFEMA MADRID INTERNACIONAL\" \/>\n<meta property=\"article:publisher\" content=\"https:\/\/www.facebook.com\/people\/Fruit-Attraction-So-Paulo\/61553117052718\/\" \/>\n<meta property=\"article:published_time\" content=\"2026-03-26T14:52:41+00:00\" \/>\n<meta property=\"og:image\" content=\"https:\/\/www.ifema.es\/fruit-attraction-sao-paulo\/wp-content\/uploads\/2026\/03\/abrafrutas.jpeg\" \/>\n\t<meta property=\"og:image:width\" content=\"1600\" \/>\n\t<meta property=\"og:image:height\" content=\"1200\" \/>\n\t<meta property=\"og:image:type\" content=\"image\/jpeg\" \/>\n<meta name=\"author\" content=\"Leandro Ursulano\" \/>\n<meta name=\"twitter:card\" content=\"summary_large_image\" \/>\n<meta name=\"twitter:label1\" content=\"Escrito por\" \/>\n\t<meta name=\"twitter:data1\" content=\"Leandro Ursulano\" \/>\n\t<meta name=\"twitter:label2\" content=\"Tiempo de lectura\" \/>\n\t<meta name=\"twitter:data2\" content=\"2 minutes\" \/>\n<script type=\"application\/ld+json\" class=\"yoast-schema-graph\">{\"@context\":\"https:\/\/schema.org\",\"@graph\":[{\"@type\":\"Article\",\"@id\":\"https:\/\/www.ifema.es\/fruit-attraction-sao-paulo\/noticias\/novo-presidente-da-abrafrutas-toma-posse-durante-a-fruit-attraction-sao-paulo\/#article\",\"isPartOf\":{\"@id\":\"https:\/\/www.ifema.es\/fruit-attraction-sao-paulo\/noticias\/novo-presidente-da-abrafrutas-toma-posse-durante-a-fruit-attraction-sao-paulo\/\"},\"author\":{\"name\":\"Leandro Ursulano\",\"@id\":\"https:\/\/www.ifema.es\/fruit-attraction-sao-paulo\/#\/schema\/person\/ca209e86e8182445d0a351c7daabe509\"},\"headline\":\"Novo presidente da Abrafrutas toma posse durante a Fruit Attraction S\u00e3o Paulo\",\"datePublished\":\"2026-03-26T14:52:41+00:00\",\"mainEntityOfPage\":{\"@id\":\"https:\/\/www.ifema.es\/fruit-attraction-sao-paulo\/noticias\/novo-presidente-da-abrafrutas-toma-posse-durante-a-fruit-attraction-sao-paulo\/\"},\"wordCount\":441,\"publisher\":{\"@id\":\"https:\/\/www.ifema.es\/fruit-attraction-sao-paulo\/#organization\"},\"image\":{\"@id\":\"https:\/\/www.ifema.es\/fruit-attraction-sao-paulo\/noticias\/novo-presidente-da-abrafrutas-toma-posse-durante-a-fruit-attraction-sao-paulo\/#primaryimage\"},\"thumbnailUrl\":\"https:\/\/www.ifema.es\/fruit-attraction-sao-paulo\/wp-content\/uploads\/2026\/03\/abrafrutas.jpeg\",\"articleSection\":[\"Release\"],\"inLanguage\":\"es-ES\"},{\"@type\":\"WebPage\",\"@id\":\"https:\/\/www.ifema.es\/fruit-attraction-sao-paulo\/noticias\/novo-presidente-da-abrafrutas-toma-posse-durante-a-fruit-attraction-sao-paulo\/\",\"url\":\"https:\/\/www.ifema.es\/fruit-attraction-sao-paulo\/noticias\/novo-presidente-da-abrafrutas-toma-posse-durante-a-fruit-attraction-sao-paulo\/\",\"name\":\"Novo presidente da Abrafrutas toma posse durante a Fruit Attraction S\u00e3o Paulo - Fruit Attraction Sao Paulo | IFEMA MADRID INTERNACIONAL\",\"isPartOf\":{\"@id\":\"https:\/\/www.ifema.es\/fruit-attraction-sao-paulo\/#website\"},\"primaryImageOfPage\":{\"@id\":\"https:\/\/www.ifema.es\/fruit-attraction-sao-paulo\/noticias\/novo-presidente-da-abrafrutas-toma-posse-durante-a-fruit-attraction-sao-paulo\/#primaryimage\"},\"image\":{\"@id\":\"https:\/\/www.ifema.es\/fruit-attraction-sao-paulo\/noticias\/novo-presidente-da-abrafrutas-toma-posse-durante-a-fruit-attraction-sao-paulo\/#primaryimage\"},\"thumbnailUrl\":\"https:\/\/www.ifema.es\/fruit-attraction-sao-paulo\/wp-content\/uploads\/2026\/03\/abrafrutas.jpeg\",\"datePublished\":\"2026-03-26T14:52:41+00:00\",\"inLanguage\":\"es-ES\",\"potentialAction\":[{\"@type\":\"ReadAction\",\"target\":[\"https:\/\/www.ifema.es\/fruit-attraction-sao-paulo\/noticias\/novo-presidente-da-abrafrutas-toma-posse-durante-a-fruit-attraction-sao-paulo\/\"]}]},{\"@type\":\"ImageObject\",\"inLanguage\":\"es-ES\",\"@id\":\"https:\/\/www.ifema.es\/fruit-attraction-sao-paulo\/noticias\/novo-presidente-da-abrafrutas-toma-posse-durante-a-fruit-attraction-sao-paulo\/#primaryimage\",\"url\":\"https:\/\/www.ifema.es\/fruit-attraction-sao-paulo\/wp-content\/uploads\/2026\/03\/abrafrutas.jpeg\",\"contentUrl\":\"https:\/\/www.ifema.es\/fruit-attraction-sao-paulo\/wp-content\/uploads\/2026\/03\/abrafrutas.jpeg\",\"width\":1600,\"height\":1200},{\"@type\":\"WebSite\",\"@id\":\"https:\/\/www.ifema.es\/fruit-attraction-sao-paulo\/#website\",\"url\":\"https:\/\/www.ifema.es\/fruit-attraction-sao-paulo\/\",\"name\":\"Fruit Attraction Sao Paulo | IFEMA MADRID INTERNACIONAL\",\"description\":\"Bienvenido a Fruit Attraction Sao Paulo, la Feria Internacional del Sector de Frutas y Hortalizas. Haz click y descubre todas las novedades de la edici\u00f3n de este a\u00f1o.\",\"publisher\":{\"@id\":\"https:\/\/www.ifema.es\/fruit-attraction-sao-paulo\/#organization\"},\"potentialAction\":[{\"@type\":\"SearchAction\",\"target\":{\"@type\":\"EntryPoint\",\"urlTemplate\":\"https:\/\/www.ifema.es\/fruit-attraction-sao-paulo\/?s={search_term_string}\"},\"query-input\":{\"@type\":\"PropertyValueSpecification\",\"valueRequired\":true,\"valueName\":\"search_term_string\"}}],\"inLanguage\":\"es-ES\"},{\"@type\":\"Organization\",\"@id\":\"https:\/\/www.ifema.es\/fruit-attraction-sao-paulo\/#organization\",\"name\":\"Fruit Attraction Sao Paulo | IFEMA MADRID INTERNACIONAL\",\"url\":\"https:\/\/www.ifema.es\/fruit-attraction-sao-paulo\/\",\"logo\":{\"@type\":\"ImageObject\",\"inLanguage\":\"es-ES\",\"@id\":\"https:\/\/www.ifema.es\/fruit-attraction-sao-paulo\/#\/schema\/logo\/image\/\",\"url\":\"https:\/\/www.ifema.es\/fruit-attraction-sao-paulo\/wp-content\/uploads\/2024\/01\/logo-fruit-attraction-sao-paulo.jpg\",\"contentUrl\":\"https:\/\/www.ifema.es\/fruit-attraction-sao-paulo\/wp-content\/uploads\/2024\/01\/logo-fruit-attraction-sao-paulo.jpg\",\"width\":400,\"height\":300,\"caption\":\"Fruit Attraction Sao Paulo | IFEMA MADRID INTERNACIONAL\"},\"image\":{\"@id\":\"https:\/\/www.ifema.es\/fruit-attraction-sao-paulo\/#\/schema\/logo\/image\/\"},\"sameAs\":[\"https:\/\/www.facebook.com\/people\/Fruit-Attraction-So-Paulo\/61553117052718\/\",\"https:\/\/www.instagram.com\/fruitattraction_saopaulo\/\",\"https:\/\/www.linkedin.com\/company\/fruit-attraction-so-paulo\/\"]},{\"@type\":\"Person\",\"@id\":\"https:\/\/www.ifema.es\/fruit-attraction-sao-paulo\/#\/schema\/person\/ca209e86e8182445d0a351c7daabe509\",\"name\":\"Leandro Ursulano\",\"image\":{\"@type\":\"ImageObject\",\"inLanguage\":\"es-ES\",\"@id\":\"https:\/\/www.ifema.es\/fruit-attraction-sao-paulo\/#\/schema\/person\/image\/\",\"url\":\"https:\/\/secure.gravatar.com\/avatar\/2379260cadc7a1e6f807da70f5c7cb3f423d0394bcad778f6c4a6614e035829d?s=96&d=mm&r=g\",\"contentUrl\":\"https:\/\/secure.gravatar.com\/avatar\/2379260cadc7a1e6f807da70f5c7cb3f423d0394bcad778f6c4a6614e035829d?s=96&d=mm&r=g\",\"caption\":\"Leandro Ursulano\"},\"url\":\"https:\/\/www.ifema.es\/fruit-attraction-sao-paulo\/noticias\/author\/leandro\/\"}]}<\/script>\n<!-- \/ Yoast SEO plugin. -->","yoast_head_json":{"title":"Novo presidente da Abrafrutas toma posse durante a Fruit Attraction S\u00e3o Paulo - Fruit Attraction Sao Paulo | IFEMA MADRID INTERNACIONAL","robots":{"index":"index","follow":"follow","max-snippet":"max-snippet:-1","max-image-preview":"max-image-preview:large","max-video-preview":"max-video-preview:-1"},"canonical":"https:\/\/www.ifema.es\/fruit-attraction-sao-paulo\/noticias\/novo-presidente-da-abrafrutas-toma-posse-durante-a-fruit-attraction-sao-paulo\/","og_locale":"es_ES","og_type":"article","og_title":"Novo presidente da Abrafrutas toma posse durante a Fruit Attraction S\u00e3o Paulo - Fruit Attraction Sao Paulo | IFEMA MADRID INTERNACIONAL","og_description":"A Associa\u00e7\u00e3o Brasileira dos Produtores e Exportadores de Frutas e Derivados (Abrafrutas) oficializou a posse do novo presidente, Waldyr Prom\u00edcia, durante a Fruit Attraction S\u00e3o Paulo, um dos principais eventos do setor de frutas e hortali\u00e7as da Am\u00e9rica Latina, que re\u00fane produtores, exportadores, compradores e especialistas para promover neg\u00f3cios, networking e tend\u00eancias globais da fruticultura....","og_url":"https:\/\/www.ifema.es\/fruit-attraction-sao-paulo\/noticias\/novo-presidente-da-abrafrutas-toma-posse-durante-a-fruit-attraction-sao-paulo\/","og_site_name":"Fruit Attraction Sao Paulo | IFEMA MADRID INTERNACIONAL","article_publisher":"https:\/\/www.facebook.com\/people\/Fruit-Attraction-So-Paulo\/61553117052718\/","article_published_time":"2026-03-26T14:52:41+00:00","og_image":[{"width":1600,"height":1200,"url":"https:\/\/www.ifema.es\/fruit-attraction-sao-paulo\/wp-content\/uploads\/2026\/03\/abrafrutas.jpeg","type":"image\/jpeg"}],"author":"Leandro Ursulano","twitter_card":"summary_large_image","twitter_misc":{"Escrito por":"Leandro Ursulano","Tiempo de lectura":"2 minutes"},"schema":{"@context":"https:\/\/schema.org","@graph":[{"@type":"Article","@id":"https:\/\/www.ifema.es\/fruit-attraction-sao-paulo\/noticias\/novo-presidente-da-abrafrutas-toma-posse-durante-a-fruit-attraction-sao-paulo\/#article","isPartOf":{"@id":"https:\/\/www.ifema.es\/fruit-attraction-sao-paulo\/noticias\/novo-presidente-da-abrafrutas-toma-posse-durante-a-fruit-attraction-sao-paulo\/"},"author":{"name":"Leandro Ursulano","@id":"https:\/\/www.ifema.es\/fruit-attraction-sao-paulo\/#\/schema\/person\/ca209e86e8182445d0a351c7daabe509"},"headline":"Novo presidente da Abrafrutas toma posse durante a Fruit Attraction S\u00e3o Paulo","datePublished":"2026-03-26T14:52:41+00:00","mainEntityOfPage":{"@id":"https:\/\/www.ifema.es\/fruit-attraction-sao-paulo\/noticias\/novo-presidente-da-abrafrutas-toma-posse-durante-a-fruit-attraction-sao-paulo\/"},"wordCount":441,"publisher":{"@id":"https:\/\/www.ifema.es\/fruit-attraction-sao-paulo\/#organization"},"image":{"@id":"https:\/\/www.ifema.es\/fruit-attraction-sao-paulo\/noticias\/novo-presidente-da-abrafrutas-toma-posse-durante-a-fruit-attraction-sao-paulo\/#primaryimage"},"thumbnailUrl":"https:\/\/www.ifema.es\/fruit-attraction-sao-paulo\/wp-content\/uploads\/2026\/03\/abrafrutas.jpeg","articleSection":["Release"],"inLanguage":"es-ES"},{"@type":"WebPage","@id":"https:\/\/www.ifema.es\/fruit-attraction-sao-paulo\/noticias\/novo-presidente-da-abrafrutas-toma-posse-durante-a-fruit-attraction-sao-paulo\/","url":"https:\/\/www.ifema.es\/fruit-attraction-sao-paulo\/noticias\/novo-presidente-da-abrafrutas-toma-posse-durante-a-fruit-attraction-sao-paulo\/","name":"Novo presidente da Abrafrutas toma posse durante a Fruit Attraction S\u00e3o Paulo - Fruit Attraction Sao Paulo | IFEMA MADRID INTERNACIONAL","isPartOf":{"@id":"https:\/\/www.ifema.es\/fruit-attraction-sao-paulo\/#website"},"primaryImageOfPage":{"@id":"https:\/\/www.ifema.es\/fruit-attraction-sao-paulo\/noticias\/novo-presidente-da-abrafrutas-toma-posse-durante-a-fruit-attraction-sao-paulo\/#primaryimage"},"image":{"@id":"https:\/\/www.ifema.es\/fruit-attraction-sao-paulo\/noticias\/novo-presidente-da-abrafrutas-toma-posse-durante-a-fruit-attraction-sao-paulo\/#primaryimage"},"thumbnailUrl":"https:\/\/www.ifema.es\/fruit-attraction-sao-paulo\/wp-content\/uploads\/2026\/03\/abrafrutas.jpeg","datePublished":"2026-03-26T14:52:41+00:00","inLanguage":"es-ES","potentialAction":[{"@type":"ReadAction","target":["https:\/\/www.ifema.es\/fruit-attraction-sao-paulo\/noticias\/novo-presidente-da-abrafrutas-toma-posse-durante-a-fruit-attraction-sao-paulo\/"]}]},{"@type":"ImageObject","inLanguage":"es-ES","@id":"https:\/\/www.ifema.es\/fruit-attraction-sao-paulo\/noticias\/novo-presidente-da-abrafrutas-toma-posse-durante-a-fruit-attraction-sao-paulo\/#primaryimage","url":"https:\/\/www.ifema.es\/fruit-attraction-sao-paulo\/wp-content\/uploads\/2026\/03\/abrafrutas.jpeg","contentUrl":"https:\/\/www.ifema.es\/fruit-attraction-sao-paulo\/wp-content\/uploads\/2026\/03\/abrafrutas.jpeg","width":1600,"height":1200},{"@type":"WebSite","@id":"https:\/\/www.ifema.es\/fruit-attraction-sao-paulo\/#website","url":"https:\/\/www.ifema.es\/fruit-attraction-sao-paulo\/","name":"Fruit Attraction Sao Paulo | IFEMA MADRID INTERNACIONAL","description":"Bienvenido a Fruit Attraction Sao Paulo, la Feria Internacional del Sector de Frutas y Hortalizas. Haz click y descubre todas las novedades de la edici\u00f3n de este a\u00f1o.","publisher":{"@id":"https:\/\/www.ifema.es\/fruit-attraction-sao-paulo\/#organization"},"potentialAction":[{"@type":"SearchAction","target":{"@type":"EntryPoint","urlTemplate":"https:\/\/www.ifema.es\/fruit-attraction-sao-paulo\/?s={search_term_string}"},"query-input":{"@type":"PropertyValueSpecification","valueRequired":true,"valueName":"search_term_string"}}],"inLanguage":"es-ES"},{"@type":"Organization","@id":"https:\/\/www.ifema.es\/fruit-attraction-sao-paulo\/#organization","name":"Fruit Attraction Sao Paulo | IFEMA MADRID INTERNACIONAL","url":"https:\/\/www.ifema.es\/fruit-attraction-sao-paulo\/","logo":{"@type":"ImageObject","inLanguage":"es-ES","@id":"https:\/\/www.ifema.es\/fruit-attraction-sao-paulo\/#\/schema\/logo\/image\/","url":"https:\/\/www.ifema.es\/fruit-attraction-sao-paulo\/wp-content\/uploads\/2024\/01\/logo-fruit-attraction-sao-paulo.jpg","contentUrl":"https:\/\/www.ifema.es\/fruit-attraction-sao-paulo\/wp-content\/uploads\/2024\/01\/logo-fruit-attraction-sao-paulo.jpg","width":400,"height":300,"caption":"Fruit Attraction Sao Paulo | IFEMA MADRID INTERNACIONAL"},"image":{"@id":"https:\/\/www.ifema.es\/fruit-attraction-sao-paulo\/#\/schema\/logo\/image\/"},"sameAs":["https:\/\/www.facebook.com\/people\/Fruit-Attraction-So-Paulo\/61553117052718\/","https:\/\/www.instagram.com\/fruitattraction_saopaulo\/","https:\/\/www.linkedin.com\/company\/fruit-attraction-so-paulo\/"]},{"@type":"Person","@id":"https:\/\/www.ifema.es\/fruit-attraction-sao-paulo\/#\/schema\/person\/ca209e86e8182445d0a351c7daabe509","name":"Leandro Ursulano","image":{"@type":"ImageObject","inLanguage":"es-ES","@id":"https:\/\/www.ifema.es\/fruit-attraction-sao-paulo\/#\/schema\/person\/image\/","url":"https:\/\/secure.gravatar.com\/avatar\/2379260cadc7a1e6f807da70f5c7cb3f423d0394bcad778f6c4a6614e035829d?s=96&d=mm&r=g","contentUrl":"https:\/\/secure.gravatar.com\/avatar\/2379260cadc7a1e6f807da70f5c7cb3f423d0394bcad778f6c4a6614e035829d?s=96&d=mm&r=g","caption":"Leandro Ursulano"},"url":"https:\/\/www.ifema.es\/fruit-attraction-sao-paulo\/noticias\/author\/leandro\/"}]}},"_links":{"self":[{"href":"https:\/\/www.ifema.es\/fruit-attraction-sao-paulo\/wp-json\/wp\/v2\/posts\/31783","targetHints":{"allow":["GET"]}}],"collection":[{"href":"https:\/\/www.ifema.es\/fruit-attraction-sao-paulo\/wp-json\/wp\/v2\/posts"}],"about":[{"href":"https:\/\/www.ifema.es\/fruit-attraction-sao-paulo\/wp-json\/wp\/v2\/types\/post"}],"author":[{"embeddable":true,"href":"https:\/\/www.ifema.es\/fruit-attraction-sao-paulo\/wp-json\/wp\/v2\/users\/3"}],"replies":[{"embeddable":true,"href":"https:\/\/www.ifema.es\/fruit-attraction-sao-paulo\/wp-json\/wp\/v2\/comments?post=31783"}],"version-history":[{"count":1,"href":"https:\/\/www.ifema.es\/fruit-attraction-sao-paulo\/wp-json\/wp\/v2\/posts\/31783\/revisions"}],"predecessor-version":[{"id":31785,"href":"https:\/\/www.ifema.es\/fruit-attraction-sao-paulo\/wp-json\/wp\/v2\/posts\/31783\/revisions\/31785"}],"wp:featuredmedia":[{"embeddable":true,"href":"https:\/\/www.ifema.es\/fruit-attraction-sao-paulo\/wp-json\/wp\/v2\/media\/31784"}],"wp:attachment":[{"href":"https:\/\/www.ifema.es\/fruit-attraction-sao-paulo\/wp-json\/wp\/v2\/media?parent=31783"}],"wp:term":[{"taxonomy":"category","embeddable":true,"href":"https:\/\/www.ifema.es\/fruit-attraction-sao-paulo\/wp-json\/wp\/v2\/categories?post=31783"},{"taxonomy":"post_tag","embeddable":true,"href":"https:\/\/www.ifema.es\/fruit-attraction-sao-paulo\/wp-json\/wp\/v2\/tags?post=31783"}],"curies":[{"name":"wp","href":"https:\/\/api.w.org\/{rel}","templated":true}]}}