{"id":31706,"date":"2026-03-24T22:46:22","date_gmt":"2026-03-24T21:46:22","guid":{"rendered":"https:\/\/www.ifema.es\/fruit-attraction-sao-paulo\/?p=31706"},"modified":"2026-03-24T22:46:22","modified_gmt":"2026-03-24T21:46:22","slug":"fruit-attraction-sao-paulo-cenario-geopolitico-global-e-inicio-do-acordo-mercosul-ue-abrem-nova-janela-de-oportunidades-para-as-exportacoes-de-frutas","status":"publish","type":"post","link":"https:\/\/www.ifema.es\/fruit-attraction-sao-paulo\/noticias\/fruit-attraction-sao-paulo-cenario-geopolitico-global-e-inicio-do-acordo-mercosul-ue-abrem-nova-janela-de-oportunidades-para-as-exportacoes-de-frutas\/","title":{"rendered":"Fruit Attraction S\u00e3o Paulo: Cen\u00e1rio geopol\u00edtico global e in\u00edcio do acordo Mercosul-UE abrem nova janela de oportunidades para as exporta\u00e7\u00f5es de frutas"},"content":{"rendered":"<p><strong>Fruit Attraction S\u00e3o Paulo: Cen\u00e1rio geopol\u00edtico global e in\u00edcio do acordo Mercosul-UE abrem nova janela de oportunidades para as exporta\u00e7\u00f5es de frutas<br \/>\n<\/strong><br \/>\n<strong>A<\/strong> atual conjuntura geopol\u00edtica global, al\u00e9m do in\u00edcio do acordo Mercosul-Uni\u00e3o Europeia agora em maio trazem novas oportunidades para as exporta\u00e7\u00f5es brasileiras de frutas, disseram especialistas, entre os quais o presidente da <strong>Associa\u00e7\u00e3o Brasileira dos Produtores e Exportadores de Frutas e Derivados (Abrafrutas)<\/strong>, Guilherme Coelho; e o doutor em Economia e coordenador do Mestrado em Agroneg\u00f3cio da <strong>Funda\u00e7\u00e3o Get\u00falio Vargas (FGV)<\/strong>, Felipe Serigatti, nesta ter\u00e7a-feira (24), na capital paulista, durante o primeiro dia da <strong>Fruit Attraction S\u00e3o Paulo 2026<\/strong>. Organizado pela <strong>IFEMA MADRID<\/strong> e a <strong>Fiera Milano Brasil<\/strong>, o evento re\u00fane a cadeia produtiva da fruticultura nacional at\u00e9 esta quinta (26).<\/p>\n<p>Segundo Coelho, com o in\u00edcio do tratado Mercosul-Uni\u00e3o Europeia, as tarifas para ingresso da fruta brasileira no bloco europeu ser\u00e3o gradativamente reduzidas &#8211; a come\u00e7ar pela uva, que ter\u00e1 o imposto zerado j\u00e1 a partir da vig\u00eancia do acordo. Demais frutas cumprir\u00e3o diferentes per\u00edodos de &#8220;car\u00eancia&#8221;, conforme o cronograma a seguir: o abacate ter\u00e1 a tarifa de 4% zerada em quatro anos; lim\u00f5es e limas (14%) em sete; mel\u00e3o e melancia (9%) tamb\u00e9m em sete anos; e a ma\u00e7\u00e3 em dez. &#8220;O corte gradual de tarifas vai ampliar a presen\u00e7a das frutas brasileiras no mercado europeu, que j\u00e1 absorve cerca de 70% de nossas vendas externas do setor&#8221;, assinala Coelho.<\/p>\n<p>Serigatti, por sua vez, pontuou que os embarques gerais do agro brasileiro apresentam tend\u00eancia de bom desempenho em volume este ano, mas com a ressalva de pre\u00e7os mais acomodados, o que acarreta em um cen\u00e1rio de margens mais pressionadas para o produtor. No recorte para as frutas, o especialista da FGV acentuou que diante do quadro global pautado por incertezas geopol\u00edticas, o impacto inicial, claro, vem se refletindo no pre\u00e7o do petr\u00f3leo e tamb\u00e9m no bloqueio de importantes corredores mar\u00edtimos, como, por exemplo, o Estreito de Ormuz.<\/p>\n<p>&#8220;Tudo isso se reflete em valores de frete mais caros para todos. Todavia, o momento conturbado no Oriente M\u00e9dio, que interfere em rotas comerciais pode se configurar numa janela de oportunidade para a fruta brasileira, sobretudo as da categoria secas, j\u00e1 que pa\u00edses competidores nesta categoria, que dependem de corredores de exporta\u00e7\u00e3o naquela regi\u00e3o se encontram em situa\u00e7\u00e3o pior do que o Brasil em rela\u00e7\u00e3o ao custo do transporte e do fluxo de mercadorias.&#8221;<\/p>\n<p><strong><em>Abertura da Fruit Attraction S\u00e3o Paulo 2026 \/ Cr\u00e9dito: Divulga\u00e7\u00e3o<br \/>\n<\/em><\/strong><em>Da esquerda para direita: Geraldo Melo Filho, secret\u00e1rio de Agricultura e Abastecimento do Estado de S\u00e3o Paulo; Paula Caminha Soares, coordenadora de Agroneg\u00f3cio na ApexBrasil; Guilherme Coelho, presidente da Abrafrutas; Maur\u00edcio Macedo, CEO da Fiera Milano Brasil; Ana S\u00e1nchez-Ter\u00e1n, chefe de Projetos Internacionais da IFEMA Madrid; Andrea Sozzi, do Group Business Development &amp; International Director \u2013 Fiera Milano; Rodrigo Goulart, secret\u00e1rio Municipal de Desenvolvimento Econ\u00f4mico e Trabalho da cidade de S\u00e3o Paulo; e Victor Rodrigues Ferreira, coordenador do Juntos pelo Agro do SEBRAE Nacional.<\/p>\n<p><\/em><strong><em>:: Expectativa de neg\u00f3cios <\/em><\/strong><\/p>\n<p>Considerado o maior evento dedicado ao segmento de frutas e hortali\u00e7as do hemisf\u00e9rio Sul, a 3\u00aa. edi\u00e7\u00e3o da <strong>Fruit Attraction S\u00e3o Paulo<\/strong> re\u00fane no mesmo pavilh\u00e3o produtores, exportadores, compradores nacionais e internacionais, fornecedores, distribuidores, autoridades, entidades, e demais agentes do setor produtivo, reafirmando seu papel de plataforma global para o setor de frutas do Brasil.<\/p>\n<p>Na edi\u00e7\u00e3o de 2025, o evento recebeu mais de 16,3 mil visitantes, 400 marcas expositoras de mais de 60 pa\u00edses, gerou mais de 1,5 mil reuni\u00f5es na rodada de neg\u00f3cios, gerou mais de R$ 1 bilh\u00e3o em vendas, e ocupou 15 mil m\u00b2 de \u00e1rea expositiva, crescimento de 66% frente 2024. Para esta edi\u00e7\u00e3o, o <strong>CEO da Fiera Milano Brasil<\/strong>, Maur\u00edcio Macedo, prev\u00ea crescimento significativo no volume de neg\u00f3cios. \u201cAcreditamos que as vendas realizadas na feira devem somar entre R$ 1,2 bilh\u00e3o e R$ 1,5 bilh\u00e3o.\u201d<\/p>\n<p>Paula Caminha Soares, coordenadora de Agroneg\u00f3cio na <strong>ApexBrasil<\/strong>, ressalta que a ag\u00eancia trouxe para a feira compradores de 16 pa\u00edses, em especial da Europa, \u00c1sia e Am\u00e9ricas, que participar\u00e3o da rodada de neg\u00f3cios em parceria com a Abrafrutas. Neste ano, <strong>Ceagesp, Abimaq, Ibrahort e Empapel<\/strong> se juntam \u00e0 Abrafrutas \u2013 apoiadora master &#8211; como parceiros institucionais <strong>da Fruit Attraction S\u00e3o Paulo<\/strong>, que conta com patroc\u00ednio do <strong>Sebrae<\/strong>. No encerramento da solenidade de abertura, os correalizadores anunciaram a extens\u00e3o da parceria para a realiza\u00e7\u00e3o da <strong>Fruit Attraction S\u00e3o Paulo<\/strong> por mais sete anos &#8211; at\u00e9 2033.<\/p>\n<p><strong>Servi\u00e7o:<\/strong><br \/>\nFruit Attraction S\u00e3o Paulo 2026<br \/>\n<a href=\"https:\/\/www.ifema.es\/fruit-attraction-sao-paulo\/\">https:\/\/www.ifema.es\/fruit-attraction-sao-paulo\/<\/a><br \/>\nData: 24 a 26 de mar\u00e7o<br \/>\nHor\u00e1rio: das 10h \u00e0s 18h<br \/>\nLocal: S\u00e3o Paulo Expo Exhibition &amp; Convention Center<br \/>\nEndere\u00e7o: Rodovia dos Imigrantes, 1,5 km &#8211; Vila \u00c1gua Funda, S\u00e3o Paulo &#8211; SP<\/p>\n<p><strong>Sobre a IFEMA MADRID<\/strong><br \/>\nIFEMA MADRID \u00e9 o principal operador de feiras na Espanha e um dos mais importantes na Europa. Com mais de 500 eventos realizados a cada ano, seu calend\u00e1rio anual inclui feiras, congressos e eventos profissionais relacionados com praticamente todos os setores da economia. Anualmente, mais de 24 mil empresas espanholas e estrangeiras participam para gerar neg\u00f3cios e estabelecer rela\u00e7\u00f5es comerciais, atraindo cerca de 4 milh\u00f5es de visitantes. Com uma programa\u00e7\u00e3o intensa, que tamb\u00e9m engloba grandes eventos musicais, espet\u00e1culos, exposi\u00e7\u00f5es e eventos de lazer para o p\u00fablico em geral, a companhia consolidou-se como o segundo motor econ\u00f4mico da Regi\u00e3o de Madrid, com um impacto na Comunidade local de 5.104 milh\u00f5es de euros. Mais informa\u00e7\u00f5es:\u00a0<a href=\"https:\/\/www.ifema.es\/\">https:\/\/www.ifema.es\/<\/a><\/p>\n<p><strong>Sobre a Fiera Milano Brasil<\/strong><br \/>\nA Fiera Milano Brasil \u00e9 a subsidi\u00e1ria brasileira da Fiera Milano, um dos maiores grupos internacionais na organiza\u00e7\u00e3o de feiras e congressos, com sede na It\u00e1lia e presen\u00e7a global, respons\u00e1vel por reunir anualmente cerca de 30 mil expositores e mais de cinco milh\u00f5es de visitantes em seus eventos. Com expertise internacional e profundo conhecimento do mercado local, a Fiera Milano Brasil oferece plataformas estrat\u00e9gicas para gera\u00e7\u00e3o de neg\u00f3cios, networking qualificado e lan\u00e7amento de tend\u00eancias, conectando marcas, profissionais e solu\u00e7\u00f5es em ambientes inovadores e altamente profissionais. Realiza, ao todo, dez feiras que abrangem diversos setores da economia, como seguran\u00e7a, energias limpas e renov\u00e1veis, tubos e conex\u00f5es, cabos, sa\u00fade ocupacional, tecnologias em reabilita\u00e7\u00e3o, inclus\u00e3o e acessibilidade, dentre outros. Entre as principais marcas do portf\u00f3lio est\u00e3o Exposec, FISP, Fire Show, Tubotech, Wire Brasil, Reatech Brasil, Congresso Ecoenergy, Fruit Attraction S\u00e3o Paulo \u2014 em parceria com a IFEMA Madrid \u2014, TranspoQuip e Expoparking, em parceria com a BMComm e E-squadria Show \u2014 esta \u00faltima realizada em parceria com a N\u00fcrnbergMesse Brasil.<br \/>\nMais informa\u00e7\u00f5es:\u00a0<a href=\"http:\/\/www.fieramilanobrasil.com.br\/\">www.fieramilanobrasil.com.br<\/a><\/p>\n<p><strong>Informa\u00e7\u00f5es e pedidos de entrevistas:<\/strong><\/p>\n<p><em><br \/>\nRonaldo Luiz\u00a0<\/em><br \/>\n<em>ComResultado [+ de 25 anos no agroneg\u00f3cio]<\/em><br \/>\n<a href=\"http:\/\/www.comresultado.com.br\/\"><em>www.comresultado.com.br<\/em><\/a><em>\u00a0<\/em><br \/>\n<a href=\"mailto:contato@comresultado.com.br\"><em>contato@comresultado.com.br<\/em><\/a><em>\u00a0<\/em><br \/>\n<em>(11) 97631-6227<\/em><\/p>\n","protected":false},"excerpt":{"rendered":"<p>Fruit Attraction S\u00e3o Paulo: Cen\u00e1rio geopol\u00edtico global e in\u00edcio do acordo Mercosul-UE abrem nova janela de oportunidades para as exporta\u00e7\u00f5es de frutas A atual conjuntura geopol\u00edtica global, al\u00e9m do in\u00edcio do acordo Mercosul-Uni\u00e3o Europeia agora em maio trazem novas oportunidades para as exporta\u00e7\u00f5es brasileiras de frutas, disseram especialistas, entre os quais o presidente da Associa\u00e7\u00e3o&#8230;<\/p>\n","protected":false},"author":3,"featured_media":31674,"comment_status":"closed","ping_status":"closed","sticky":false,"template":"","format":"standard","meta":{"_eb_attr":"","inline_featured_image":false,"footnotes":""},"categories":[90],"tags":[],"class_list":["post-31706","post","type-post","status-publish","format-standard","has-post-thumbnail","hentry","category-release-pt"],"yoast_head":"<!-- This site is optimized with the Yoast SEO plugin v27.1.1 - https:\/\/yoast.com\/product\/yoast-seo-wordpress\/ -->\n<title>Fruit Attraction S\u00e3o Paulo: Cen\u00e1rio geopol\u00edtico global e in\u00edcio do acordo Mercosul-UE abrem nova janela de oportunidades para as exporta\u00e7\u00f5es de frutas - Fruit Attraction Sao Paulo | IFEMA MADRID INTERNACIONAL<\/title>\n<meta name=\"robots\" content=\"index, follow, max-snippet:-1, max-image-preview:large, max-video-preview:-1\" \/>\n<link rel=\"canonical\" href=\"https:\/\/www.ifema.es\/fruit-attraction-sao-paulo\/noticias\/fruit-attraction-sao-paulo-cenario-geopolitico-global-e-inicio-do-acordo-mercosul-ue-abrem-nova-janela-de-oportunidades-para-as-exportacoes-de-frutas\/\" \/>\n<meta property=\"og:locale\" content=\"es_ES\" \/>\n<meta property=\"og:type\" content=\"article\" \/>\n<meta property=\"og:title\" content=\"Fruit Attraction S\u00e3o Paulo: Cen\u00e1rio geopol\u00edtico global e in\u00edcio do acordo Mercosul-UE abrem nova janela de oportunidades para as exporta\u00e7\u00f5es de frutas - Fruit Attraction Sao Paulo | IFEMA MADRID INTERNACIONAL\" \/>\n<meta property=\"og:description\" content=\"Fruit Attraction S\u00e3o Paulo: Cen\u00e1rio geopol\u00edtico global e in\u00edcio do acordo Mercosul-UE abrem nova janela de oportunidades para as exporta\u00e7\u00f5es de frutas A atual conjuntura geopol\u00edtica global, al\u00e9m do in\u00edcio do acordo Mercosul-Uni\u00e3o Europeia agora em maio trazem novas oportunidades para as exporta\u00e7\u00f5es brasileiras de frutas, disseram especialistas, entre os quais o presidente da Associa\u00e7\u00e3o...\" \/>\n<meta property=\"og:url\" content=\"https:\/\/www.ifema.es\/fruit-attraction-sao-paulo\/noticias\/fruit-attraction-sao-paulo-cenario-geopolitico-global-e-inicio-do-acordo-mercosul-ue-abrem-nova-janela-de-oportunidades-para-as-exportacoes-de-frutas\/\" \/>\n<meta property=\"og:site_name\" content=\"Fruit Attraction Sao Paulo | IFEMA MADRID INTERNACIONAL\" \/>\n<meta property=\"article:publisher\" content=\"https:\/\/www.facebook.com\/people\/Fruit-Attraction-So-Paulo\/61553117052718\/\" \/>\n<meta property=\"article:published_time\" content=\"2026-03-24T21:46:22+00:00\" \/>\n<meta property=\"og:image\" content=\"https:\/\/www.ifema.es\/fruit-attraction-sao-paulo\/wp-content\/uploads\/2026\/03\/24032026_10H_FRUITATTRACTION_DC5_4130.jpg\" \/>\n\t<meta property=\"og:image:width\" content=\"2000\" \/>\n\t<meta property=\"og:image:height\" content=\"1335\" \/>\n\t<meta property=\"og:image:type\" content=\"image\/jpeg\" \/>\n<meta name=\"author\" content=\"Leandro Ursulano\" \/>\n<meta name=\"twitter:card\" content=\"summary_large_image\" \/>\n<meta name=\"twitter:label1\" content=\"Escrito por\" \/>\n\t<meta name=\"twitter:data1\" content=\"Leandro Ursulano\" \/>\n\t<meta name=\"twitter:label2\" content=\"Tiempo de lectura\" \/>\n\t<meta name=\"twitter:data2\" content=\"6 minutes\" \/>\n<script type=\"application\/ld+json\" class=\"yoast-schema-graph\">{\"@context\":\"https:\/\/schema.org\",\"@graph\":[{\"@type\":\"Article\",\"@id\":\"https:\/\/www.ifema.es\/fruit-attraction-sao-paulo\/noticias\/fruit-attraction-sao-paulo-cenario-geopolitico-global-e-inicio-do-acordo-mercosul-ue-abrem-nova-janela-de-oportunidades-para-as-exportacoes-de-frutas\/#article\",\"isPartOf\":{\"@id\":\"https:\/\/www.ifema.es\/fruit-attraction-sao-paulo\/noticias\/fruit-attraction-sao-paulo-cenario-geopolitico-global-e-inicio-do-acordo-mercosul-ue-abrem-nova-janela-de-oportunidades-para-as-exportacoes-de-frutas\/\"},\"author\":{\"name\":\"Leandro Ursulano\",\"@id\":\"https:\/\/www.ifema.es\/fruit-attraction-sao-paulo\/#\/schema\/person\/ca209e86e8182445d0a351c7daabe509\"},\"headline\":\"Fruit Attraction S\u00e3o Paulo: Cen\u00e1rio geopol\u00edtico global e in\u00edcio do acordo Mercosul-UE abrem nova janela de oportunidades para as exporta\u00e7\u00f5es de frutas\",\"datePublished\":\"2026-03-24T21:46:22+00:00\",\"mainEntityOfPage\":{\"@id\":\"https:\/\/www.ifema.es\/fruit-attraction-sao-paulo\/noticias\/fruit-attraction-sao-paulo-cenario-geopolitico-global-e-inicio-do-acordo-mercosul-ue-abrem-nova-janela-de-oportunidades-para-as-exportacoes-de-frutas\/\"},\"wordCount\":1206,\"publisher\":{\"@id\":\"https:\/\/www.ifema.es\/fruit-attraction-sao-paulo\/#organization\"},\"image\":{\"@id\":\"https:\/\/www.ifema.es\/fruit-attraction-sao-paulo\/noticias\/fruit-attraction-sao-paulo-cenario-geopolitico-global-e-inicio-do-acordo-mercosul-ue-abrem-nova-janela-de-oportunidades-para-as-exportacoes-de-frutas\/#primaryimage\"},\"thumbnailUrl\":\"https:\/\/www.ifema.es\/fruit-attraction-sao-paulo\/wp-content\/uploads\/2026\/03\/24032026_10H_FRUITATTRACTION_DC5_4130.jpg\",\"articleSection\":[\"Release\"],\"inLanguage\":\"es-ES\"},{\"@type\":\"WebPage\",\"@id\":\"https:\/\/www.ifema.es\/fruit-attraction-sao-paulo\/noticias\/fruit-attraction-sao-paulo-cenario-geopolitico-global-e-inicio-do-acordo-mercosul-ue-abrem-nova-janela-de-oportunidades-para-as-exportacoes-de-frutas\/\",\"url\":\"https:\/\/www.ifema.es\/fruit-attraction-sao-paulo\/noticias\/fruit-attraction-sao-paulo-cenario-geopolitico-global-e-inicio-do-acordo-mercosul-ue-abrem-nova-janela-de-oportunidades-para-as-exportacoes-de-frutas\/\",\"name\":\"Fruit Attraction S\u00e3o Paulo: Cen\u00e1rio geopol\u00edtico global e in\u00edcio do acordo Mercosul-UE abrem nova janela de oportunidades para as exporta\u00e7\u00f5es de frutas - Fruit Attraction Sao Paulo | IFEMA MADRID INTERNACIONAL\",\"isPartOf\":{\"@id\":\"https:\/\/www.ifema.es\/fruit-attraction-sao-paulo\/#website\"},\"primaryImageOfPage\":{\"@id\":\"https:\/\/www.ifema.es\/fruit-attraction-sao-paulo\/noticias\/fruit-attraction-sao-paulo-cenario-geopolitico-global-e-inicio-do-acordo-mercosul-ue-abrem-nova-janela-de-oportunidades-para-as-exportacoes-de-frutas\/#primaryimage\"},\"image\":{\"@id\":\"https:\/\/www.ifema.es\/fruit-attraction-sao-paulo\/noticias\/fruit-attraction-sao-paulo-cenario-geopolitico-global-e-inicio-do-acordo-mercosul-ue-abrem-nova-janela-de-oportunidades-para-as-exportacoes-de-frutas\/#primaryimage\"},\"thumbnailUrl\":\"https:\/\/www.ifema.es\/fruit-attraction-sao-paulo\/wp-content\/uploads\/2026\/03\/24032026_10H_FRUITATTRACTION_DC5_4130.jpg\",\"datePublished\":\"2026-03-24T21:46:22+00:00\",\"inLanguage\":\"es-ES\",\"potentialAction\":[{\"@type\":\"ReadAction\",\"target\":[\"https:\/\/www.ifema.es\/fruit-attraction-sao-paulo\/noticias\/fruit-attraction-sao-paulo-cenario-geopolitico-global-e-inicio-do-acordo-mercosul-ue-abrem-nova-janela-de-oportunidades-para-as-exportacoes-de-frutas\/\"]}]},{\"@type\":\"ImageObject\",\"inLanguage\":\"es-ES\",\"@id\":\"https:\/\/www.ifema.es\/fruit-attraction-sao-paulo\/noticias\/fruit-attraction-sao-paulo-cenario-geopolitico-global-e-inicio-do-acordo-mercosul-ue-abrem-nova-janela-de-oportunidades-para-as-exportacoes-de-frutas\/#primaryimage\",\"url\":\"https:\/\/www.ifema.es\/fruit-attraction-sao-paulo\/wp-content\/uploads\/2026\/03\/24032026_10H_FRUITATTRACTION_DC5_4130.jpg\",\"contentUrl\":\"https:\/\/www.ifema.es\/fruit-attraction-sao-paulo\/wp-content\/uploads\/2026\/03\/24032026_10H_FRUITATTRACTION_DC5_4130.jpg\",\"width\":2000,\"height\":1335},{\"@type\":\"WebSite\",\"@id\":\"https:\/\/www.ifema.es\/fruit-attraction-sao-paulo\/#website\",\"url\":\"https:\/\/www.ifema.es\/fruit-attraction-sao-paulo\/\",\"name\":\"Fruit Attraction Sao Paulo | IFEMA MADRID INTERNACIONAL\",\"description\":\"Bienvenido a Fruit Attraction Sao Paulo, la Feria Internacional del Sector de Frutas y Hortalizas. Haz click y descubre todas las novedades de la edici\u00f3n de este a\u00f1o.\",\"publisher\":{\"@id\":\"https:\/\/www.ifema.es\/fruit-attraction-sao-paulo\/#organization\"},\"potentialAction\":[{\"@type\":\"SearchAction\",\"target\":{\"@type\":\"EntryPoint\",\"urlTemplate\":\"https:\/\/www.ifema.es\/fruit-attraction-sao-paulo\/?s={search_term_string}\"},\"query-input\":{\"@type\":\"PropertyValueSpecification\",\"valueRequired\":true,\"valueName\":\"search_term_string\"}}],\"inLanguage\":\"es-ES\"},{\"@type\":\"Organization\",\"@id\":\"https:\/\/www.ifema.es\/fruit-attraction-sao-paulo\/#organization\",\"name\":\"Fruit Attraction Sao Paulo | IFEMA MADRID INTERNACIONAL\",\"url\":\"https:\/\/www.ifema.es\/fruit-attraction-sao-paulo\/\",\"logo\":{\"@type\":\"ImageObject\",\"inLanguage\":\"es-ES\",\"@id\":\"https:\/\/www.ifema.es\/fruit-attraction-sao-paulo\/#\/schema\/logo\/image\/\",\"url\":\"https:\/\/www.ifema.es\/fruit-attraction-sao-paulo\/wp-content\/uploads\/2024\/01\/logo-fruit-attraction-sao-paulo.jpg\",\"contentUrl\":\"https:\/\/www.ifema.es\/fruit-attraction-sao-paulo\/wp-content\/uploads\/2024\/01\/logo-fruit-attraction-sao-paulo.jpg\",\"width\":400,\"height\":300,\"caption\":\"Fruit Attraction Sao Paulo | IFEMA MADRID INTERNACIONAL\"},\"image\":{\"@id\":\"https:\/\/www.ifema.es\/fruit-attraction-sao-paulo\/#\/schema\/logo\/image\/\"},\"sameAs\":[\"https:\/\/www.facebook.com\/people\/Fruit-Attraction-So-Paulo\/61553117052718\/\",\"https:\/\/www.instagram.com\/fruitattraction_saopaulo\/\",\"https:\/\/www.linkedin.com\/company\/fruit-attraction-so-paulo\/\"]},{\"@type\":\"Person\",\"@id\":\"https:\/\/www.ifema.es\/fruit-attraction-sao-paulo\/#\/schema\/person\/ca209e86e8182445d0a351c7daabe509\",\"name\":\"Leandro Ursulano\",\"image\":{\"@type\":\"ImageObject\",\"inLanguage\":\"es-ES\",\"@id\":\"https:\/\/www.ifema.es\/fruit-attraction-sao-paulo\/#\/schema\/person\/image\/\",\"url\":\"https:\/\/secure.gravatar.com\/avatar\/2379260cadc7a1e6f807da70f5c7cb3f423d0394bcad778f6c4a6614e035829d?s=96&d=mm&r=g\",\"contentUrl\":\"https:\/\/secure.gravatar.com\/avatar\/2379260cadc7a1e6f807da70f5c7cb3f423d0394bcad778f6c4a6614e035829d?s=96&d=mm&r=g\",\"caption\":\"Leandro Ursulano\"},\"url\":\"https:\/\/www.ifema.es\/fruit-attraction-sao-paulo\/noticias\/author\/leandro\/\"}]}<\/script>\n<!-- \/ Yoast SEO plugin. -->","yoast_head_json":{"title":"Fruit Attraction S\u00e3o Paulo: Cen\u00e1rio geopol\u00edtico global e in\u00edcio do acordo Mercosul-UE abrem nova janela de oportunidades para as exporta\u00e7\u00f5es de frutas - Fruit Attraction Sao Paulo | IFEMA MADRID INTERNACIONAL","robots":{"index":"index","follow":"follow","max-snippet":"max-snippet:-1","max-image-preview":"max-image-preview:large","max-video-preview":"max-video-preview:-1"},"canonical":"https:\/\/www.ifema.es\/fruit-attraction-sao-paulo\/noticias\/fruit-attraction-sao-paulo-cenario-geopolitico-global-e-inicio-do-acordo-mercosul-ue-abrem-nova-janela-de-oportunidades-para-as-exportacoes-de-frutas\/","og_locale":"es_ES","og_type":"article","og_title":"Fruit Attraction S\u00e3o Paulo: Cen\u00e1rio geopol\u00edtico global e in\u00edcio do acordo Mercosul-UE abrem nova janela de oportunidades para as exporta\u00e7\u00f5es de frutas - Fruit Attraction Sao Paulo | IFEMA MADRID INTERNACIONAL","og_description":"Fruit Attraction S\u00e3o Paulo: Cen\u00e1rio geopol\u00edtico global e in\u00edcio do acordo Mercosul-UE abrem nova janela de oportunidades para as exporta\u00e7\u00f5es de frutas A atual conjuntura geopol\u00edtica global, al\u00e9m do in\u00edcio do acordo Mercosul-Uni\u00e3o Europeia agora em maio trazem novas oportunidades para as exporta\u00e7\u00f5es brasileiras de frutas, disseram especialistas, entre os quais o presidente da Associa\u00e7\u00e3o...","og_url":"https:\/\/www.ifema.es\/fruit-attraction-sao-paulo\/noticias\/fruit-attraction-sao-paulo-cenario-geopolitico-global-e-inicio-do-acordo-mercosul-ue-abrem-nova-janela-de-oportunidades-para-as-exportacoes-de-frutas\/","og_site_name":"Fruit Attraction Sao Paulo | IFEMA MADRID INTERNACIONAL","article_publisher":"https:\/\/www.facebook.com\/people\/Fruit-Attraction-So-Paulo\/61553117052718\/","article_published_time":"2026-03-24T21:46:22+00:00","og_image":[{"width":2000,"height":1335,"url":"https:\/\/www.ifema.es\/fruit-attraction-sao-paulo\/wp-content\/uploads\/2026\/03\/24032026_10H_FRUITATTRACTION_DC5_4130.jpg","type":"image\/jpeg"}],"author":"Leandro Ursulano","twitter_card":"summary_large_image","twitter_misc":{"Escrito por":"Leandro Ursulano","Tiempo de lectura":"6 minutes"},"schema":{"@context":"https:\/\/schema.org","@graph":[{"@type":"Article","@id":"https:\/\/www.ifema.es\/fruit-attraction-sao-paulo\/noticias\/fruit-attraction-sao-paulo-cenario-geopolitico-global-e-inicio-do-acordo-mercosul-ue-abrem-nova-janela-de-oportunidades-para-as-exportacoes-de-frutas\/#article","isPartOf":{"@id":"https:\/\/www.ifema.es\/fruit-attraction-sao-paulo\/noticias\/fruit-attraction-sao-paulo-cenario-geopolitico-global-e-inicio-do-acordo-mercosul-ue-abrem-nova-janela-de-oportunidades-para-as-exportacoes-de-frutas\/"},"author":{"name":"Leandro Ursulano","@id":"https:\/\/www.ifema.es\/fruit-attraction-sao-paulo\/#\/schema\/person\/ca209e86e8182445d0a351c7daabe509"},"headline":"Fruit Attraction S\u00e3o Paulo: Cen\u00e1rio geopol\u00edtico global e in\u00edcio do acordo Mercosul-UE abrem nova janela de oportunidades para as exporta\u00e7\u00f5es de frutas","datePublished":"2026-03-24T21:46:22+00:00","mainEntityOfPage":{"@id":"https:\/\/www.ifema.es\/fruit-attraction-sao-paulo\/noticias\/fruit-attraction-sao-paulo-cenario-geopolitico-global-e-inicio-do-acordo-mercosul-ue-abrem-nova-janela-de-oportunidades-para-as-exportacoes-de-frutas\/"},"wordCount":1206,"publisher":{"@id":"https:\/\/www.ifema.es\/fruit-attraction-sao-paulo\/#organization"},"image":{"@id":"https:\/\/www.ifema.es\/fruit-attraction-sao-paulo\/noticias\/fruit-attraction-sao-paulo-cenario-geopolitico-global-e-inicio-do-acordo-mercosul-ue-abrem-nova-janela-de-oportunidades-para-as-exportacoes-de-frutas\/#primaryimage"},"thumbnailUrl":"https:\/\/www.ifema.es\/fruit-attraction-sao-paulo\/wp-content\/uploads\/2026\/03\/24032026_10H_FRUITATTRACTION_DC5_4130.jpg","articleSection":["Release"],"inLanguage":"es-ES"},{"@type":"WebPage","@id":"https:\/\/www.ifema.es\/fruit-attraction-sao-paulo\/noticias\/fruit-attraction-sao-paulo-cenario-geopolitico-global-e-inicio-do-acordo-mercosul-ue-abrem-nova-janela-de-oportunidades-para-as-exportacoes-de-frutas\/","url":"https:\/\/www.ifema.es\/fruit-attraction-sao-paulo\/noticias\/fruit-attraction-sao-paulo-cenario-geopolitico-global-e-inicio-do-acordo-mercosul-ue-abrem-nova-janela-de-oportunidades-para-as-exportacoes-de-frutas\/","name":"Fruit Attraction S\u00e3o Paulo: Cen\u00e1rio geopol\u00edtico global e in\u00edcio do acordo Mercosul-UE abrem nova janela de oportunidades para as exporta\u00e7\u00f5es de frutas - Fruit Attraction Sao Paulo | IFEMA MADRID INTERNACIONAL","isPartOf":{"@id":"https:\/\/www.ifema.es\/fruit-attraction-sao-paulo\/#website"},"primaryImageOfPage":{"@id":"https:\/\/www.ifema.es\/fruit-attraction-sao-paulo\/noticias\/fruit-attraction-sao-paulo-cenario-geopolitico-global-e-inicio-do-acordo-mercosul-ue-abrem-nova-janela-de-oportunidades-para-as-exportacoes-de-frutas\/#primaryimage"},"image":{"@id":"https:\/\/www.ifema.es\/fruit-attraction-sao-paulo\/noticias\/fruit-attraction-sao-paulo-cenario-geopolitico-global-e-inicio-do-acordo-mercosul-ue-abrem-nova-janela-de-oportunidades-para-as-exportacoes-de-frutas\/#primaryimage"},"thumbnailUrl":"https:\/\/www.ifema.es\/fruit-attraction-sao-paulo\/wp-content\/uploads\/2026\/03\/24032026_10H_FRUITATTRACTION_DC5_4130.jpg","datePublished":"2026-03-24T21:46:22+00:00","inLanguage":"es-ES","potentialAction":[{"@type":"ReadAction","target":["https:\/\/www.ifema.es\/fruit-attraction-sao-paulo\/noticias\/fruit-attraction-sao-paulo-cenario-geopolitico-global-e-inicio-do-acordo-mercosul-ue-abrem-nova-janela-de-oportunidades-para-as-exportacoes-de-frutas\/"]}]},{"@type":"ImageObject","inLanguage":"es-ES","@id":"https:\/\/www.ifema.es\/fruit-attraction-sao-paulo\/noticias\/fruit-attraction-sao-paulo-cenario-geopolitico-global-e-inicio-do-acordo-mercosul-ue-abrem-nova-janela-de-oportunidades-para-as-exportacoes-de-frutas\/#primaryimage","url":"https:\/\/www.ifema.es\/fruit-attraction-sao-paulo\/wp-content\/uploads\/2026\/03\/24032026_10H_FRUITATTRACTION_DC5_4130.jpg","contentUrl":"https:\/\/www.ifema.es\/fruit-attraction-sao-paulo\/wp-content\/uploads\/2026\/03\/24032026_10H_FRUITATTRACTION_DC5_4130.jpg","width":2000,"height":1335},{"@type":"WebSite","@id":"https:\/\/www.ifema.es\/fruit-attraction-sao-paulo\/#website","url":"https:\/\/www.ifema.es\/fruit-attraction-sao-paulo\/","name":"Fruit Attraction Sao Paulo | IFEMA MADRID INTERNACIONAL","description":"Bienvenido a Fruit Attraction Sao Paulo, la Feria Internacional del Sector de Frutas y Hortalizas. Haz click y descubre todas las novedades de la edici\u00f3n de este a\u00f1o.","publisher":{"@id":"https:\/\/www.ifema.es\/fruit-attraction-sao-paulo\/#organization"},"potentialAction":[{"@type":"SearchAction","target":{"@type":"EntryPoint","urlTemplate":"https:\/\/www.ifema.es\/fruit-attraction-sao-paulo\/?s={search_term_string}"},"query-input":{"@type":"PropertyValueSpecification","valueRequired":true,"valueName":"search_term_string"}}],"inLanguage":"es-ES"},{"@type":"Organization","@id":"https:\/\/www.ifema.es\/fruit-attraction-sao-paulo\/#organization","name":"Fruit Attraction Sao Paulo | IFEMA MADRID INTERNACIONAL","url":"https:\/\/www.ifema.es\/fruit-attraction-sao-paulo\/","logo":{"@type":"ImageObject","inLanguage":"es-ES","@id":"https:\/\/www.ifema.es\/fruit-attraction-sao-paulo\/#\/schema\/logo\/image\/","url":"https:\/\/www.ifema.es\/fruit-attraction-sao-paulo\/wp-content\/uploads\/2024\/01\/logo-fruit-attraction-sao-paulo.jpg","contentUrl":"https:\/\/www.ifema.es\/fruit-attraction-sao-paulo\/wp-content\/uploads\/2024\/01\/logo-fruit-attraction-sao-paulo.jpg","width":400,"height":300,"caption":"Fruit Attraction Sao Paulo | IFEMA MADRID INTERNACIONAL"},"image":{"@id":"https:\/\/www.ifema.es\/fruit-attraction-sao-paulo\/#\/schema\/logo\/image\/"},"sameAs":["https:\/\/www.facebook.com\/people\/Fruit-Attraction-So-Paulo\/61553117052718\/","https:\/\/www.instagram.com\/fruitattraction_saopaulo\/","https:\/\/www.linkedin.com\/company\/fruit-attraction-so-paulo\/"]},{"@type":"Person","@id":"https:\/\/www.ifema.es\/fruit-attraction-sao-paulo\/#\/schema\/person\/ca209e86e8182445d0a351c7daabe509","name":"Leandro Ursulano","image":{"@type":"ImageObject","inLanguage":"es-ES","@id":"https:\/\/www.ifema.es\/fruit-attraction-sao-paulo\/#\/schema\/person\/image\/","url":"https:\/\/secure.gravatar.com\/avatar\/2379260cadc7a1e6f807da70f5c7cb3f423d0394bcad778f6c4a6614e035829d?s=96&d=mm&r=g","contentUrl":"https:\/\/secure.gravatar.com\/avatar\/2379260cadc7a1e6f807da70f5c7cb3f423d0394bcad778f6c4a6614e035829d?s=96&d=mm&r=g","caption":"Leandro Ursulano"},"url":"https:\/\/www.ifema.es\/fruit-attraction-sao-paulo\/noticias\/author\/leandro\/"}]}},"_links":{"self":[{"href":"https:\/\/www.ifema.es\/fruit-attraction-sao-paulo\/wp-json\/wp\/v2\/posts\/31706","targetHints":{"allow":["GET"]}}],"collection":[{"href":"https:\/\/www.ifema.es\/fruit-attraction-sao-paulo\/wp-json\/wp\/v2\/posts"}],"about":[{"href":"https:\/\/www.ifema.es\/fruit-attraction-sao-paulo\/wp-json\/wp\/v2\/types\/post"}],"author":[{"embeddable":true,"href":"https:\/\/www.ifema.es\/fruit-attraction-sao-paulo\/wp-json\/wp\/v2\/users\/3"}],"replies":[{"embeddable":true,"href":"https:\/\/www.ifema.es\/fruit-attraction-sao-paulo\/wp-json\/wp\/v2\/comments?post=31706"}],"version-history":[{"count":1,"href":"https:\/\/www.ifema.es\/fruit-attraction-sao-paulo\/wp-json\/wp\/v2\/posts\/31706\/revisions"}],"predecessor-version":[{"id":31707,"href":"https:\/\/www.ifema.es\/fruit-attraction-sao-paulo\/wp-json\/wp\/v2\/posts\/31706\/revisions\/31707"}],"wp:featuredmedia":[{"embeddable":true,"href":"https:\/\/www.ifema.es\/fruit-attraction-sao-paulo\/wp-json\/wp\/v2\/media\/31674"}],"wp:attachment":[{"href":"https:\/\/www.ifema.es\/fruit-attraction-sao-paulo\/wp-json\/wp\/v2\/media?parent=31706"}],"wp:term":[{"taxonomy":"category","embeddable":true,"href":"https:\/\/www.ifema.es\/fruit-attraction-sao-paulo\/wp-json\/wp\/v2\/categories?post=31706"},{"taxonomy":"post_tag","embeddable":true,"href":"https:\/\/www.ifema.es\/fruit-attraction-sao-paulo\/wp-json\/wp\/v2\/tags?post=31706"}],"curies":[{"name":"wp","href":"https:\/\/api.w.org\/{rel}","templated":true}]}}