{"id":31576,"date":"2026-03-20T17:47:17","date_gmt":"2026-03-20T16:47:17","guid":{"rendered":"https:\/\/www.ifema.es\/fruit-attraction-sao-paulo\/?p=31576"},"modified":"2026-03-20T17:47:31","modified_gmt":"2026-03-20T16:47:31","slug":"fruit-attraction-sao-paulo-tera-espaco-com-experiencias-gastronomicas-exclusivas","status":"publish","type":"post","link":"https:\/\/www.ifema.es\/fruit-attraction-sao-paulo\/noticias\/fruit-attraction-sao-paulo-tera-espaco-com-experiencias-gastronomicas-exclusivas\/","title":{"rendered":"Fruit Attraction S\u00e3o Paulo ter\u00e1 espa\u00e7o com experi\u00eancias gastron\u00f4micas exclusivas"},"content":{"rendered":"<p><em>3\u00aa. edi\u00e7\u00e3o do evento ocorre na pr\u00f3xima semana, entre ter\u00e7a (24) e quinta (26), na capital paulista; Cooking Show by Observat\u00f3rio da Gastronomia ter\u00e1 ampla programa\u00e7\u00e3o<\/em><\/p>\n<p><strong>A<\/strong>l\u00e9m da extensa mostra de produtos, tecnologias e servi\u00e7os para a cadeia produtiva da fruticultura e hortali\u00e7as, do conceituado congresso de conte\u00fado e da movimentada rodada de neg\u00f3cios, <strong>a Fruit Attraction S\u00e3o Paulo 2026<\/strong>, que acontece de 24 a 26 de mar\u00e7o, no S\u00e3o Paulo Expo, na capital paulista, tamb\u00e9m ser\u00e1 palco do Cooking Show by Observat\u00f3rio da Gastronomia.<\/p>\n<p>A atra\u00e7\u00e3o promete entregar uma experi\u00eancia gastron\u00f4mica \u00fanica em espa\u00e7o exclusivo, organizado e promovido pela Prefeitura de S\u00e3o Paulo, com o apoio institucional da S\u00e3o Paulo Neg\u00f3cios. Com curadoria do Observat\u00f3rio da Gastronomia, colegiado ligado \u00e0 Secretaria Municipal de Desenvolvimento Econ\u00f4mico e Trabalho, o evento destacar\u00e1 a riqueza das frutas e hortali\u00e7as brasileiras, com especial recorte para a biodiversidade da Mata Atl\u00e2ntica, em apresenta\u00e7\u00f5es interativas com chefs renomados, mixologistas e baristas.<\/p>\n<p>Na instala\u00e7\u00e3o, o p\u00fablico poder\u00e1 explorar novas formas de valorizar ingredientes frescos em aulas e demonstra\u00e7\u00f5es, que ter\u00e3o como eixos tem\u00e1ticos empreendedorismo, sustentabilidade, inclus\u00e3o social e a fus\u00e3o entre tradi\u00e7\u00f5es locais e influ\u00eancias globais, acentuando a conex\u00e3o entre a gastronomia e a produ\u00e7\u00e3o agr\u00edcola existente na capital paulista, com foco nos produtores atendidos pela iniciativa Sampa+Rural.<\/p>\n<p><strong><br \/>\nConfira a programa\u00e7\u00e3o: <\/strong><\/p>\n<p><u>Ter\u00e7a [24] <\/u><\/p>\n<ul>\n<li>10h \u2014 com Ricardo Magalh\u00e3es (@ricardousp92), Adolfo Mendon\u00e7a (@unidiversidade_da.quebrada) e Junior Magini (@recantomagini)<\/li>\n<li>14h \u2014 com a afrochef Edimea Thereza (@quilombo.doces)<\/li>\n<li>16h \u2014 com Let\u00edcia Bonome (@BaresSP)<\/li>\n<\/ul>\n<p><u>Quarta [25] <\/u><\/p>\n<ul>\n<li>14h \u2014 com Renata Brauni (@renata_braune)<\/li>\n<li>16h \u2014 com Let\u00edcia Bonome (@BaresSP)<\/li>\n<\/ul>\n<p><u>Quinta [26]<\/u><\/p>\n<ul>\n<li>10h \u2014 a confirmar<\/li>\n<li>14h \u2014 com Leandro Garcia (@mrbribri)<\/li>\n<li>16h \u2014 com Let\u00edcia Bonome (@BaresSP)<\/li>\n<\/ul>\n<p><strong><br \/>\nSobre o Observat\u00f3rio da Gastronomia<\/strong><\/p>\n<p>O Observat\u00f3rio da Gastronomia \u00e9 um espa\u00e7o de articula\u00e7\u00e3o direcionado ao fortalecimento da cadeia da alimenta\u00e7\u00e3o e da gastronomia. Trabalhando em conjunto com todos aqueles que atuam nesse setor, o Observat\u00f3rio visa potencializar os aspectos ligados \u00e0 economia, cultura, seguran\u00e7a alimentar e sustentabilidade.<\/p>\n<p>O Observat\u00f3rio da Gastronomia atua por meio de comit\u00eas tem\u00e1ticos &#8211; Imagem e Patrim\u00f4nio Gastron\u00f4mico de S\u00e3o Paulo, Gastronomia Social e Sustentabilidade, Qualifica\u00e7\u00e3o e Inclus\u00e3o Profissional e Comida de Rua, que t\u00eam o objetivo de unir a expertise dos diversos atores de forma a potencializar a busca por solu\u00e7\u00f5es no setor da alimenta\u00e7\u00e3o.<\/p>\n<p><strong>Sobre o Programa Sampa+Rural<\/strong><\/p>\n<p>O Programa Sampa+Rural prev\u00ea a\u00e7\u00f5es que visam expandir a Assist\u00eancia T\u00e9cnica e Extens\u00e3o Rural, a inser\u00e7\u00e3o de benefici\u00e1rios do POT &#8211; Programa Opera\u00e7\u00e3o Trabalho, tamb\u00e9m da Prefeitura de S\u00e3o Paulo, na \u00e1rea da agricultura, al\u00e9m da estrutura\u00e7\u00e3o de 400 locais de agricultura na capital. A Coordenadoria de Agricultura, respons\u00e1vel pelo programa, conta com tr\u00eas CAEs &#8211; Casas de Agricultura Ecol\u00f3gica nas zonas Sul, Leste e Norte, sendo a \u00faltima respons\u00e1vel pelo atendimento tamb\u00e9m dos distritos da regi\u00e3o central, Oeste e Sul em sua por\u00e7\u00e3o urbana.<\/p>\n<p>Al\u00e9m disso, a iniciativa conta com uma Unidade Demonstrativa de Bionsumos, localizada em Parelheiros, que produz, capacita e oferece biofertilizantes e compostos org\u00e2nicos \u00fateis na prote\u00e7\u00e3o de plantios, controle de pragas, fortifica\u00e7\u00e3o de solo e muito mais. Saiba mais sobre o trabalho da Coordenadoria de Agricultura da Prefeitura de S\u00e3o Paulo clicando aqui ou siga no Instagram @agriculturaprefsp<\/p>\n<p><strong>Sobre o Programa S\u00e3o Paulo Afroempreendedor<\/strong><\/p>\n<p>O Programa S\u00e3o Paulo Afroempreendedor \u00e9 uma iniciativa da Prefeitura voltada ao fortalecimento de neg\u00f3cios liderados por empreendedores negros. A a\u00e7\u00e3o oferece capacita\u00e7\u00e3o, suporte t\u00e9cnico e acesso a mercados, com o objetivo de promover a inclus\u00e3o produtiva e a autonomia financeira desse p\u00fablico.<\/p>\n<p><strong>Servi\u00e7o:<\/strong><br \/>\nFruit Attraction S\u00e3o Paulo 2026<\/p>\n<p><a href=\"https:\/\/www.ifema.es\/fruit-attraction-sao-paulo\/\">https:\/\/www.ifema.es\/fruit-attraction-sao-paulo\/<\/a><\/p>\n<p>Data: 24 a 26 de mar\u00e7o<\/p>\n<p>Hor\u00e1rio: das 10h \u00e0s 18h<\/p>\n<p>Local: S\u00e3o Paulo Expo Exhibition &amp; Convention Center<\/p>\n<p>Endere\u00e7o: Rodovia dos Imigrantes, 1,5 km &#8211; Vila \u00c1gua Funda, S\u00e3o Paulo &#8211; SP<\/p>\n<p><strong>Sobre a IFEMA MADRID<\/strong><\/p>\n<p>IFEMA MADRID \u00e9 o principal operador de feiras na Espanha e um dos mais importantes na Europa. Com mais de 500 eventos realizados a cada ano, seu calend\u00e1rio anual inclui feiras, congressos e eventos profissionais relacionados com praticamente todos os setores da economia. Anualmente, mais de 24 mil empresas espanholas e estrangeiras participam para gerar neg\u00f3cios e estabelecer rela\u00e7\u00f5es comerciais, atraindo cerca de 4 milh\u00f5es de visitantes. Com uma programa\u00e7\u00e3o intensa, que tamb\u00e9m engloba grandes eventos musicais, espet\u00e1culos, exposi\u00e7\u00f5es e eventos de lazer para o p\u00fablico em geral, a companhia consolidou-se como o segundo motor econ\u00f4mico da Regi\u00e3o de Madrid, com um impacto na Comunidade local de 5.104 milh\u00f5es de euros. Mais informa\u00e7\u00f5es:\u00a0<a href=\"https:\/\/www.ifema.es\/\">https:\/\/www.ifema.es\/<\/a><\/p>\n<p><strong>Sobre a Fiera Milano Brasil<\/strong><\/p>\n<p>A Fiera Milano Brasil \u00e9 a subsidi\u00e1ria brasileira da Fiera Milano, um dos maiores grupos internacionais na organiza\u00e7\u00e3o de feiras e congressos, com sede na It\u00e1lia e presen\u00e7a global, respons\u00e1vel por reunir anualmente cerca de 30 mil expositores e mais de cinco milh\u00f5es de visitantes em seus eventos. Com expertise internacional e profundo conhecimento do mercado local, a Fiera Milano Brasil oferece plataformas estrat\u00e9gicas para gera\u00e7\u00e3o de neg\u00f3cios, networking qualificado e lan\u00e7amento de tend\u00eancias, conectando marcas, profissionais e solu\u00e7\u00f5es em ambientes inovadores e altamente profissionais. Realiza, ao todo, dez feiras que abrangem diversos setores da economia, como seguran\u00e7a, energias limpas e renov\u00e1veis, tubos e conex\u00f5es, cabos, sa\u00fade ocupacional, tecnologias em reabilita\u00e7\u00e3o, inclus\u00e3o e acessibilidade, dentre outros. Entre as principais marcas do portf\u00f3lio est\u00e3o Exposec, FISP, Fire Show, Tubotech, Wire Brasil, Reatech Brasil, Congresso Ecoenergy, Fruit Attraction S\u00e3o Paulo \u2014 em parceria com a IFEMA Madrid \u2014, TranspoQuip e Expoparking, em parceria com a BMComm e E-squadria Show \u2014 esta \u00faltima realizada em parceria com a N\u00fcrnbergMesse Brasil.<\/p>\n<p>Mais informa\u00e7\u00f5es:\u00a0<a href=\"http:\/\/www.fieramilanobrasil.com.br\/\">www.fieramilanobrasil.com.br<\/a><\/p>\n<p><strong>Informa\u00e7\u00f5es e pedidos de entrevistas:<\/strong><\/p>\n<p><em><br \/>\nRonaldo Luiz\u00a0<\/em><\/p>\n<p><em>ComResultado [+ de 25 anos no agroneg\u00f3cio]<\/em><\/p>\n<p><a href=\"http:\/\/www.comresultado.com.br\/\"><em>www.comresultado.com.br<\/em><\/a><em>\u00a0<\/em><br \/>\n<a href=\"mailto:contato@comresultado.com.br\"><em>contato@comresultado.com.br<\/em><\/a><em>\u00a0<\/em><br \/>\n<em>(11) 97631-6227<\/em><\/p>\n","protected":false},"excerpt":{"rendered":"<p>3\u00aa. edi\u00e7\u00e3o do evento ocorre na pr\u00f3xima semana, entre ter\u00e7a (24) e quinta (26), na capital paulista; Cooking Show by Observat\u00f3rio da Gastronomia ter\u00e1 ampla programa\u00e7\u00e3o Al\u00e9m da extensa mostra de produtos, tecnologias e servi\u00e7os para a cadeia produtiva da fruticultura e hortali\u00e7as, do conceituado congresso de conte\u00fado e da movimentada rodada de neg\u00f3cios, a&#8230;<\/p>\n","protected":false},"author":3,"featured_media":28739,"comment_status":"closed","ping_status":"closed","sticky":false,"template":"","format":"standard","meta":{"_eb_attr":"","inline_featured_image":false,"footnotes":""},"categories":[90],"tags":[],"class_list":["post-31576","post","type-post","status-publish","format-standard","has-post-thumbnail","hentry","category-release-pt"],"yoast_head":"<!-- This site is optimized with the Yoast SEO plugin v27.1.1 - https:\/\/yoast.com\/product\/yoast-seo-wordpress\/ -->\n<title>Fruit Attraction S\u00e3o Paulo ter\u00e1 espa\u00e7o com experi\u00eancias gastron\u00f4micas exclusivas - Fruit Attraction Sao Paulo | IFEMA MADRID INTERNACIONAL<\/title>\n<meta name=\"robots\" content=\"index, follow, max-snippet:-1, max-image-preview:large, max-video-preview:-1\" \/>\n<link rel=\"canonical\" href=\"https:\/\/www.ifema.es\/fruit-attraction-sao-paulo\/noticias\/fruit-attraction-sao-paulo-tera-espaco-com-experiencias-gastronomicas-exclusivas\/\" \/>\n<meta property=\"og:locale\" content=\"es_ES\" \/>\n<meta property=\"og:type\" content=\"article\" \/>\n<meta property=\"og:title\" content=\"Fruit Attraction S\u00e3o Paulo ter\u00e1 espa\u00e7o com experi\u00eancias gastron\u00f4micas exclusivas - Fruit Attraction Sao Paulo | IFEMA MADRID INTERNACIONAL\" \/>\n<meta property=\"og:description\" content=\"3\u00aa. edi\u00e7\u00e3o do evento ocorre na pr\u00f3xima semana, entre ter\u00e7a (24) e quinta (26), na capital paulista; Cooking Show by Observat\u00f3rio da Gastronomia ter\u00e1 ampla programa\u00e7\u00e3o Al\u00e9m da extensa mostra de produtos, tecnologias e servi\u00e7os para a cadeia produtiva da fruticultura e hortali\u00e7as, do conceituado congresso de conte\u00fado e da movimentada rodada de neg\u00f3cios, a...\" \/>\n<meta property=\"og:url\" content=\"https:\/\/www.ifema.es\/fruit-attraction-sao-paulo\/noticias\/fruit-attraction-sao-paulo-tera-espaco-com-experiencias-gastronomicas-exclusivas\/\" \/>\n<meta property=\"og:site_name\" content=\"Fruit Attraction Sao Paulo | IFEMA MADRID INTERNACIONAL\" \/>\n<meta property=\"article:publisher\" content=\"https:\/\/www.facebook.com\/people\/Fruit-Attraction-So-Paulo\/61553117052718\/\" \/>\n<meta property=\"article:published_time\" content=\"2026-03-20T16:47:17+00:00\" \/>\n<meta property=\"article:modified_time\" content=\"2026-03-20T16:47:31+00:00\" \/>\n<meta property=\"og:image\" content=\"https:\/\/www.ifema.es\/fruit-attraction-sao-paulo\/wp-content\/uploads\/2025\/03\/FRUIT_ATTRACTION_2025_260325_11h_INDY1396.jpg\" \/>\n\t<meta property=\"og:image:width\" content=\"2000\" \/>\n\t<meta property=\"og:image:height\" content=\"1333\" \/>\n\t<meta property=\"og:image:type\" content=\"image\/jpeg\" \/>\n<meta name=\"author\" content=\"Leandro Ursulano\" \/>\n<meta name=\"twitter:card\" content=\"summary_large_image\" \/>\n<meta name=\"twitter:label1\" content=\"Escrito por\" \/>\n\t<meta name=\"twitter:data1\" content=\"Leandro Ursulano\" \/>\n\t<meta name=\"twitter:label2\" content=\"Tiempo de lectura\" \/>\n\t<meta name=\"twitter:data2\" content=\"5 minutes\" \/>\n<script type=\"application\/ld+json\" class=\"yoast-schema-graph\">{\"@context\":\"https:\/\/schema.org\",\"@graph\":[{\"@type\":\"Article\",\"@id\":\"https:\/\/www.ifema.es\/fruit-attraction-sao-paulo\/noticias\/fruit-attraction-sao-paulo-tera-espaco-com-experiencias-gastronomicas-exclusivas\/#article\",\"isPartOf\":{\"@id\":\"https:\/\/www.ifema.es\/fruit-attraction-sao-paulo\/noticias\/fruit-attraction-sao-paulo-tera-espaco-com-experiencias-gastronomicas-exclusivas\/\"},\"author\":{\"name\":\"Leandro Ursulano\",\"@id\":\"https:\/\/www.ifema.es\/fruit-attraction-sao-paulo\/#\/schema\/person\/ca209e86e8182445d0a351c7daabe509\"},\"headline\":\"Fruit Attraction S\u00e3o Paulo ter\u00e1 espa\u00e7o com experi\u00eancias gastron\u00f4micas exclusivas\",\"datePublished\":\"2026-03-20T16:47:17+00:00\",\"dateModified\":\"2026-03-20T16:47:31+00:00\",\"mainEntityOfPage\":{\"@id\":\"https:\/\/www.ifema.es\/fruit-attraction-sao-paulo\/noticias\/fruit-attraction-sao-paulo-tera-espaco-com-experiencias-gastronomicas-exclusivas\/\"},\"wordCount\":1062,\"publisher\":{\"@id\":\"https:\/\/www.ifema.es\/fruit-attraction-sao-paulo\/#organization\"},\"image\":{\"@id\":\"https:\/\/www.ifema.es\/fruit-attraction-sao-paulo\/noticias\/fruit-attraction-sao-paulo-tera-espaco-com-experiencias-gastronomicas-exclusivas\/#primaryimage\"},\"thumbnailUrl\":\"https:\/\/www.ifema.es\/fruit-attraction-sao-paulo\/wp-content\/uploads\/2025\/03\/FRUIT_ATTRACTION_2025_260325_11h_INDY1396.jpg\",\"articleSection\":[\"Release\"],\"inLanguage\":\"es-ES\"},{\"@type\":\"WebPage\",\"@id\":\"https:\/\/www.ifema.es\/fruit-attraction-sao-paulo\/noticias\/fruit-attraction-sao-paulo-tera-espaco-com-experiencias-gastronomicas-exclusivas\/\",\"url\":\"https:\/\/www.ifema.es\/fruit-attraction-sao-paulo\/noticias\/fruit-attraction-sao-paulo-tera-espaco-com-experiencias-gastronomicas-exclusivas\/\",\"name\":\"Fruit Attraction S\u00e3o Paulo ter\u00e1 espa\u00e7o com experi\u00eancias gastron\u00f4micas exclusivas - Fruit Attraction Sao Paulo | IFEMA MADRID INTERNACIONAL\",\"isPartOf\":{\"@id\":\"https:\/\/www.ifema.es\/fruit-attraction-sao-paulo\/#website\"},\"primaryImageOfPage\":{\"@id\":\"https:\/\/www.ifema.es\/fruit-attraction-sao-paulo\/noticias\/fruit-attraction-sao-paulo-tera-espaco-com-experiencias-gastronomicas-exclusivas\/#primaryimage\"},\"image\":{\"@id\":\"https:\/\/www.ifema.es\/fruit-attraction-sao-paulo\/noticias\/fruit-attraction-sao-paulo-tera-espaco-com-experiencias-gastronomicas-exclusivas\/#primaryimage\"},\"thumbnailUrl\":\"https:\/\/www.ifema.es\/fruit-attraction-sao-paulo\/wp-content\/uploads\/2025\/03\/FRUIT_ATTRACTION_2025_260325_11h_INDY1396.jpg\",\"datePublished\":\"2026-03-20T16:47:17+00:00\",\"dateModified\":\"2026-03-20T16:47:31+00:00\",\"inLanguage\":\"es-ES\",\"potentialAction\":[{\"@type\":\"ReadAction\",\"target\":[\"https:\/\/www.ifema.es\/fruit-attraction-sao-paulo\/noticias\/fruit-attraction-sao-paulo-tera-espaco-com-experiencias-gastronomicas-exclusivas\/\"]}]},{\"@type\":\"ImageObject\",\"inLanguage\":\"es-ES\",\"@id\":\"https:\/\/www.ifema.es\/fruit-attraction-sao-paulo\/noticias\/fruit-attraction-sao-paulo-tera-espaco-com-experiencias-gastronomicas-exclusivas\/#primaryimage\",\"url\":\"https:\/\/www.ifema.es\/fruit-attraction-sao-paulo\/wp-content\/uploads\/2025\/03\/FRUIT_ATTRACTION_2025_260325_11h_INDY1396.jpg\",\"contentUrl\":\"https:\/\/www.ifema.es\/fruit-attraction-sao-paulo\/wp-content\/uploads\/2025\/03\/FRUIT_ATTRACTION_2025_260325_11h_INDY1396.jpg\",\"width\":2000,\"height\":1333},{\"@type\":\"WebSite\",\"@id\":\"https:\/\/www.ifema.es\/fruit-attraction-sao-paulo\/#website\",\"url\":\"https:\/\/www.ifema.es\/fruit-attraction-sao-paulo\/\",\"name\":\"Fruit Attraction Sao Paulo | IFEMA MADRID INTERNACIONAL\",\"description\":\"Bienvenido a Fruit Attraction Sao Paulo, la Feria Internacional del Sector de Frutas y Hortalizas. Haz click y descubre todas las novedades de la edici\u00f3n de este a\u00f1o.\",\"publisher\":{\"@id\":\"https:\/\/www.ifema.es\/fruit-attraction-sao-paulo\/#organization\"},\"potentialAction\":[{\"@type\":\"SearchAction\",\"target\":{\"@type\":\"EntryPoint\",\"urlTemplate\":\"https:\/\/www.ifema.es\/fruit-attraction-sao-paulo\/?s={search_term_string}\"},\"query-input\":{\"@type\":\"PropertyValueSpecification\",\"valueRequired\":true,\"valueName\":\"search_term_string\"}}],\"inLanguage\":\"es-ES\"},{\"@type\":\"Organization\",\"@id\":\"https:\/\/www.ifema.es\/fruit-attraction-sao-paulo\/#organization\",\"name\":\"Fruit Attraction Sao Paulo | IFEMA MADRID INTERNACIONAL\",\"url\":\"https:\/\/www.ifema.es\/fruit-attraction-sao-paulo\/\",\"logo\":{\"@type\":\"ImageObject\",\"inLanguage\":\"es-ES\",\"@id\":\"https:\/\/www.ifema.es\/fruit-attraction-sao-paulo\/#\/schema\/logo\/image\/\",\"url\":\"https:\/\/www.ifema.es\/fruit-attraction-sao-paulo\/wp-content\/uploads\/2024\/01\/logo-fruit-attraction-sao-paulo.jpg\",\"contentUrl\":\"https:\/\/www.ifema.es\/fruit-attraction-sao-paulo\/wp-content\/uploads\/2024\/01\/logo-fruit-attraction-sao-paulo.jpg\",\"width\":400,\"height\":300,\"caption\":\"Fruit Attraction Sao Paulo | IFEMA MADRID INTERNACIONAL\"},\"image\":{\"@id\":\"https:\/\/www.ifema.es\/fruit-attraction-sao-paulo\/#\/schema\/logo\/image\/\"},\"sameAs\":[\"https:\/\/www.facebook.com\/people\/Fruit-Attraction-So-Paulo\/61553117052718\/\",\"https:\/\/www.instagram.com\/fruitattraction_saopaulo\/\",\"https:\/\/www.linkedin.com\/company\/fruit-attraction-so-paulo\/\"]},{\"@type\":\"Person\",\"@id\":\"https:\/\/www.ifema.es\/fruit-attraction-sao-paulo\/#\/schema\/person\/ca209e86e8182445d0a351c7daabe509\",\"name\":\"Leandro Ursulano\",\"image\":{\"@type\":\"ImageObject\",\"inLanguage\":\"es-ES\",\"@id\":\"https:\/\/www.ifema.es\/fruit-attraction-sao-paulo\/#\/schema\/person\/image\/\",\"url\":\"https:\/\/secure.gravatar.com\/avatar\/2379260cadc7a1e6f807da70f5c7cb3f423d0394bcad778f6c4a6614e035829d?s=96&d=mm&r=g\",\"contentUrl\":\"https:\/\/secure.gravatar.com\/avatar\/2379260cadc7a1e6f807da70f5c7cb3f423d0394bcad778f6c4a6614e035829d?s=96&d=mm&r=g\",\"caption\":\"Leandro Ursulano\"},\"url\":\"https:\/\/www.ifema.es\/fruit-attraction-sao-paulo\/noticias\/author\/leandro\/\"}]}<\/script>\n<!-- \/ Yoast SEO plugin. -->","yoast_head_json":{"title":"Fruit Attraction S\u00e3o Paulo ter\u00e1 espa\u00e7o com experi\u00eancias gastron\u00f4micas exclusivas - Fruit Attraction Sao Paulo | IFEMA MADRID INTERNACIONAL","robots":{"index":"index","follow":"follow","max-snippet":"max-snippet:-1","max-image-preview":"max-image-preview:large","max-video-preview":"max-video-preview:-1"},"canonical":"https:\/\/www.ifema.es\/fruit-attraction-sao-paulo\/noticias\/fruit-attraction-sao-paulo-tera-espaco-com-experiencias-gastronomicas-exclusivas\/","og_locale":"es_ES","og_type":"article","og_title":"Fruit Attraction S\u00e3o Paulo ter\u00e1 espa\u00e7o com experi\u00eancias gastron\u00f4micas exclusivas - Fruit Attraction Sao Paulo | IFEMA MADRID INTERNACIONAL","og_description":"3\u00aa. edi\u00e7\u00e3o do evento ocorre na pr\u00f3xima semana, entre ter\u00e7a (24) e quinta (26), na capital paulista; Cooking Show by Observat\u00f3rio da Gastronomia ter\u00e1 ampla programa\u00e7\u00e3o Al\u00e9m da extensa mostra de produtos, tecnologias e servi\u00e7os para a cadeia produtiva da fruticultura e hortali\u00e7as, do conceituado congresso de conte\u00fado e da movimentada rodada de neg\u00f3cios, a...","og_url":"https:\/\/www.ifema.es\/fruit-attraction-sao-paulo\/noticias\/fruit-attraction-sao-paulo-tera-espaco-com-experiencias-gastronomicas-exclusivas\/","og_site_name":"Fruit Attraction Sao Paulo | IFEMA MADRID INTERNACIONAL","article_publisher":"https:\/\/www.facebook.com\/people\/Fruit-Attraction-So-Paulo\/61553117052718\/","article_published_time":"2026-03-20T16:47:17+00:00","article_modified_time":"2026-03-20T16:47:31+00:00","og_image":[{"width":2000,"height":1333,"url":"https:\/\/www.ifema.es\/fruit-attraction-sao-paulo\/wp-content\/uploads\/2025\/03\/FRUIT_ATTRACTION_2025_260325_11h_INDY1396.jpg","type":"image\/jpeg"}],"author":"Leandro Ursulano","twitter_card":"summary_large_image","twitter_misc":{"Escrito por":"Leandro Ursulano","Tiempo de lectura":"5 minutes"},"schema":{"@context":"https:\/\/schema.org","@graph":[{"@type":"Article","@id":"https:\/\/www.ifema.es\/fruit-attraction-sao-paulo\/noticias\/fruit-attraction-sao-paulo-tera-espaco-com-experiencias-gastronomicas-exclusivas\/#article","isPartOf":{"@id":"https:\/\/www.ifema.es\/fruit-attraction-sao-paulo\/noticias\/fruit-attraction-sao-paulo-tera-espaco-com-experiencias-gastronomicas-exclusivas\/"},"author":{"name":"Leandro Ursulano","@id":"https:\/\/www.ifema.es\/fruit-attraction-sao-paulo\/#\/schema\/person\/ca209e86e8182445d0a351c7daabe509"},"headline":"Fruit Attraction S\u00e3o Paulo ter\u00e1 espa\u00e7o com experi\u00eancias gastron\u00f4micas exclusivas","datePublished":"2026-03-20T16:47:17+00:00","dateModified":"2026-03-20T16:47:31+00:00","mainEntityOfPage":{"@id":"https:\/\/www.ifema.es\/fruit-attraction-sao-paulo\/noticias\/fruit-attraction-sao-paulo-tera-espaco-com-experiencias-gastronomicas-exclusivas\/"},"wordCount":1062,"publisher":{"@id":"https:\/\/www.ifema.es\/fruit-attraction-sao-paulo\/#organization"},"image":{"@id":"https:\/\/www.ifema.es\/fruit-attraction-sao-paulo\/noticias\/fruit-attraction-sao-paulo-tera-espaco-com-experiencias-gastronomicas-exclusivas\/#primaryimage"},"thumbnailUrl":"https:\/\/www.ifema.es\/fruit-attraction-sao-paulo\/wp-content\/uploads\/2025\/03\/FRUIT_ATTRACTION_2025_260325_11h_INDY1396.jpg","articleSection":["Release"],"inLanguage":"es-ES"},{"@type":"WebPage","@id":"https:\/\/www.ifema.es\/fruit-attraction-sao-paulo\/noticias\/fruit-attraction-sao-paulo-tera-espaco-com-experiencias-gastronomicas-exclusivas\/","url":"https:\/\/www.ifema.es\/fruit-attraction-sao-paulo\/noticias\/fruit-attraction-sao-paulo-tera-espaco-com-experiencias-gastronomicas-exclusivas\/","name":"Fruit Attraction S\u00e3o Paulo ter\u00e1 espa\u00e7o com experi\u00eancias gastron\u00f4micas exclusivas - Fruit Attraction Sao Paulo | IFEMA MADRID INTERNACIONAL","isPartOf":{"@id":"https:\/\/www.ifema.es\/fruit-attraction-sao-paulo\/#website"},"primaryImageOfPage":{"@id":"https:\/\/www.ifema.es\/fruit-attraction-sao-paulo\/noticias\/fruit-attraction-sao-paulo-tera-espaco-com-experiencias-gastronomicas-exclusivas\/#primaryimage"},"image":{"@id":"https:\/\/www.ifema.es\/fruit-attraction-sao-paulo\/noticias\/fruit-attraction-sao-paulo-tera-espaco-com-experiencias-gastronomicas-exclusivas\/#primaryimage"},"thumbnailUrl":"https:\/\/www.ifema.es\/fruit-attraction-sao-paulo\/wp-content\/uploads\/2025\/03\/FRUIT_ATTRACTION_2025_260325_11h_INDY1396.jpg","datePublished":"2026-03-20T16:47:17+00:00","dateModified":"2026-03-20T16:47:31+00:00","inLanguage":"es-ES","potentialAction":[{"@type":"ReadAction","target":["https:\/\/www.ifema.es\/fruit-attraction-sao-paulo\/noticias\/fruit-attraction-sao-paulo-tera-espaco-com-experiencias-gastronomicas-exclusivas\/"]}]},{"@type":"ImageObject","inLanguage":"es-ES","@id":"https:\/\/www.ifema.es\/fruit-attraction-sao-paulo\/noticias\/fruit-attraction-sao-paulo-tera-espaco-com-experiencias-gastronomicas-exclusivas\/#primaryimage","url":"https:\/\/www.ifema.es\/fruit-attraction-sao-paulo\/wp-content\/uploads\/2025\/03\/FRUIT_ATTRACTION_2025_260325_11h_INDY1396.jpg","contentUrl":"https:\/\/www.ifema.es\/fruit-attraction-sao-paulo\/wp-content\/uploads\/2025\/03\/FRUIT_ATTRACTION_2025_260325_11h_INDY1396.jpg","width":2000,"height":1333},{"@type":"WebSite","@id":"https:\/\/www.ifema.es\/fruit-attraction-sao-paulo\/#website","url":"https:\/\/www.ifema.es\/fruit-attraction-sao-paulo\/","name":"Fruit Attraction Sao Paulo | IFEMA MADRID INTERNACIONAL","description":"Bienvenido a Fruit Attraction Sao Paulo, la Feria Internacional del Sector de Frutas y Hortalizas. Haz click y descubre todas las novedades de la edici\u00f3n de este a\u00f1o.","publisher":{"@id":"https:\/\/www.ifema.es\/fruit-attraction-sao-paulo\/#organization"},"potentialAction":[{"@type":"SearchAction","target":{"@type":"EntryPoint","urlTemplate":"https:\/\/www.ifema.es\/fruit-attraction-sao-paulo\/?s={search_term_string}"},"query-input":{"@type":"PropertyValueSpecification","valueRequired":true,"valueName":"search_term_string"}}],"inLanguage":"es-ES"},{"@type":"Organization","@id":"https:\/\/www.ifema.es\/fruit-attraction-sao-paulo\/#organization","name":"Fruit Attraction Sao Paulo | IFEMA MADRID INTERNACIONAL","url":"https:\/\/www.ifema.es\/fruit-attraction-sao-paulo\/","logo":{"@type":"ImageObject","inLanguage":"es-ES","@id":"https:\/\/www.ifema.es\/fruit-attraction-sao-paulo\/#\/schema\/logo\/image\/","url":"https:\/\/www.ifema.es\/fruit-attraction-sao-paulo\/wp-content\/uploads\/2024\/01\/logo-fruit-attraction-sao-paulo.jpg","contentUrl":"https:\/\/www.ifema.es\/fruit-attraction-sao-paulo\/wp-content\/uploads\/2024\/01\/logo-fruit-attraction-sao-paulo.jpg","width":400,"height":300,"caption":"Fruit Attraction Sao Paulo | IFEMA MADRID INTERNACIONAL"},"image":{"@id":"https:\/\/www.ifema.es\/fruit-attraction-sao-paulo\/#\/schema\/logo\/image\/"},"sameAs":["https:\/\/www.facebook.com\/people\/Fruit-Attraction-So-Paulo\/61553117052718\/","https:\/\/www.instagram.com\/fruitattraction_saopaulo\/","https:\/\/www.linkedin.com\/company\/fruit-attraction-so-paulo\/"]},{"@type":"Person","@id":"https:\/\/www.ifema.es\/fruit-attraction-sao-paulo\/#\/schema\/person\/ca209e86e8182445d0a351c7daabe509","name":"Leandro Ursulano","image":{"@type":"ImageObject","inLanguage":"es-ES","@id":"https:\/\/www.ifema.es\/fruit-attraction-sao-paulo\/#\/schema\/person\/image\/","url":"https:\/\/secure.gravatar.com\/avatar\/2379260cadc7a1e6f807da70f5c7cb3f423d0394bcad778f6c4a6614e035829d?s=96&d=mm&r=g","contentUrl":"https:\/\/secure.gravatar.com\/avatar\/2379260cadc7a1e6f807da70f5c7cb3f423d0394bcad778f6c4a6614e035829d?s=96&d=mm&r=g","caption":"Leandro Ursulano"},"url":"https:\/\/www.ifema.es\/fruit-attraction-sao-paulo\/noticias\/author\/leandro\/"}]}},"_links":{"self":[{"href":"https:\/\/www.ifema.es\/fruit-attraction-sao-paulo\/wp-json\/wp\/v2\/posts\/31576","targetHints":{"allow":["GET"]}}],"collection":[{"href":"https:\/\/www.ifema.es\/fruit-attraction-sao-paulo\/wp-json\/wp\/v2\/posts"}],"about":[{"href":"https:\/\/www.ifema.es\/fruit-attraction-sao-paulo\/wp-json\/wp\/v2\/types\/post"}],"author":[{"embeddable":true,"href":"https:\/\/www.ifema.es\/fruit-attraction-sao-paulo\/wp-json\/wp\/v2\/users\/3"}],"replies":[{"embeddable":true,"href":"https:\/\/www.ifema.es\/fruit-attraction-sao-paulo\/wp-json\/wp\/v2\/comments?post=31576"}],"version-history":[{"count":1,"href":"https:\/\/www.ifema.es\/fruit-attraction-sao-paulo\/wp-json\/wp\/v2\/posts\/31576\/revisions"}],"predecessor-version":[{"id":31577,"href":"https:\/\/www.ifema.es\/fruit-attraction-sao-paulo\/wp-json\/wp\/v2\/posts\/31576\/revisions\/31577"}],"wp:featuredmedia":[{"embeddable":true,"href":"https:\/\/www.ifema.es\/fruit-attraction-sao-paulo\/wp-json\/wp\/v2\/media\/28739"}],"wp:attachment":[{"href":"https:\/\/www.ifema.es\/fruit-attraction-sao-paulo\/wp-json\/wp\/v2\/media?parent=31576"}],"wp:term":[{"taxonomy":"category","embeddable":true,"href":"https:\/\/www.ifema.es\/fruit-attraction-sao-paulo\/wp-json\/wp\/v2\/categories?post=31576"},{"taxonomy":"post_tag","embeddable":true,"href":"https:\/\/www.ifema.es\/fruit-attraction-sao-paulo\/wp-json\/wp\/v2\/tags?post=31576"}],"curies":[{"name":"wp","href":"https:\/\/api.w.org\/{rel}","templated":true}]}}