{"id":31453,"date":"2026-03-17T14:47:20","date_gmt":"2026-03-17T13:47:20","guid":{"rendered":"https:\/\/www.ifema.es\/fruit-attraction-sao-paulo\/?p=31453"},"modified":"2026-03-17T14:47:20","modified_gmt":"2026-03-17T13:47:20","slug":"ciclonor-confirma-participacao-na-fruit-attraction-sao-paulo-2026-com-foco-em-conexoes-globais","status":"publish","type":"post","link":"https:\/\/www.ifema.es\/fruit-attraction-sao-paulo\/noticias\/ciclonor-confirma-participacao-na-fruit-attraction-sao-paulo-2026-com-foco-em-conexoes-globais\/","title":{"rendered":"CICLONOR CONFIRMA PARTICIPA\u00c7\u00c3O NA FRUIT ATTRACTION S\u00c3O PAULO 2026 COM FOCO EM CONEX\u00d5ES GLOBAIS"},"content":{"rendered":"<p class=\"p2\"><span class=\"s1\"><span class=\"Apple-converted-space\">\u00a0<\/span><\/span><b>S\u00c3O PAULO, BRASIL \u2013 A Ciclonor, empresa especializada em trading e intelig\u00eancia operacional de frutas frescas e secas, anuncia sua participa\u00e7\u00e3o oficial na Fruit Attraction S\u00e3o Paulo 2026. Localizada no stand A29\/B28, a empresa apresentar\u00e1 suas solu\u00e7\u00f5es integradas que conectam os produtores parceiros aos principais mercados do mundo.<span class=\"Apple-converted-space\">\u00a0<\/span><\/b><\/p>\n<p class=\"p2\">Com uma estrutura que une expertise log\u00edstica e gest\u00e3o financeira robusta, a Ciclonor se destaca no setor por oferecer seguran\u00e7a e previsibilidade em um mercado din\u00e2mico. Para a edi\u00e7\u00e3o de 2026, a empresa traz como diferencial o fortalecimento de sua rede de parceiros estrat\u00e9gicos, incluindo produtores de alta performance e operadores log\u00edsticos especializados.<span class=\"Apple-converted-space\">\u00a0<\/span><\/p>\n<p class=\"p2\"><i>&#8220;Nossa miss\u00e3o nesta feira \u00e9 demonstrar como a Ciclonor atua como o elo de confian\u00e7a na cadeia de importa\u00e7\u00e3o e exporta\u00e7\u00e3o. N\u00e3o entregamos apenas frutas; entregamos uma opera\u00e7\u00e3o blindada, onde a informa\u00e7\u00e3o e a transpar\u00eancia s\u00e3o os pilares para o crescimento dos nossos parceiros&#8221;, afirma a diretoria da Ciclonor.<span class=\"Apple-converted-space\">\u00a0<\/span><\/i><\/p>\n<p class=\"p2\"><b>Destaques da Ciclonor na Fruit Attraction 2026:<span class=\"Apple-converted-space\">\u00a0<\/span><\/b><\/p>\n<ul class=\"ul1\">\n<li class=\"li3\"><b>Intelig\u00eancia Operacional: Monitoramento de carga e atualiza\u00e7\u00e3o sistem\u00e1tica de status para total transpar\u00eancia.<span class=\"Apple-converted-space\">\u00a0<\/span><\/b><\/li>\n<li class=\"li3\"><b>Expans\u00e3o de Mercados: Foco estrat\u00e9gico em novas rotas comerciais e consolida\u00e7\u00e3o de clientes globais.<span class=\"Apple-converted-space\">\u00a0<\/span><\/b><\/li>\n<li class=\"li2\"><b>Networking Estrat\u00e9gico: Presen\u00e7a de parceiros-chave no stand para fomentar neg\u00f3cios diretos.<span class=\"Apple-converted-space\">\u00a0<\/span><\/b><\/li>\n<\/ul>\n<p class=\"p2\">Os visitantes e profissionais do setor est\u00e3o convidados a conhecer de perto o modelo de neg\u00f3cio da Ciclonor, que alia o DNA familiar com uma vis\u00e3o de mercado moderna e profissionalizada.<span class=\"Apple-converted-space\">\u00a0<\/span><\/p>\n<p class=\"p2\"><b>Sobre a Ciclonor: Sediada em S\u00e3o Paulo\/SP, a Ciclonor \u00e9 uma trading dedicada \u00e0 importa\u00e7\u00e3o e exporta\u00e7\u00e3o de frutas, focada em otimizar a conex\u00e3o entre a produ\u00e7\u00e3o e a demanda do mercado atrav\u00e9s de intelig\u00eancia estrat\u00e9gica, marketing e efici\u00eancia operacional.<span class=\"Apple-converted-space\">\u00a0<\/span><\/b><\/p>\n<p class=\"p2\"><b>Informa\u00e7\u00f5es para a Imprensa: Matheus Fernandes \u2013 Estrat\u00e9gia e Comunica\u00e7\u00e3o E-mail: adm@ciclonor.com Site: ciclonor.com Instagram: @ciclonorfrutas<span class=\"Apple-converted-space\">\u00a0<\/span><\/b><\/p>\n","protected":false},"excerpt":{"rendered":"<p>\u00a0S\u00c3O PAULO, BRASIL \u2013 A Ciclonor, empresa especializada em trading e intelig\u00eancia operacional de frutas frescas e secas, anuncia sua participa\u00e7\u00e3o oficial na Fruit Attraction S\u00e3o Paulo 2026. Localizada no stand A29\/B28, a empresa apresentar\u00e1 suas solu\u00e7\u00f5es integradas que conectam os produtores parceiros aos principais mercados do mundo.\u00a0 Com uma estrutura que une expertise log\u00edstica&#8230;<\/p>\n","protected":false},"author":3,"featured_media":31457,"comment_status":"closed","ping_status":"closed","sticky":false,"template":"","format":"standard","meta":{"_eb_attr":"","inline_featured_image":false,"footnotes":""},"categories":[104],"tags":[],"class_list":["post-31453","post","type-post","status-publish","format-standard","has-post-thumbnail","hentry","category-canal-fruit-attraction"],"yoast_head":"<!-- This site is optimized with the Yoast SEO plugin v27.1.1 - https:\/\/yoast.com\/product\/yoast-seo-wordpress\/ -->\n<title>CICLONOR CONFIRMA PARTICIPA\u00c7\u00c3O NA FRUIT ATTRACTION S\u00c3O PAULO 2026 COM FOCO EM CONEX\u00d5ES GLOBAIS - Fruit Attraction Sao Paulo | IFEMA MADRID INTERNACIONAL<\/title>\n<meta name=\"robots\" content=\"index, follow, max-snippet:-1, max-image-preview:large, max-video-preview:-1\" \/>\n<link rel=\"canonical\" href=\"https:\/\/www.ifema.es\/fruit-attraction-sao-paulo\/noticias\/ciclonor-confirma-participacao-na-fruit-attraction-sao-paulo-2026-com-foco-em-conexoes-globais\/\" \/>\n<meta property=\"og:locale\" content=\"es_ES\" \/>\n<meta property=\"og:type\" content=\"article\" \/>\n<meta property=\"og:title\" content=\"CICLONOR CONFIRMA PARTICIPA\u00c7\u00c3O NA FRUIT ATTRACTION S\u00c3O PAULO 2026 COM FOCO EM CONEX\u00d5ES GLOBAIS - Fruit Attraction Sao Paulo | IFEMA MADRID INTERNACIONAL\" \/>\n<meta property=\"og:description\" content=\"\u00a0S\u00c3O PAULO, BRASIL \u2013 A Ciclonor, empresa especializada em trading e intelig\u00eancia operacional de frutas frescas e secas, anuncia sua participa\u00e7\u00e3o oficial na Fruit Attraction S\u00e3o Paulo 2026. Localizada no stand A29\/B28, a empresa apresentar\u00e1 suas solu\u00e7\u00f5es integradas que conectam os produtores parceiros aos principais mercados do mundo.\u00a0 Com uma estrutura que une expertise log\u00edstica...\" \/>\n<meta property=\"og:url\" content=\"https:\/\/www.ifema.es\/fruit-attraction-sao-paulo\/noticias\/ciclonor-confirma-participacao-na-fruit-attraction-sao-paulo-2026-com-foco-em-conexoes-globais\/\" \/>\n<meta property=\"og:site_name\" content=\"Fruit Attraction Sao Paulo | IFEMA MADRID INTERNACIONAL\" \/>\n<meta property=\"article:publisher\" content=\"https:\/\/www.facebook.com\/people\/Fruit-Attraction-So-Paulo\/61553117052718\/\" \/>\n<meta property=\"article:published_time\" content=\"2026-03-17T13:47:20+00:00\" \/>\n<meta property=\"og:image\" content=\"https:\/\/www.ifema.es\/fruit-attraction-sao-paulo\/wp-content\/uploads\/2026\/03\/ciclonorFrutasFrontW.png\" \/>\n\t<meta property=\"og:image:width\" content=\"1200\" \/>\n\t<meta property=\"og:image:height\" content=\"595\" \/>\n\t<meta property=\"og:image:type\" content=\"image\/png\" \/>\n<meta name=\"author\" content=\"Leandro Ursulano\" \/>\n<meta name=\"twitter:card\" content=\"summary_large_image\" \/>\n<meta name=\"twitter:label1\" content=\"Escrito por\" \/>\n\t<meta name=\"twitter:data1\" content=\"Leandro Ursulano\" \/>\n\t<meta name=\"twitter:label2\" content=\"Tiempo de lectura\" \/>\n\t<meta name=\"twitter:data2\" content=\"2 minutes\" \/>\n<script type=\"application\/ld+json\" class=\"yoast-schema-graph\">{\"@context\":\"https:\/\/schema.org\",\"@graph\":[{\"@type\":\"Article\",\"@id\":\"https:\/\/www.ifema.es\/fruit-attraction-sao-paulo\/noticias\/ciclonor-confirma-participacao-na-fruit-attraction-sao-paulo-2026-com-foco-em-conexoes-globais\/#article\",\"isPartOf\":{\"@id\":\"https:\/\/www.ifema.es\/fruit-attraction-sao-paulo\/noticias\/ciclonor-confirma-participacao-na-fruit-attraction-sao-paulo-2026-com-foco-em-conexoes-globais\/\"},\"author\":{\"name\":\"Leandro Ursulano\",\"@id\":\"https:\/\/www.ifema.es\/fruit-attraction-sao-paulo\/#\/schema\/person\/ca209e86e8182445d0a351c7daabe509\"},\"headline\":\"CICLONOR CONFIRMA PARTICIPA\u00c7\u00c3O NA FRUIT ATTRACTION S\u00c3O PAULO 2026 COM FOCO EM CONEX\u00d5ES GLOBAIS\",\"datePublished\":\"2026-03-17T13:47:20+00:00\",\"mainEntityOfPage\":{\"@id\":\"https:\/\/www.ifema.es\/fruit-attraction-sao-paulo\/noticias\/ciclonor-confirma-participacao-na-fruit-attraction-sao-paulo-2026-com-foco-em-conexoes-globais\/\"},\"wordCount\":341,\"publisher\":{\"@id\":\"https:\/\/www.ifema.es\/fruit-attraction-sao-paulo\/#organization\"},\"image\":{\"@id\":\"https:\/\/www.ifema.es\/fruit-attraction-sao-paulo\/noticias\/ciclonor-confirma-participacao-na-fruit-attraction-sao-paulo-2026-com-foco-em-conexoes-globais\/#primaryimage\"},\"thumbnailUrl\":\"https:\/\/www.ifema.es\/fruit-attraction-sao-paulo\/wp-content\/uploads\/2026\/03\/ciclonorFrutasFrontW.png\",\"articleSection\":[\"Canal Fruit Attraction\"],\"inLanguage\":\"es-ES\"},{\"@type\":\"WebPage\",\"@id\":\"https:\/\/www.ifema.es\/fruit-attraction-sao-paulo\/noticias\/ciclonor-confirma-participacao-na-fruit-attraction-sao-paulo-2026-com-foco-em-conexoes-globais\/\",\"url\":\"https:\/\/www.ifema.es\/fruit-attraction-sao-paulo\/noticias\/ciclonor-confirma-participacao-na-fruit-attraction-sao-paulo-2026-com-foco-em-conexoes-globais\/\",\"name\":\"CICLONOR CONFIRMA PARTICIPA\u00c7\u00c3O NA FRUIT ATTRACTION S\u00c3O PAULO 2026 COM FOCO EM CONEX\u00d5ES GLOBAIS - Fruit Attraction Sao Paulo | IFEMA MADRID INTERNACIONAL\",\"isPartOf\":{\"@id\":\"https:\/\/www.ifema.es\/fruit-attraction-sao-paulo\/#website\"},\"primaryImageOfPage\":{\"@id\":\"https:\/\/www.ifema.es\/fruit-attraction-sao-paulo\/noticias\/ciclonor-confirma-participacao-na-fruit-attraction-sao-paulo-2026-com-foco-em-conexoes-globais\/#primaryimage\"},\"image\":{\"@id\":\"https:\/\/www.ifema.es\/fruit-attraction-sao-paulo\/noticias\/ciclonor-confirma-participacao-na-fruit-attraction-sao-paulo-2026-com-foco-em-conexoes-globais\/#primaryimage\"},\"thumbnailUrl\":\"https:\/\/www.ifema.es\/fruit-attraction-sao-paulo\/wp-content\/uploads\/2026\/03\/ciclonorFrutasFrontW.png\",\"datePublished\":\"2026-03-17T13:47:20+00:00\",\"inLanguage\":\"es-ES\",\"potentialAction\":[{\"@type\":\"ReadAction\",\"target\":[\"https:\/\/www.ifema.es\/fruit-attraction-sao-paulo\/noticias\/ciclonor-confirma-participacao-na-fruit-attraction-sao-paulo-2026-com-foco-em-conexoes-globais\/\"]}]},{\"@type\":\"ImageObject\",\"inLanguage\":\"es-ES\",\"@id\":\"https:\/\/www.ifema.es\/fruit-attraction-sao-paulo\/noticias\/ciclonor-confirma-participacao-na-fruit-attraction-sao-paulo-2026-com-foco-em-conexoes-globais\/#primaryimage\",\"url\":\"https:\/\/www.ifema.es\/fruit-attraction-sao-paulo\/wp-content\/uploads\/2026\/03\/ciclonorFrutasFrontW.png\",\"contentUrl\":\"https:\/\/www.ifema.es\/fruit-attraction-sao-paulo\/wp-content\/uploads\/2026\/03\/ciclonorFrutasFrontW.png\",\"width\":1200,\"height\":595},{\"@type\":\"WebSite\",\"@id\":\"https:\/\/www.ifema.es\/fruit-attraction-sao-paulo\/#website\",\"url\":\"https:\/\/www.ifema.es\/fruit-attraction-sao-paulo\/\",\"name\":\"Fruit Attraction Sao Paulo | IFEMA MADRID INTERNACIONAL\",\"description\":\"Bienvenido a Fruit Attraction Sao Paulo, la Feria Internacional del Sector de Frutas y Hortalizas. Haz click y descubre todas las novedades de la edici\u00f3n de este a\u00f1o.\",\"publisher\":{\"@id\":\"https:\/\/www.ifema.es\/fruit-attraction-sao-paulo\/#organization\"},\"potentialAction\":[{\"@type\":\"SearchAction\",\"target\":{\"@type\":\"EntryPoint\",\"urlTemplate\":\"https:\/\/www.ifema.es\/fruit-attraction-sao-paulo\/?s={search_term_string}\"},\"query-input\":{\"@type\":\"PropertyValueSpecification\",\"valueRequired\":true,\"valueName\":\"search_term_string\"}}],\"inLanguage\":\"es-ES\"},{\"@type\":\"Organization\",\"@id\":\"https:\/\/www.ifema.es\/fruit-attraction-sao-paulo\/#organization\",\"name\":\"Fruit Attraction Sao Paulo | IFEMA MADRID INTERNACIONAL\",\"url\":\"https:\/\/www.ifema.es\/fruit-attraction-sao-paulo\/\",\"logo\":{\"@type\":\"ImageObject\",\"inLanguage\":\"es-ES\",\"@id\":\"https:\/\/www.ifema.es\/fruit-attraction-sao-paulo\/#\/schema\/logo\/image\/\",\"url\":\"https:\/\/www.ifema.es\/fruit-attraction-sao-paulo\/wp-content\/uploads\/2024\/01\/logo-fruit-attraction-sao-paulo.jpg\",\"contentUrl\":\"https:\/\/www.ifema.es\/fruit-attraction-sao-paulo\/wp-content\/uploads\/2024\/01\/logo-fruit-attraction-sao-paulo.jpg\",\"width\":400,\"height\":300,\"caption\":\"Fruit Attraction Sao Paulo | IFEMA MADRID INTERNACIONAL\"},\"image\":{\"@id\":\"https:\/\/www.ifema.es\/fruit-attraction-sao-paulo\/#\/schema\/logo\/image\/\"},\"sameAs\":[\"https:\/\/www.facebook.com\/people\/Fruit-Attraction-So-Paulo\/61553117052718\/\",\"https:\/\/www.instagram.com\/fruitattraction_saopaulo\/\",\"https:\/\/www.linkedin.com\/company\/fruit-attraction-so-paulo\/\"]},{\"@type\":\"Person\",\"@id\":\"https:\/\/www.ifema.es\/fruit-attraction-sao-paulo\/#\/schema\/person\/ca209e86e8182445d0a351c7daabe509\",\"name\":\"Leandro Ursulano\",\"image\":{\"@type\":\"ImageObject\",\"inLanguage\":\"es-ES\",\"@id\":\"https:\/\/www.ifema.es\/fruit-attraction-sao-paulo\/#\/schema\/person\/image\/\",\"url\":\"https:\/\/secure.gravatar.com\/avatar\/2379260cadc7a1e6f807da70f5c7cb3f423d0394bcad778f6c4a6614e035829d?s=96&d=mm&r=g\",\"contentUrl\":\"https:\/\/secure.gravatar.com\/avatar\/2379260cadc7a1e6f807da70f5c7cb3f423d0394bcad778f6c4a6614e035829d?s=96&d=mm&r=g\",\"caption\":\"Leandro Ursulano\"},\"url\":\"https:\/\/www.ifema.es\/fruit-attraction-sao-paulo\/noticias\/author\/leandro\/\"}]}<\/script>\n<!-- \/ Yoast SEO plugin. -->","yoast_head_json":{"title":"CICLONOR CONFIRMA PARTICIPA\u00c7\u00c3O NA FRUIT ATTRACTION S\u00c3O PAULO 2026 COM FOCO EM CONEX\u00d5ES GLOBAIS - Fruit Attraction Sao Paulo | IFEMA MADRID INTERNACIONAL","robots":{"index":"index","follow":"follow","max-snippet":"max-snippet:-1","max-image-preview":"max-image-preview:large","max-video-preview":"max-video-preview:-1"},"canonical":"https:\/\/www.ifema.es\/fruit-attraction-sao-paulo\/noticias\/ciclonor-confirma-participacao-na-fruit-attraction-sao-paulo-2026-com-foco-em-conexoes-globais\/","og_locale":"es_ES","og_type":"article","og_title":"CICLONOR CONFIRMA PARTICIPA\u00c7\u00c3O NA FRUIT ATTRACTION S\u00c3O PAULO 2026 COM FOCO EM CONEX\u00d5ES GLOBAIS - Fruit Attraction Sao Paulo | IFEMA MADRID INTERNACIONAL","og_description":"\u00a0S\u00c3O PAULO, BRASIL \u2013 A Ciclonor, empresa especializada em trading e intelig\u00eancia operacional de frutas frescas e secas, anuncia sua participa\u00e7\u00e3o oficial na Fruit Attraction S\u00e3o Paulo 2026. Localizada no stand A29\/B28, a empresa apresentar\u00e1 suas solu\u00e7\u00f5es integradas que conectam os produtores parceiros aos principais mercados do mundo.\u00a0 Com uma estrutura que une expertise log\u00edstica...","og_url":"https:\/\/www.ifema.es\/fruit-attraction-sao-paulo\/noticias\/ciclonor-confirma-participacao-na-fruit-attraction-sao-paulo-2026-com-foco-em-conexoes-globais\/","og_site_name":"Fruit Attraction Sao Paulo | IFEMA MADRID INTERNACIONAL","article_publisher":"https:\/\/www.facebook.com\/people\/Fruit-Attraction-So-Paulo\/61553117052718\/","article_published_time":"2026-03-17T13:47:20+00:00","og_image":[{"width":1200,"height":595,"url":"https:\/\/www.ifema.es\/fruit-attraction-sao-paulo\/wp-content\/uploads\/2026\/03\/ciclonorFrutasFrontW.png","type":"image\/png"}],"author":"Leandro Ursulano","twitter_card":"summary_large_image","twitter_misc":{"Escrito por":"Leandro Ursulano","Tiempo de lectura":"2 minutes"},"schema":{"@context":"https:\/\/schema.org","@graph":[{"@type":"Article","@id":"https:\/\/www.ifema.es\/fruit-attraction-sao-paulo\/noticias\/ciclonor-confirma-participacao-na-fruit-attraction-sao-paulo-2026-com-foco-em-conexoes-globais\/#article","isPartOf":{"@id":"https:\/\/www.ifema.es\/fruit-attraction-sao-paulo\/noticias\/ciclonor-confirma-participacao-na-fruit-attraction-sao-paulo-2026-com-foco-em-conexoes-globais\/"},"author":{"name":"Leandro Ursulano","@id":"https:\/\/www.ifema.es\/fruit-attraction-sao-paulo\/#\/schema\/person\/ca209e86e8182445d0a351c7daabe509"},"headline":"CICLONOR CONFIRMA PARTICIPA\u00c7\u00c3O NA FRUIT ATTRACTION S\u00c3O PAULO 2026 COM FOCO EM CONEX\u00d5ES GLOBAIS","datePublished":"2026-03-17T13:47:20+00:00","mainEntityOfPage":{"@id":"https:\/\/www.ifema.es\/fruit-attraction-sao-paulo\/noticias\/ciclonor-confirma-participacao-na-fruit-attraction-sao-paulo-2026-com-foco-em-conexoes-globais\/"},"wordCount":341,"publisher":{"@id":"https:\/\/www.ifema.es\/fruit-attraction-sao-paulo\/#organization"},"image":{"@id":"https:\/\/www.ifema.es\/fruit-attraction-sao-paulo\/noticias\/ciclonor-confirma-participacao-na-fruit-attraction-sao-paulo-2026-com-foco-em-conexoes-globais\/#primaryimage"},"thumbnailUrl":"https:\/\/www.ifema.es\/fruit-attraction-sao-paulo\/wp-content\/uploads\/2026\/03\/ciclonorFrutasFrontW.png","articleSection":["Canal Fruit Attraction"],"inLanguage":"es-ES"},{"@type":"WebPage","@id":"https:\/\/www.ifema.es\/fruit-attraction-sao-paulo\/noticias\/ciclonor-confirma-participacao-na-fruit-attraction-sao-paulo-2026-com-foco-em-conexoes-globais\/","url":"https:\/\/www.ifema.es\/fruit-attraction-sao-paulo\/noticias\/ciclonor-confirma-participacao-na-fruit-attraction-sao-paulo-2026-com-foco-em-conexoes-globais\/","name":"CICLONOR CONFIRMA PARTICIPA\u00c7\u00c3O NA FRUIT ATTRACTION S\u00c3O PAULO 2026 COM FOCO EM CONEX\u00d5ES GLOBAIS - Fruit Attraction Sao Paulo | IFEMA MADRID INTERNACIONAL","isPartOf":{"@id":"https:\/\/www.ifema.es\/fruit-attraction-sao-paulo\/#website"},"primaryImageOfPage":{"@id":"https:\/\/www.ifema.es\/fruit-attraction-sao-paulo\/noticias\/ciclonor-confirma-participacao-na-fruit-attraction-sao-paulo-2026-com-foco-em-conexoes-globais\/#primaryimage"},"image":{"@id":"https:\/\/www.ifema.es\/fruit-attraction-sao-paulo\/noticias\/ciclonor-confirma-participacao-na-fruit-attraction-sao-paulo-2026-com-foco-em-conexoes-globais\/#primaryimage"},"thumbnailUrl":"https:\/\/www.ifema.es\/fruit-attraction-sao-paulo\/wp-content\/uploads\/2026\/03\/ciclonorFrutasFrontW.png","datePublished":"2026-03-17T13:47:20+00:00","inLanguage":"es-ES","potentialAction":[{"@type":"ReadAction","target":["https:\/\/www.ifema.es\/fruit-attraction-sao-paulo\/noticias\/ciclonor-confirma-participacao-na-fruit-attraction-sao-paulo-2026-com-foco-em-conexoes-globais\/"]}]},{"@type":"ImageObject","inLanguage":"es-ES","@id":"https:\/\/www.ifema.es\/fruit-attraction-sao-paulo\/noticias\/ciclonor-confirma-participacao-na-fruit-attraction-sao-paulo-2026-com-foco-em-conexoes-globais\/#primaryimage","url":"https:\/\/www.ifema.es\/fruit-attraction-sao-paulo\/wp-content\/uploads\/2026\/03\/ciclonorFrutasFrontW.png","contentUrl":"https:\/\/www.ifema.es\/fruit-attraction-sao-paulo\/wp-content\/uploads\/2026\/03\/ciclonorFrutasFrontW.png","width":1200,"height":595},{"@type":"WebSite","@id":"https:\/\/www.ifema.es\/fruit-attraction-sao-paulo\/#website","url":"https:\/\/www.ifema.es\/fruit-attraction-sao-paulo\/","name":"Fruit Attraction Sao Paulo | IFEMA MADRID INTERNACIONAL","description":"Bienvenido a Fruit Attraction Sao Paulo, la Feria Internacional del Sector de Frutas y Hortalizas. Haz click y descubre todas las novedades de la edici\u00f3n de este a\u00f1o.","publisher":{"@id":"https:\/\/www.ifema.es\/fruit-attraction-sao-paulo\/#organization"},"potentialAction":[{"@type":"SearchAction","target":{"@type":"EntryPoint","urlTemplate":"https:\/\/www.ifema.es\/fruit-attraction-sao-paulo\/?s={search_term_string}"},"query-input":{"@type":"PropertyValueSpecification","valueRequired":true,"valueName":"search_term_string"}}],"inLanguage":"es-ES"},{"@type":"Organization","@id":"https:\/\/www.ifema.es\/fruit-attraction-sao-paulo\/#organization","name":"Fruit Attraction Sao Paulo | IFEMA MADRID INTERNACIONAL","url":"https:\/\/www.ifema.es\/fruit-attraction-sao-paulo\/","logo":{"@type":"ImageObject","inLanguage":"es-ES","@id":"https:\/\/www.ifema.es\/fruit-attraction-sao-paulo\/#\/schema\/logo\/image\/","url":"https:\/\/www.ifema.es\/fruit-attraction-sao-paulo\/wp-content\/uploads\/2024\/01\/logo-fruit-attraction-sao-paulo.jpg","contentUrl":"https:\/\/www.ifema.es\/fruit-attraction-sao-paulo\/wp-content\/uploads\/2024\/01\/logo-fruit-attraction-sao-paulo.jpg","width":400,"height":300,"caption":"Fruit Attraction Sao Paulo | IFEMA MADRID INTERNACIONAL"},"image":{"@id":"https:\/\/www.ifema.es\/fruit-attraction-sao-paulo\/#\/schema\/logo\/image\/"},"sameAs":["https:\/\/www.facebook.com\/people\/Fruit-Attraction-So-Paulo\/61553117052718\/","https:\/\/www.instagram.com\/fruitattraction_saopaulo\/","https:\/\/www.linkedin.com\/company\/fruit-attraction-so-paulo\/"]},{"@type":"Person","@id":"https:\/\/www.ifema.es\/fruit-attraction-sao-paulo\/#\/schema\/person\/ca209e86e8182445d0a351c7daabe509","name":"Leandro Ursulano","image":{"@type":"ImageObject","inLanguage":"es-ES","@id":"https:\/\/www.ifema.es\/fruit-attraction-sao-paulo\/#\/schema\/person\/image\/","url":"https:\/\/secure.gravatar.com\/avatar\/2379260cadc7a1e6f807da70f5c7cb3f423d0394bcad778f6c4a6614e035829d?s=96&d=mm&r=g","contentUrl":"https:\/\/secure.gravatar.com\/avatar\/2379260cadc7a1e6f807da70f5c7cb3f423d0394bcad778f6c4a6614e035829d?s=96&d=mm&r=g","caption":"Leandro Ursulano"},"url":"https:\/\/www.ifema.es\/fruit-attraction-sao-paulo\/noticias\/author\/leandro\/"}]}},"_links":{"self":[{"href":"https:\/\/www.ifema.es\/fruit-attraction-sao-paulo\/wp-json\/wp\/v2\/posts\/31453","targetHints":{"allow":["GET"]}}],"collection":[{"href":"https:\/\/www.ifema.es\/fruit-attraction-sao-paulo\/wp-json\/wp\/v2\/posts"}],"about":[{"href":"https:\/\/www.ifema.es\/fruit-attraction-sao-paulo\/wp-json\/wp\/v2\/types\/post"}],"author":[{"embeddable":true,"href":"https:\/\/www.ifema.es\/fruit-attraction-sao-paulo\/wp-json\/wp\/v2\/users\/3"}],"replies":[{"embeddable":true,"href":"https:\/\/www.ifema.es\/fruit-attraction-sao-paulo\/wp-json\/wp\/v2\/comments?post=31453"}],"version-history":[{"count":1,"href":"https:\/\/www.ifema.es\/fruit-attraction-sao-paulo\/wp-json\/wp\/v2\/posts\/31453\/revisions"}],"predecessor-version":[{"id":31458,"href":"https:\/\/www.ifema.es\/fruit-attraction-sao-paulo\/wp-json\/wp\/v2\/posts\/31453\/revisions\/31458"}],"wp:featuredmedia":[{"embeddable":true,"href":"https:\/\/www.ifema.es\/fruit-attraction-sao-paulo\/wp-json\/wp\/v2\/media\/31457"}],"wp:attachment":[{"href":"https:\/\/www.ifema.es\/fruit-attraction-sao-paulo\/wp-json\/wp\/v2\/media?parent=31453"}],"wp:term":[{"taxonomy":"category","embeddable":true,"href":"https:\/\/www.ifema.es\/fruit-attraction-sao-paulo\/wp-json\/wp\/v2\/categories?post=31453"},{"taxonomy":"post_tag","embeddable":true,"href":"https:\/\/www.ifema.es\/fruit-attraction-sao-paulo\/wp-json\/wp\/v2\/tags?post=31453"}],"curies":[{"name":"wp","href":"https:\/\/api.w.org\/{rel}","templated":true}]}}