{"id":31268,"date":"2026-03-06T21:07:11","date_gmt":"2026-03-06T20:07:11","guid":{"rendered":"https:\/\/www.ifema.es\/fruit-attraction-sao-paulo\/?p=31268"},"modified":"2026-03-06T21:07:11","modified_gmt":"2026-03-06T20:07:11","slug":"termotecnica-participa-da-fruit-attraction-2026-com-novidades-como-a-conservadora-termica-para-maracuja","status":"publish","type":"post","link":"https:\/\/www.ifema.es\/fruit-attraction-sao-paulo\/noticias\/termotecnica-participa-da-fruit-attraction-2026-com-novidades-como-a-conservadora-termica-para-maracuja\/","title":{"rendered":"Termot\u00e9cnica participa da Fruit Attraction 2026, com novidades como a conservadora t\u00e9rmica para maracuj\u00e1"},"content":{"rendered":"<p>Empresa, que est\u00e1 completando 65 anos, apresentar\u00e1 no evento sua linha DaColheita, de solu\u00e7\u00f5es para frutas, legumes e verduras.<\/p>\n<p data-start=\"346\" data-end=\"531\">A Termot\u00e9cnica, empresa joinvilense refer\u00eancia em produ\u00e7\u00e3o de embalagens de EPS (isopor*), estar\u00e1 presente na Fruit Attraction 2026, que acontece de 24 a 26 de mar\u00e7o, na S\u00e3o Paulo Expo.<\/p>\n<p data-start=\"533\" data-end=\"832\">Em seu estande, a empresa, que est\u00e1 completando 65 anos de atua\u00e7\u00e3o, exibir\u00e1 sua linha completa de solu\u00e7\u00f5es de embalagens para o mercado de frutas, legumes e verduras (FLVs), da marca DaColheita. Destaque para a primeira conservadora t\u00e9rmica para maracuj\u00e1, desenvolvida e lan\u00e7ada no in\u00edcio deste ano.<\/p>\n<p data-start=\"834\" data-end=\"1075\">O produto inovador, da linha DaColheita, promete trazer ganhos significativos \u00e0 cadeia log\u00edstica da fruta no Brasil, fomentando o cultivo sobretudo em Santa Catarina, terceiro estado em produ\u00e7\u00e3o de maracuj\u00e1, atr\u00e1s apenas da Bahia e do Cear\u00e1.<\/p>\n<p data-start=\"1077\" data-end=\"1247\">Lembrando que o maracuj\u00e1 \u00e9 a d\u00e9cima fruta mais importante para a economia do pa\u00eds, e a terceira que mais gera valor para Santa Catarina, atr\u00e1s apenas da banana e da ma\u00e7\u00e3.<\/p>\n<p data-start=\"1249\" data-end=\"1541\">Consolidada no cen\u00e1rio internacional de produtos frescos, a feira teve uma estreia de sucesso no Brasil em 2024, refor\u00e7ando a import\u00e2ncia do pa\u00eds neste setor. A Termot\u00e9cnica busca fortalecer rela\u00e7\u00f5es com clientes que j\u00e1 exportam utilizando as conservadoras DaColheita e captar novos neg\u00f3cios.<\/p>\n<p data-start=\"1543\" data-end=\"1958\"><em data-start=\"1543\" data-end=\"1879\">\u201cNossa participa\u00e7\u00e3o no evento visa estreitar relacionamento e fortalecer ainda mais a presen\u00e7a da marca DaColheita na cadeia de distribui\u00e7\u00e3o e exporta\u00e7\u00e3o de frutas brasileiras. Estamos tamb\u00e9m em parceria com a Abrafrutas, que tem trabalhado para a abertura de mercados e foi uma das respons\u00e1veis por trazer este evento para o Brasil\u201d,<\/em> afirma Nivaldo Fernandes de Oliveira, diretor superintendente da Termot\u00e9cnica.<\/p>\n<p data-start=\"1960\" data-end=\"2444\">A Termot\u00e9cnica j\u00e1 trabalha, em parceria com a Abrafrutas, produtores e trade, h\u00e1 mais de uma d\u00e9cada na exporta\u00e7\u00e3o de frutas. Em seis anos j\u00e1 s\u00e3o quase 2 milh\u00f5es de conservadoras utilizadas na exporta\u00e7\u00e3o de mais de 7 mil toneladas de frutas premium brasileiras como uva, lim\u00e3o e lima, manga, pitaya, figo, mam\u00e3o, goiaba, maracuj\u00e1, lichia, atemoia, para pa\u00edses de toda a Europa, como Fran\u00e7a, Espanha, Portugal, Inglaterra, \u00c1ustria, e tamb\u00e9m para o Oriente M\u00e9dio, R\u00fassia, China e Canad\u00e1.<\/p>\n<p data-start=\"2446\" data-end=\"2953\">Segundo Nivaldo de Oliveira, as solu\u00e7\u00f5es DaColheita &#8211; FarmFresh para o mercado internacional &#8211; t\u00eam sido um diferencial que agrega muito valor em toda a cadeia no transit-time de longas dist\u00e2ncias. Ao ampliar o shelf-life, manter a temperatura constante e serem muito leves, as embalagens DaColheita\/FarmFresh tamb\u00e9m contribuem para aspectos de sustentabilidade como a diminui\u00e7\u00e3o de perdas e desperd\u00edcios na cadeia de distribui\u00e7\u00e3o e a redu\u00e7\u00e3o das emiss\u00f5es de CO2 na atmosfera, al\u00e9m de serem 100% recicl\u00e1veis.<\/p>\n<p data-start=\"2955\" data-end=\"3119\"><em data-start=\"2955\" data-end=\"3110\">\u201cToda a tecnologia de conserva\u00e7\u00e3o e o design das nossas solu\u00e7\u00f5es propiciam aos nossos clientes comunicar aos mercados internacionais esses diferenciais\u201d,<\/em> refor\u00e7a.<\/p>\n<p data-start=\"3121\" data-end=\"3168\"><em data-start=\"3121\" data-end=\"3168\">*Isopor \u00e9 uma marca registrada por terceiros.<\/em><\/p>\n","protected":false},"excerpt":{"rendered":"<p>Empresa, que est\u00e1 completando 65 anos, apresentar\u00e1 no evento sua linha DaColheita, de solu\u00e7\u00f5es para frutas, legumes e verduras. A Termot\u00e9cnica, empresa joinvilense refer\u00eancia em produ\u00e7\u00e3o de embalagens de EPS (isopor*), estar\u00e1 presente na Fruit Attraction 2026, que acontece de 24 a 26 de mar\u00e7o, na S\u00e3o Paulo Expo. Em seu estande, a empresa, que&#8230;<\/p>\n","protected":false},"author":3,"featured_media":31269,"comment_status":"closed","ping_status":"closed","sticky":false,"template":"","format":"standard","meta":{"_eb_attr":"","inline_featured_image":false,"footnotes":""},"categories":[104],"tags":[],"class_list":["post-31268","post","type-post","status-publish","format-standard","has-post-thumbnail","hentry","category-canal-fruit-attraction"],"yoast_head":"<!-- This site is optimized with the Yoast SEO plugin v27.1.1 - https:\/\/yoast.com\/product\/yoast-seo-wordpress\/ -->\n<title>Termot\u00e9cnica participa da Fruit Attraction 2026, com novidades como a conservadora t\u00e9rmica para maracuj\u00e1 - Fruit Attraction Sao Paulo | IFEMA MADRID INTERNACIONAL<\/title>\n<meta name=\"robots\" content=\"index, follow, max-snippet:-1, max-image-preview:large, max-video-preview:-1\" \/>\n<link rel=\"canonical\" href=\"https:\/\/www.ifema.es\/fruit-attraction-sao-paulo\/noticias\/termotecnica-participa-da-fruit-attraction-2026-com-novidades-como-a-conservadora-termica-para-maracuja\/\" \/>\n<meta property=\"og:locale\" content=\"es_ES\" \/>\n<meta property=\"og:type\" content=\"article\" \/>\n<meta property=\"og:title\" content=\"Termot\u00e9cnica participa da Fruit Attraction 2026, com novidades como a conservadora t\u00e9rmica para maracuj\u00e1 - Fruit Attraction Sao Paulo | IFEMA MADRID INTERNACIONAL\" \/>\n<meta property=\"og:description\" content=\"Empresa, que est\u00e1 completando 65 anos, apresentar\u00e1 no evento sua linha DaColheita, de solu\u00e7\u00f5es para frutas, legumes e verduras. A Termot\u00e9cnica, empresa joinvilense refer\u00eancia em produ\u00e7\u00e3o de embalagens de EPS (isopor*), estar\u00e1 presente na Fruit Attraction 2026, que acontece de 24 a 26 de mar\u00e7o, na S\u00e3o Paulo Expo. Em seu estande, a empresa, que...\" \/>\n<meta property=\"og:url\" content=\"https:\/\/www.ifema.es\/fruit-attraction-sao-paulo\/noticias\/termotecnica-participa-da-fruit-attraction-2026-com-novidades-como-a-conservadora-termica-para-maracuja\/\" \/>\n<meta property=\"og:site_name\" content=\"Fruit Attraction Sao Paulo | IFEMA MADRID INTERNACIONAL\" \/>\n<meta property=\"article:publisher\" content=\"https:\/\/www.facebook.com\/people\/Fruit-Attraction-So-Paulo\/61553117052718\/\" \/>\n<meta property=\"article:published_time\" content=\"2026-03-06T20:07:11+00:00\" \/>\n<meta property=\"og:image\" content=\"https:\/\/www.ifema.es\/fruit-attraction-sao-paulo\/wp-content\/uploads\/2026\/03\/Maracuja\u0301_novo7-scaled.jpg\" \/>\n\t<meta property=\"og:image:width\" content=\"2560\" \/>\n\t<meta property=\"og:image:height\" content=\"2560\" \/>\n\t<meta property=\"og:image:type\" content=\"image\/jpeg\" \/>\n<meta name=\"author\" content=\"Leandro Ursulano\" \/>\n<meta name=\"twitter:card\" content=\"summary_large_image\" \/>\n<meta name=\"twitter:label1\" content=\"Escrito por\" \/>\n\t<meta name=\"twitter:data1\" content=\"Leandro Ursulano\" \/>\n\t<meta name=\"twitter:label2\" content=\"Tiempo de lectura\" \/>\n\t<meta name=\"twitter:data2\" content=\"3 minutes\" \/>\n<script type=\"application\/ld+json\" class=\"yoast-schema-graph\">{\"@context\":\"https:\/\/schema.org\",\"@graph\":[{\"@type\":\"Article\",\"@id\":\"https:\/\/www.ifema.es\/fruit-attraction-sao-paulo\/noticias\/termotecnica-participa-da-fruit-attraction-2026-com-novidades-como-a-conservadora-termica-para-maracuja\/#article\",\"isPartOf\":{\"@id\":\"https:\/\/www.ifema.es\/fruit-attraction-sao-paulo\/noticias\/termotecnica-participa-da-fruit-attraction-2026-com-novidades-como-a-conservadora-termica-para-maracuja\/\"},\"author\":{\"name\":\"Leandro Ursulano\",\"@id\":\"https:\/\/www.ifema.es\/fruit-attraction-sao-paulo\/#\/schema\/person\/ca209e86e8182445d0a351c7daabe509\"},\"headline\":\"Termot\u00e9cnica participa da Fruit Attraction 2026, com novidades como a conservadora t\u00e9rmica para maracuj\u00e1\",\"datePublished\":\"2026-03-06T20:07:11+00:00\",\"mainEntityOfPage\":{\"@id\":\"https:\/\/www.ifema.es\/fruit-attraction-sao-paulo\/noticias\/termotecnica-participa-da-fruit-attraction-2026-com-novidades-como-a-conservadora-termica-para-maracuja\/\"},\"wordCount\":516,\"publisher\":{\"@id\":\"https:\/\/www.ifema.es\/fruit-attraction-sao-paulo\/#organization\"},\"image\":{\"@id\":\"https:\/\/www.ifema.es\/fruit-attraction-sao-paulo\/noticias\/termotecnica-participa-da-fruit-attraction-2026-com-novidades-como-a-conservadora-termica-para-maracuja\/#primaryimage\"},\"thumbnailUrl\":\"https:\/\/www.ifema.es\/fruit-attraction-sao-paulo\/wp-content\/uploads\/2026\/03\/Maracuja\u0301_novo7-scaled.jpg\",\"articleSection\":[\"Canal Fruit Attraction\"],\"inLanguage\":\"es-ES\"},{\"@type\":\"WebPage\",\"@id\":\"https:\/\/www.ifema.es\/fruit-attraction-sao-paulo\/noticias\/termotecnica-participa-da-fruit-attraction-2026-com-novidades-como-a-conservadora-termica-para-maracuja\/\",\"url\":\"https:\/\/www.ifema.es\/fruit-attraction-sao-paulo\/noticias\/termotecnica-participa-da-fruit-attraction-2026-com-novidades-como-a-conservadora-termica-para-maracuja\/\",\"name\":\"Termot\u00e9cnica participa da Fruit Attraction 2026, com novidades como a conservadora t\u00e9rmica para maracuj\u00e1 - Fruit Attraction Sao Paulo | IFEMA MADRID INTERNACIONAL\",\"isPartOf\":{\"@id\":\"https:\/\/www.ifema.es\/fruit-attraction-sao-paulo\/#website\"},\"primaryImageOfPage\":{\"@id\":\"https:\/\/www.ifema.es\/fruit-attraction-sao-paulo\/noticias\/termotecnica-participa-da-fruit-attraction-2026-com-novidades-como-a-conservadora-termica-para-maracuja\/#primaryimage\"},\"image\":{\"@id\":\"https:\/\/www.ifema.es\/fruit-attraction-sao-paulo\/noticias\/termotecnica-participa-da-fruit-attraction-2026-com-novidades-como-a-conservadora-termica-para-maracuja\/#primaryimage\"},\"thumbnailUrl\":\"https:\/\/www.ifema.es\/fruit-attraction-sao-paulo\/wp-content\/uploads\/2026\/03\/Maracuja\u0301_novo7-scaled.jpg\",\"datePublished\":\"2026-03-06T20:07:11+00:00\",\"inLanguage\":\"es-ES\",\"potentialAction\":[{\"@type\":\"ReadAction\",\"target\":[\"https:\/\/www.ifema.es\/fruit-attraction-sao-paulo\/noticias\/termotecnica-participa-da-fruit-attraction-2026-com-novidades-como-a-conservadora-termica-para-maracuja\/\"]}]},{\"@type\":\"ImageObject\",\"inLanguage\":\"es-ES\",\"@id\":\"https:\/\/www.ifema.es\/fruit-attraction-sao-paulo\/noticias\/termotecnica-participa-da-fruit-attraction-2026-com-novidades-como-a-conservadora-termica-para-maracuja\/#primaryimage\",\"url\":\"https:\/\/www.ifema.es\/fruit-attraction-sao-paulo\/wp-content\/uploads\/2026\/03\/Maracuja\u0301_novo7-scaled.jpg\",\"contentUrl\":\"https:\/\/www.ifema.es\/fruit-attraction-sao-paulo\/wp-content\/uploads\/2026\/03\/Maracuja\u0301_novo7-scaled.jpg\",\"width\":2560,\"height\":2560},{\"@type\":\"WebSite\",\"@id\":\"https:\/\/www.ifema.es\/fruit-attraction-sao-paulo\/#website\",\"url\":\"https:\/\/www.ifema.es\/fruit-attraction-sao-paulo\/\",\"name\":\"Fruit Attraction Sao Paulo | IFEMA MADRID INTERNACIONAL\",\"description\":\"Bienvenido a Fruit Attraction Sao Paulo, la Feria Internacional del Sector de Frutas y Hortalizas. Haz click y descubre todas las novedades de la edici\u00f3n de este a\u00f1o.\",\"publisher\":{\"@id\":\"https:\/\/www.ifema.es\/fruit-attraction-sao-paulo\/#organization\"},\"potentialAction\":[{\"@type\":\"SearchAction\",\"target\":{\"@type\":\"EntryPoint\",\"urlTemplate\":\"https:\/\/www.ifema.es\/fruit-attraction-sao-paulo\/?s={search_term_string}\"},\"query-input\":{\"@type\":\"PropertyValueSpecification\",\"valueRequired\":true,\"valueName\":\"search_term_string\"}}],\"inLanguage\":\"es-ES\"},{\"@type\":\"Organization\",\"@id\":\"https:\/\/www.ifema.es\/fruit-attraction-sao-paulo\/#organization\",\"name\":\"Fruit Attraction Sao Paulo | IFEMA MADRID INTERNACIONAL\",\"url\":\"https:\/\/www.ifema.es\/fruit-attraction-sao-paulo\/\",\"logo\":{\"@type\":\"ImageObject\",\"inLanguage\":\"es-ES\",\"@id\":\"https:\/\/www.ifema.es\/fruit-attraction-sao-paulo\/#\/schema\/logo\/image\/\",\"url\":\"https:\/\/www.ifema.es\/fruit-attraction-sao-paulo\/wp-content\/uploads\/2024\/01\/logo-fruit-attraction-sao-paulo.jpg\",\"contentUrl\":\"https:\/\/www.ifema.es\/fruit-attraction-sao-paulo\/wp-content\/uploads\/2024\/01\/logo-fruit-attraction-sao-paulo.jpg\",\"width\":400,\"height\":300,\"caption\":\"Fruit Attraction Sao Paulo | IFEMA MADRID INTERNACIONAL\"},\"image\":{\"@id\":\"https:\/\/www.ifema.es\/fruit-attraction-sao-paulo\/#\/schema\/logo\/image\/\"},\"sameAs\":[\"https:\/\/www.facebook.com\/people\/Fruit-Attraction-So-Paulo\/61553117052718\/\",\"https:\/\/www.instagram.com\/fruitattraction_saopaulo\/\",\"https:\/\/www.linkedin.com\/company\/fruit-attraction-so-paulo\/\"]},{\"@type\":\"Person\",\"@id\":\"https:\/\/www.ifema.es\/fruit-attraction-sao-paulo\/#\/schema\/person\/ca209e86e8182445d0a351c7daabe509\",\"name\":\"Leandro Ursulano\",\"image\":{\"@type\":\"ImageObject\",\"inLanguage\":\"es-ES\",\"@id\":\"https:\/\/www.ifema.es\/fruit-attraction-sao-paulo\/#\/schema\/person\/image\/\",\"url\":\"https:\/\/secure.gravatar.com\/avatar\/2379260cadc7a1e6f807da70f5c7cb3f423d0394bcad778f6c4a6614e035829d?s=96&d=mm&r=g\",\"contentUrl\":\"https:\/\/secure.gravatar.com\/avatar\/2379260cadc7a1e6f807da70f5c7cb3f423d0394bcad778f6c4a6614e035829d?s=96&d=mm&r=g\",\"caption\":\"Leandro Ursulano\"},\"url\":\"https:\/\/www.ifema.es\/fruit-attraction-sao-paulo\/noticias\/author\/leandro\/\"}]}<\/script>\n<!-- \/ Yoast SEO plugin. -->","yoast_head_json":{"title":"Termot\u00e9cnica participa da Fruit Attraction 2026, com novidades como a conservadora t\u00e9rmica para maracuj\u00e1 - Fruit Attraction Sao Paulo | IFEMA MADRID INTERNACIONAL","robots":{"index":"index","follow":"follow","max-snippet":"max-snippet:-1","max-image-preview":"max-image-preview:large","max-video-preview":"max-video-preview:-1"},"canonical":"https:\/\/www.ifema.es\/fruit-attraction-sao-paulo\/noticias\/termotecnica-participa-da-fruit-attraction-2026-com-novidades-como-a-conservadora-termica-para-maracuja\/","og_locale":"es_ES","og_type":"article","og_title":"Termot\u00e9cnica participa da Fruit Attraction 2026, com novidades como a conservadora t\u00e9rmica para maracuj\u00e1 - Fruit Attraction Sao Paulo | IFEMA MADRID INTERNACIONAL","og_description":"Empresa, que est\u00e1 completando 65 anos, apresentar\u00e1 no evento sua linha DaColheita, de solu\u00e7\u00f5es para frutas, legumes e verduras. A Termot\u00e9cnica, empresa joinvilense refer\u00eancia em produ\u00e7\u00e3o de embalagens de EPS (isopor*), estar\u00e1 presente na Fruit Attraction 2026, que acontece de 24 a 26 de mar\u00e7o, na S\u00e3o Paulo Expo. Em seu estande, a empresa, que...","og_url":"https:\/\/www.ifema.es\/fruit-attraction-sao-paulo\/noticias\/termotecnica-participa-da-fruit-attraction-2026-com-novidades-como-a-conservadora-termica-para-maracuja\/","og_site_name":"Fruit Attraction Sao Paulo | IFEMA MADRID INTERNACIONAL","article_publisher":"https:\/\/www.facebook.com\/people\/Fruit-Attraction-So-Paulo\/61553117052718\/","article_published_time":"2026-03-06T20:07:11+00:00","og_image":[{"width":2560,"height":2560,"url":"https:\/\/www.ifema.es\/fruit-attraction-sao-paulo\/wp-content\/uploads\/2026\/03\/Maracuja\u0301_novo7-scaled.jpg","type":"image\/jpeg"}],"author":"Leandro Ursulano","twitter_card":"summary_large_image","twitter_misc":{"Escrito por":"Leandro Ursulano","Tiempo de lectura":"3 minutes"},"schema":{"@context":"https:\/\/schema.org","@graph":[{"@type":"Article","@id":"https:\/\/www.ifema.es\/fruit-attraction-sao-paulo\/noticias\/termotecnica-participa-da-fruit-attraction-2026-com-novidades-como-a-conservadora-termica-para-maracuja\/#article","isPartOf":{"@id":"https:\/\/www.ifema.es\/fruit-attraction-sao-paulo\/noticias\/termotecnica-participa-da-fruit-attraction-2026-com-novidades-como-a-conservadora-termica-para-maracuja\/"},"author":{"name":"Leandro Ursulano","@id":"https:\/\/www.ifema.es\/fruit-attraction-sao-paulo\/#\/schema\/person\/ca209e86e8182445d0a351c7daabe509"},"headline":"Termot\u00e9cnica participa da Fruit Attraction 2026, com novidades como a conservadora t\u00e9rmica para maracuj\u00e1","datePublished":"2026-03-06T20:07:11+00:00","mainEntityOfPage":{"@id":"https:\/\/www.ifema.es\/fruit-attraction-sao-paulo\/noticias\/termotecnica-participa-da-fruit-attraction-2026-com-novidades-como-a-conservadora-termica-para-maracuja\/"},"wordCount":516,"publisher":{"@id":"https:\/\/www.ifema.es\/fruit-attraction-sao-paulo\/#organization"},"image":{"@id":"https:\/\/www.ifema.es\/fruit-attraction-sao-paulo\/noticias\/termotecnica-participa-da-fruit-attraction-2026-com-novidades-como-a-conservadora-termica-para-maracuja\/#primaryimage"},"thumbnailUrl":"https:\/\/www.ifema.es\/fruit-attraction-sao-paulo\/wp-content\/uploads\/2026\/03\/Maracuja\u0301_novo7-scaled.jpg","articleSection":["Canal Fruit Attraction"],"inLanguage":"es-ES"},{"@type":"WebPage","@id":"https:\/\/www.ifema.es\/fruit-attraction-sao-paulo\/noticias\/termotecnica-participa-da-fruit-attraction-2026-com-novidades-como-a-conservadora-termica-para-maracuja\/","url":"https:\/\/www.ifema.es\/fruit-attraction-sao-paulo\/noticias\/termotecnica-participa-da-fruit-attraction-2026-com-novidades-como-a-conservadora-termica-para-maracuja\/","name":"Termot\u00e9cnica participa da Fruit Attraction 2026, com novidades como a conservadora t\u00e9rmica para maracuj\u00e1 - Fruit Attraction Sao Paulo | IFEMA MADRID INTERNACIONAL","isPartOf":{"@id":"https:\/\/www.ifema.es\/fruit-attraction-sao-paulo\/#website"},"primaryImageOfPage":{"@id":"https:\/\/www.ifema.es\/fruit-attraction-sao-paulo\/noticias\/termotecnica-participa-da-fruit-attraction-2026-com-novidades-como-a-conservadora-termica-para-maracuja\/#primaryimage"},"image":{"@id":"https:\/\/www.ifema.es\/fruit-attraction-sao-paulo\/noticias\/termotecnica-participa-da-fruit-attraction-2026-com-novidades-como-a-conservadora-termica-para-maracuja\/#primaryimage"},"thumbnailUrl":"https:\/\/www.ifema.es\/fruit-attraction-sao-paulo\/wp-content\/uploads\/2026\/03\/Maracuja\u0301_novo7-scaled.jpg","datePublished":"2026-03-06T20:07:11+00:00","inLanguage":"es-ES","potentialAction":[{"@type":"ReadAction","target":["https:\/\/www.ifema.es\/fruit-attraction-sao-paulo\/noticias\/termotecnica-participa-da-fruit-attraction-2026-com-novidades-como-a-conservadora-termica-para-maracuja\/"]}]},{"@type":"ImageObject","inLanguage":"es-ES","@id":"https:\/\/www.ifema.es\/fruit-attraction-sao-paulo\/noticias\/termotecnica-participa-da-fruit-attraction-2026-com-novidades-como-a-conservadora-termica-para-maracuja\/#primaryimage","url":"https:\/\/www.ifema.es\/fruit-attraction-sao-paulo\/wp-content\/uploads\/2026\/03\/Maracuja\u0301_novo7-scaled.jpg","contentUrl":"https:\/\/www.ifema.es\/fruit-attraction-sao-paulo\/wp-content\/uploads\/2026\/03\/Maracuja\u0301_novo7-scaled.jpg","width":2560,"height":2560},{"@type":"WebSite","@id":"https:\/\/www.ifema.es\/fruit-attraction-sao-paulo\/#website","url":"https:\/\/www.ifema.es\/fruit-attraction-sao-paulo\/","name":"Fruit Attraction Sao Paulo | IFEMA MADRID INTERNACIONAL","description":"Bienvenido a Fruit Attraction Sao Paulo, la Feria Internacional del Sector de Frutas y Hortalizas. Haz click y descubre todas las novedades de la edici\u00f3n de este a\u00f1o.","publisher":{"@id":"https:\/\/www.ifema.es\/fruit-attraction-sao-paulo\/#organization"},"potentialAction":[{"@type":"SearchAction","target":{"@type":"EntryPoint","urlTemplate":"https:\/\/www.ifema.es\/fruit-attraction-sao-paulo\/?s={search_term_string}"},"query-input":{"@type":"PropertyValueSpecification","valueRequired":true,"valueName":"search_term_string"}}],"inLanguage":"es-ES"},{"@type":"Organization","@id":"https:\/\/www.ifema.es\/fruit-attraction-sao-paulo\/#organization","name":"Fruit Attraction Sao Paulo | IFEMA MADRID INTERNACIONAL","url":"https:\/\/www.ifema.es\/fruit-attraction-sao-paulo\/","logo":{"@type":"ImageObject","inLanguage":"es-ES","@id":"https:\/\/www.ifema.es\/fruit-attraction-sao-paulo\/#\/schema\/logo\/image\/","url":"https:\/\/www.ifema.es\/fruit-attraction-sao-paulo\/wp-content\/uploads\/2024\/01\/logo-fruit-attraction-sao-paulo.jpg","contentUrl":"https:\/\/www.ifema.es\/fruit-attraction-sao-paulo\/wp-content\/uploads\/2024\/01\/logo-fruit-attraction-sao-paulo.jpg","width":400,"height":300,"caption":"Fruit Attraction Sao Paulo | IFEMA MADRID INTERNACIONAL"},"image":{"@id":"https:\/\/www.ifema.es\/fruit-attraction-sao-paulo\/#\/schema\/logo\/image\/"},"sameAs":["https:\/\/www.facebook.com\/people\/Fruit-Attraction-So-Paulo\/61553117052718\/","https:\/\/www.instagram.com\/fruitattraction_saopaulo\/","https:\/\/www.linkedin.com\/company\/fruit-attraction-so-paulo\/"]},{"@type":"Person","@id":"https:\/\/www.ifema.es\/fruit-attraction-sao-paulo\/#\/schema\/person\/ca209e86e8182445d0a351c7daabe509","name":"Leandro Ursulano","image":{"@type":"ImageObject","inLanguage":"es-ES","@id":"https:\/\/www.ifema.es\/fruit-attraction-sao-paulo\/#\/schema\/person\/image\/","url":"https:\/\/secure.gravatar.com\/avatar\/2379260cadc7a1e6f807da70f5c7cb3f423d0394bcad778f6c4a6614e035829d?s=96&d=mm&r=g","contentUrl":"https:\/\/secure.gravatar.com\/avatar\/2379260cadc7a1e6f807da70f5c7cb3f423d0394bcad778f6c4a6614e035829d?s=96&d=mm&r=g","caption":"Leandro Ursulano"},"url":"https:\/\/www.ifema.es\/fruit-attraction-sao-paulo\/noticias\/author\/leandro\/"}]}},"_links":{"self":[{"href":"https:\/\/www.ifema.es\/fruit-attraction-sao-paulo\/wp-json\/wp\/v2\/posts\/31268","targetHints":{"allow":["GET"]}}],"collection":[{"href":"https:\/\/www.ifema.es\/fruit-attraction-sao-paulo\/wp-json\/wp\/v2\/posts"}],"about":[{"href":"https:\/\/www.ifema.es\/fruit-attraction-sao-paulo\/wp-json\/wp\/v2\/types\/post"}],"author":[{"embeddable":true,"href":"https:\/\/www.ifema.es\/fruit-attraction-sao-paulo\/wp-json\/wp\/v2\/users\/3"}],"replies":[{"embeddable":true,"href":"https:\/\/www.ifema.es\/fruit-attraction-sao-paulo\/wp-json\/wp\/v2\/comments?post=31268"}],"version-history":[{"count":1,"href":"https:\/\/www.ifema.es\/fruit-attraction-sao-paulo\/wp-json\/wp\/v2\/posts\/31268\/revisions"}],"predecessor-version":[{"id":31270,"href":"https:\/\/www.ifema.es\/fruit-attraction-sao-paulo\/wp-json\/wp\/v2\/posts\/31268\/revisions\/31270"}],"wp:featuredmedia":[{"embeddable":true,"href":"https:\/\/www.ifema.es\/fruit-attraction-sao-paulo\/wp-json\/wp\/v2\/media\/31269"}],"wp:attachment":[{"href":"https:\/\/www.ifema.es\/fruit-attraction-sao-paulo\/wp-json\/wp\/v2\/media?parent=31268"}],"wp:term":[{"taxonomy":"category","embeddable":true,"href":"https:\/\/www.ifema.es\/fruit-attraction-sao-paulo\/wp-json\/wp\/v2\/categories?post=31268"},{"taxonomy":"post_tag","embeddable":true,"href":"https:\/\/www.ifema.es\/fruit-attraction-sao-paulo\/wp-json\/wp\/v2\/tags?post=31268"}],"curies":[{"name":"wp","href":"https:\/\/api.w.org\/{rel}","templated":true}]}}