{"id":30489,"date":"2025-12-09T16:09:16","date_gmt":"2025-12-09T15:09:16","guid":{"rendered":"https:\/\/www.ifema.es\/fruit-attraction-sao-paulo\/?p=30489"},"modified":"2025-12-09T16:09:16","modified_gmt":"2025-12-09T15:09:16","slug":"ceagesp-abimaq-ibrahort-e-empapel-se-juntam-a-abrafrutas-como-parceiros-institucionais-da-fruit-attraction-sao-paulo","status":"publish","type":"post","link":"https:\/\/www.ifema.es\/fruit-attraction-sao-paulo\/noticias\/ceagesp-abimaq-ibrahort-e-empapel-se-juntam-a-abrafrutas-como-parceiros-institucionais-da-fruit-attraction-sao-paulo\/","title":{"rendered":"Ceagesp, Abimaq, Ibrahort e Empapel se juntam \u00e0 Abrafrutas como parceiros institucionais da Fruit Attraction S\u00e3o Paulo"},"content":{"rendered":"<p><em>Credenciamento para profissionais dos segmentos de hortali\u00e7as e frutas para a edi\u00e7\u00e3o 2026, que ocorre em mar\u00e7o, j\u00e1 est\u00e1 aberto<\/em><\/p>\n<p>A Fruit Attraction S\u00e3o Paulo 2026, que acontece de 24 a 26 de mar\u00e7o, no S\u00e3o Paulo Expo, na capital paulista, anuncia novos apoiadores institucionais, que ampliam e fortalecem ainda mais o alcance de mercado da principal feira do hemisf\u00e9rio sul dedicada \u00e0 cadeia produtiva das hortali\u00e7as e frutas, que j\u00e1 conta com a Associa\u00e7\u00e3o Brasileira dos Produtores e Exportadores de Frutas e Derivados (Abrafrutas) como apoiadora master. Agora, as organizadoras da feira, a IFEMA MADRID e Fiera Milano Brasil, divulgam para a edi\u00e7\u00e3o 2026 o apoio da Companhia de Entrepostos e Armaz\u00e9ns Gerais de S\u00e3o Paulo (Ceagesp), da Associa\u00e7\u00e3o Brasileira da Ind\u00fastria de M\u00e1quinas e Equipamentos (Abimaq), do Instituto Brasileiro de Horticultura (Ibrahort) e da Associa\u00e7\u00e3o Brasileira de Embalagens em Papel (Empapel).<\/p>\n<p><strong><em>:: Confira os depoimentos de apoio dos dirigentes de cada entidade: <\/em><\/strong><\/p>\n<p>\u201cA 3\u00aa. edi\u00e7\u00e3o da Fruit Attraction S\u00e3o Paulo consolida de vez o Brasil no centro das grandes feiras internacionais do setor. Este evento \u00e9 uma vitrine estrat\u00e9gica para mostrarmos a for\u00e7a, a diversidade e a qualidade da nossa fruticultura, al\u00e9m de aproximar produtores, compradores e parceiros de toda a cadeia. Estamos orgulhosos de contribuir para ampliar oportunidades de neg\u00f3cios e fortalecer ainda mais a imagem das frutas brasileiras no mundo. Ao triplicar de tamanho, o evento reafirma sua relev\u00e2ncia e impacto para todo o setor\u201d, assinala o presidente da Abrafrutas, Guilherme Coelho.<\/p>\n<p>&#8220;Nossa parceria com a Fruit Attraction S\u00e3o Paulo \u00e9 sempre uma grande oportunidade para nossos permission\u00e1rios terem acesso a novos clientes\/fornecedores; aperfei\u00e7oar seus conhecimentos e ficar em dia com as mais recentes tend\u00eancias do setor. A presen\u00e7a da Ceagesp refor\u00e7a e d\u00e1 visibilidade para a sociedade da nossa importante miss\u00e3o de garantir a infraestrutura adequada aos nossos comerciantes para que alimentos de qualidade saiam do campo e cheguem regularmente \u00e0 mesa do consumidor dom\u00e9stico e de outros pa\u00edses&#8221;, afirma o diretor-presidente da Ceagesp, Jos\u00e9 Louren\u00e7o Pechtoll, que acrescenta: &#8220;na Fruit Attraction S\u00e3o Paulo, nossos permission\u00e1rios ter\u00e3o networking de qualidade, al\u00e9m de ambiente prop\u00edcio ao fechamento de neg\u00f3cios para suas empresas. Para n\u00f3s, \u00e9 tamb\u00e9m uma ocasi\u00e3o em que podemos fortalecer a marca da Ceagesp, nacionalmente e internacionalmente, como um elo estrat\u00e9gico e fundamental na cadeia de abastecimento de frutas, legumes, verduras, pescados, flores, entre tantos outros produtos que, vindos do campo, passam por seus entrepostos, em S\u00e3o Paulo e no interior do Estado&#8221;.<\/p>\n<p>&#8220;Reconhecendo a fundamental import\u00e2ncia da Fruit Attraction 2026 para a cadeia produtiva de frutas e hortali\u00e7as, a Abimaq, por meio de sua C\u00e2mara Setorial dedicada \u00e0 ind\u00fastria aliment\u00edcia, declara apoio institucional ao evento, com o intuito de fortalecer e acelerar o desenvolvimento de todo o setor de hortifr\u00fatis&#8221;, diz o presidente da CSMIAFRI \u2013 C\u00e2mara Setorial de M\u00e1quinas para Ind\u00fastria Aliment\u00edcia, Farmac\u00eautica e Refrigera\u00e7\u00e3o Industrial &#8211; da Abimaq, Armando Aquino.<\/p>\n<p>&#8220;A parceria entre o Ibrahort e a Fruit Attraction S\u00e3o Paulo refor\u00e7a nosso compromisso em promover o crescimento, profissionaliza\u00e7\u00e3o e integra\u00e7\u00e3o da cadeia de hortali\u00e7as no Brasil. A feira, que chega \u00e0 sua 3\u00aa edi\u00e7\u00e3o em 2026, j\u00e1 se tornou um dos principais encontros do setor, reunindo produtores, distribuidores, atacadistas, exportadores e compradores de diferentes pa\u00edses em um ambiente decisivo para gera\u00e7\u00e3o de neg\u00f3cios, inova\u00e7\u00e3o e internacionaliza\u00e7\u00e3o. Para o Ibrahort, estar presente como parceiro institucional significa fortalecer o di\u00e1logo com o mercado, contribuir com conhecimento setorial e apoiar iniciativas que ampliam as oportunidades para as empresas e para os produtores brasileiros. A Fruit Attraction S\u00e3o Paulo oferece exatamente o que acreditamos ser essencial para o avan\u00e7o da horticultura: conex\u00e3o qualificada, visibilidade estrat\u00e9gica e um espa\u00e7o que impulsiona novas possibilidades&#8221;, ressalta o presidente do Ibrahort, L\u00e1zaro Lauro Andrade.<\/p>\n<p>\u201cInternacionalmente reconhecida e muito tradicional, a Fruit Attraction S\u00e3o Paulo certamente ser\u00e1 um evento de suma import\u00e2ncia dentro do planejamento da Empapel no pr\u00f3ximo ano. Ser\u00e1 mais um espa\u00e7o para nos conectarmos com usu\u00e1rios de embalagens, demonstrando a versatilidade, resist\u00eancia e sustentabilidade das embalagens de papel. Al\u00e9m desses atributos, a evolu\u00e7\u00e3o da tecnologia e da digitaliza\u00e7\u00e3o tem permitido que, at\u00e9 mesmo, o papel\u00e3o ondulado tenha impress\u00f5es cada vez mais detalhistas, transformando aquilo que era uma mera necessidade para transporte e armazenamento em um vetor de comunica\u00e7\u00e3o de marca. Ser\u00e1 uma \u00f3tima oportunidade&#8221;, acentua o gerente de Comunica\u00e7\u00e3o da Empapel, Thiago Santiago.<\/p>\n<p><strong><em>:: Fruit Attraction S\u00e3o Paulo 2026<\/em><\/strong><\/p>\n<p>Em 2026, a Fruit Attraction S\u00e3o Paulo reunir\u00e1 novamente produtores, exportadores, compradores nacionais e internacionais, fornecedores, distribuidores, autoridades, entidades, e demais agentes do segmento, reafirmando seu papel de plataforma global para fruticultura brasileira. Neste ano, o evento recebeu mais de 16,3 mil visitantes, 400 marcas expositoras de mais de 50 pa\u00edses, gerou mais de 1,5 mil reuni\u00f5es na rodada de neg\u00f3cios e ocupou 15 mil m\u00b2 de \u00e1rea expositiva, crescimento de 66% ante 2024.<\/p>\n<p>Para a pr\u00f3xima edi\u00e7\u00e3o, a \u00e1rea de exposi\u00e7\u00e3o ser\u00e1 ampliada, contemplando os mais diversos elos do setor \u2013 insumos, m\u00e1quinas agr\u00edcolas, equipamentos para o p\u00f3s-colheita, log\u00edstica, embalagens, tecnologias digitais, cadeia fria [transporte e armazenagem], e muito mais. Com a participa\u00e7\u00e3o dos principais estados produtores de frutas do Brasil, a programa\u00e7\u00e3o da Fruit Attraction S\u00e3o Paulo 2026 ter\u00e1 novidades ainda nas j\u00e1 tradicionais atra\u00e7\u00f5es do Fruit F\u00f3rum \u2013 congresso de conte\u00fado \u2013, o Cooking Show, espa\u00e7o de experi\u00eancias gastron\u00f4micas e a Rodada de Neg\u00f3cios, com sess\u00f5es distintas para compradores e fornecedores nacionais e internacionais.<\/p>\n<p>O credenciamento gratuito para profissionais dos segmentos de hortali\u00e7as e frutas para a edi\u00e7\u00e3o 2026 j\u00e1 est\u00e1 aberto: https:\/\/easyexpo.com.br\/v3\/fruit\/26\/indvis<\/p>\n<p><strong><em>Servi\u00e7o:<\/em><\/strong><\/p>\n<p>Fruit Attraction S\u00e3o Paulo:<\/p>\n<p><a href=\"https:\/\/www.ifema.es\/fruit-attraction-sao-paulo\/\">https:\/\/www.ifema.es\/fruit-attraction-sao-paulo\/<\/a><\/p>\n<p>Data: 24 a 26 de mar\u00e7o de 2026<\/p>\n<p>Hor\u00e1rio: das 10h \u00e0s 18h<\/p>\n<p>Local: S\u00e3o Paulo Expo Exhibition &amp; Convention Center<\/p>\n<p>Endere\u00e7o: Rodovia dos Imigrantes, 1,5 km &#8211; Vila \u00c1gua Funda, S\u00e3o Paulo &#8211; SP<\/p>\n<p>&nbsp;<\/p>\n<p><strong><em>Sobre a IFEMA MADRID<\/em><\/strong><\/p>\n<p>IFEMA MADRID \u00e9 o principal operador de feiras na Espanha e um dos mais importantes na Europa. Com mais de 500 eventos realizados a cada ano, seu calend\u00e1rio anual inclui feiras, congressos e eventos profissionais relacionados com praticamente todos os setores da economia. Anualmente, mais de 24 mil empresas espanholas e estrangeiras participam para gerar neg\u00f3cios e estabelecer rela\u00e7\u00f5es comerciais, atraindo cerca de 4 milh\u00f5es de visitantes. Com uma programa\u00e7\u00e3o intensa, que tamb\u00e9m engloba grandes eventos musicais, espet\u00e1culos, exposi\u00e7\u00f5es e eventos de lazer para o p\u00fablico em geral, a companhia consolidou-se como o segundo motor econ\u00f4mico da Regi\u00e3o de Madrid, com um impacto na Comunidade local de 5.104 milh\u00f5es de euros. Mais informa\u00e7\u00f5es: https:\/\/www.ifema.es\/<\/p>\n<p>&nbsp;<\/p>\n<p><strong><em>Sobre a Fiera Milano Brasil<\/em><\/strong><\/p>\n<p>A Fiera Milano Brasil \u00e9 a subsidi\u00e1ria brasileira da Fiera Milano, um dos maiores grupos internacionais na organiza\u00e7\u00e3o de feiras e congressos, com sede na It\u00e1lia e presen\u00e7a global, respons\u00e1vel por reunir anualmente cerca de 30 mil expositores e mais de cinco milh\u00f5es de visitantes em seus eventos. Com expertise internacional e profundo conhecimento do mercado local, a Fiera Milano Brasil oferece plataformas estrat\u00e9gicas para gera\u00e7\u00e3o de neg\u00f3cios, networking qualificado e lan\u00e7amento de tend\u00eancias, conectando marcas, profissionais e solu\u00e7\u00f5es em ambientes inovadores e altamente profissionais. Realiza, ao todo, dez feiras que abrangem diversos setores da economia, como seguran\u00e7a, energias limpas e renov\u00e1veis, tubos e conex\u00f5es, cabos, sa\u00fade ocupacional, tecnologias em reabilita\u00e7\u00e3o, inclus\u00e3o e acessibilidade, dentre outros. Entre as principais marcas do portf\u00f3lio est\u00e3o Exposec, Fisp, Fire Show, Congresso Ecoenergy, Fruit Attraction S\u00e3o Paulo \u2014 em parceria com a IFEMA Madrid \u2014, Reatech + Expo Brasil Paral\u00edmpico, em parceria com o Comit\u00ea Paral\u00edmpico Brasileiro, Tubotech, Wire Brasil, TranspoQuip e Expoparking, em parceria com a BMComm e E-squadria Show \u2014 esta \u00faltima realizada em parceria com a N\u00fcrnbergMesse Brasil.<\/p>\n<p>Mais informa\u00e7\u00f5es: www.fieramilanobrasil.com.br<\/p>\n<p><strong><em>Informa\u00e7\u00f5es para imprensa:<\/p>\n<p><\/em><\/strong><\/p>\n<p><em>Ronaldo Luiz<br \/>\nComResultado<\/em><\/p>\n<p><em>(11) 97631-6227<\/em><\/p>\n<p><em>contato@comresultado.com.br<\/em><\/p>\n","protected":false},"excerpt":{"rendered":"<p>Credenciamento para profissionais dos segmentos de hortali\u00e7as e frutas para a edi\u00e7\u00e3o 2026, que ocorre em mar\u00e7o, j\u00e1 est\u00e1 aberto A Fruit Attraction S\u00e3o Paulo 2026, que acontece de 24 a 26 de mar\u00e7o, no S\u00e3o Paulo Expo, na capital paulista, anuncia novos apoiadores institucionais, que ampliam e fortalecem ainda mais o alcance de mercado&#8230;<\/p>\n","protected":false},"author":3,"featured_media":28872,"comment_status":"closed","ping_status":"closed","sticky":false,"template":"","format":"standard","meta":{"_eb_attr":"","inline_featured_image":false,"footnotes":""},"categories":[90],"tags":[],"class_list":["post-30489","post","type-post","status-publish","format-standard","has-post-thumbnail","hentry","category-release-pt"],"yoast_head":"<!-- This site is optimized with the Yoast SEO plugin v27.1.1 - https:\/\/yoast.com\/product\/yoast-seo-wordpress\/ -->\n<title>Ceagesp, Abimaq, Ibrahort e Empapel se juntam \u00e0 Abrafrutas como parceiros institucionais da Fruit Attraction S\u00e3o Paulo - Fruit Attraction Sao Paulo | IFEMA MADRID INTERNACIONAL<\/title>\n<meta name=\"robots\" content=\"index, follow, max-snippet:-1, max-image-preview:large, max-video-preview:-1\" \/>\n<link rel=\"canonical\" href=\"https:\/\/www.ifema.es\/fruit-attraction-sao-paulo\/noticias\/ceagesp-abimaq-ibrahort-e-empapel-se-juntam-a-abrafrutas-como-parceiros-institucionais-da-fruit-attraction-sao-paulo\/\" \/>\n<meta property=\"og:locale\" content=\"es_ES\" \/>\n<meta property=\"og:type\" content=\"article\" \/>\n<meta property=\"og:title\" content=\"Ceagesp, Abimaq, Ibrahort e Empapel se juntam \u00e0 Abrafrutas como parceiros institucionais da Fruit Attraction S\u00e3o Paulo - Fruit Attraction Sao Paulo | IFEMA MADRID INTERNACIONAL\" \/>\n<meta property=\"og:description\" content=\"Credenciamento para profissionais dos segmentos de hortali\u00e7as e frutas para a edi\u00e7\u00e3o 2026, que ocorre em mar\u00e7o, j\u00e1 est\u00e1 aberto A Fruit Attraction S\u00e3o Paulo 2026, que acontece de 24 a 26 de mar\u00e7o, no S\u00e3o Paulo Expo, na capital paulista, anuncia novos apoiadores institucionais, que ampliam e fortalecem ainda mais o alcance de mercado...\" \/>\n<meta property=\"og:url\" content=\"https:\/\/www.ifema.es\/fruit-attraction-sao-paulo\/noticias\/ceagesp-abimaq-ibrahort-e-empapel-se-juntam-a-abrafrutas-como-parceiros-institucionais-da-fruit-attraction-sao-paulo\/\" \/>\n<meta property=\"og:site_name\" content=\"Fruit Attraction Sao Paulo | IFEMA MADRID INTERNACIONAL\" \/>\n<meta property=\"article:publisher\" content=\"https:\/\/www.facebook.com\/people\/Fruit-Attraction-So-Paulo\/61553117052718\/\" \/>\n<meta property=\"article:published_time\" content=\"2025-12-09T15:09:16+00:00\" \/>\n<meta property=\"og:image\" content=\"https:\/\/www.ifema.es\/fruit-attraction-sao-paulo\/wp-content\/uploads\/2025\/04\/FRUIT_ATTRACTION_2025_260325_12h_INDY1582.jpg\" \/>\n\t<meta property=\"og:image:width\" content=\"2000\" \/>\n\t<meta property=\"og:image:height\" content=\"1334\" \/>\n\t<meta property=\"og:image:type\" content=\"image\/jpeg\" \/>\n<meta name=\"author\" content=\"Leandro Ursulano\" \/>\n<meta name=\"twitter:card\" content=\"summary_large_image\" \/>\n<meta name=\"twitter:label1\" content=\"Escrito por\" \/>\n\t<meta name=\"twitter:data1\" content=\"Leandro Ursulano\" \/>\n\t<meta name=\"twitter:label2\" content=\"Tiempo de lectura\" \/>\n\t<meta name=\"twitter:data2\" content=\"6 minutes\" \/>\n<script type=\"application\/ld+json\" class=\"yoast-schema-graph\">{\"@context\":\"https:\/\/schema.org\",\"@graph\":[{\"@type\":\"Article\",\"@id\":\"https:\/\/www.ifema.es\/fruit-attraction-sao-paulo\/noticias\/ceagesp-abimaq-ibrahort-e-empapel-se-juntam-a-abrafrutas-como-parceiros-institucionais-da-fruit-attraction-sao-paulo\/#article\",\"isPartOf\":{\"@id\":\"https:\/\/www.ifema.es\/fruit-attraction-sao-paulo\/noticias\/ceagesp-abimaq-ibrahort-e-empapel-se-juntam-a-abrafrutas-como-parceiros-institucionais-da-fruit-attraction-sao-paulo\/\"},\"author\":{\"name\":\"Leandro Ursulano\",\"@id\":\"https:\/\/www.ifema.es\/fruit-attraction-sao-paulo\/#\/schema\/person\/ca209e86e8182445d0a351c7daabe509\"},\"headline\":\"Ceagesp, Abimaq, Ibrahort e Empapel se juntam \u00e0 Abrafrutas como parceiros institucionais da Fruit Attraction S\u00e3o Paulo\",\"datePublished\":\"2025-12-09T15:09:16+00:00\",\"mainEntityOfPage\":{\"@id\":\"https:\/\/www.ifema.es\/fruit-attraction-sao-paulo\/noticias\/ceagesp-abimaq-ibrahort-e-empapel-se-juntam-a-abrafrutas-como-parceiros-institucionais-da-fruit-attraction-sao-paulo\/\"},\"wordCount\":1410,\"publisher\":{\"@id\":\"https:\/\/www.ifema.es\/fruit-attraction-sao-paulo\/#organization\"},\"image\":{\"@id\":\"https:\/\/www.ifema.es\/fruit-attraction-sao-paulo\/noticias\/ceagesp-abimaq-ibrahort-e-empapel-se-juntam-a-abrafrutas-como-parceiros-institucionais-da-fruit-attraction-sao-paulo\/#primaryimage\"},\"thumbnailUrl\":\"https:\/\/www.ifema.es\/fruit-attraction-sao-paulo\/wp-content\/uploads\/2025\/04\/FRUIT_ATTRACTION_2025_260325_12h_INDY1582.jpg\",\"articleSection\":[\"Release\"],\"inLanguage\":\"es-ES\"},{\"@type\":\"WebPage\",\"@id\":\"https:\/\/www.ifema.es\/fruit-attraction-sao-paulo\/noticias\/ceagesp-abimaq-ibrahort-e-empapel-se-juntam-a-abrafrutas-como-parceiros-institucionais-da-fruit-attraction-sao-paulo\/\",\"url\":\"https:\/\/www.ifema.es\/fruit-attraction-sao-paulo\/noticias\/ceagesp-abimaq-ibrahort-e-empapel-se-juntam-a-abrafrutas-como-parceiros-institucionais-da-fruit-attraction-sao-paulo\/\",\"name\":\"Ceagesp, Abimaq, Ibrahort e Empapel se juntam \u00e0 Abrafrutas como parceiros institucionais da Fruit Attraction S\u00e3o Paulo - Fruit Attraction Sao Paulo | IFEMA MADRID INTERNACIONAL\",\"isPartOf\":{\"@id\":\"https:\/\/www.ifema.es\/fruit-attraction-sao-paulo\/#website\"},\"primaryImageOfPage\":{\"@id\":\"https:\/\/www.ifema.es\/fruit-attraction-sao-paulo\/noticias\/ceagesp-abimaq-ibrahort-e-empapel-se-juntam-a-abrafrutas-como-parceiros-institucionais-da-fruit-attraction-sao-paulo\/#primaryimage\"},\"image\":{\"@id\":\"https:\/\/www.ifema.es\/fruit-attraction-sao-paulo\/noticias\/ceagesp-abimaq-ibrahort-e-empapel-se-juntam-a-abrafrutas-como-parceiros-institucionais-da-fruit-attraction-sao-paulo\/#primaryimage\"},\"thumbnailUrl\":\"https:\/\/www.ifema.es\/fruit-attraction-sao-paulo\/wp-content\/uploads\/2025\/04\/FRUIT_ATTRACTION_2025_260325_12h_INDY1582.jpg\",\"datePublished\":\"2025-12-09T15:09:16+00:00\",\"inLanguage\":\"es-ES\",\"potentialAction\":[{\"@type\":\"ReadAction\",\"target\":[\"https:\/\/www.ifema.es\/fruit-attraction-sao-paulo\/noticias\/ceagesp-abimaq-ibrahort-e-empapel-se-juntam-a-abrafrutas-como-parceiros-institucionais-da-fruit-attraction-sao-paulo\/\"]}]},{\"@type\":\"ImageObject\",\"inLanguage\":\"es-ES\",\"@id\":\"https:\/\/www.ifema.es\/fruit-attraction-sao-paulo\/noticias\/ceagesp-abimaq-ibrahort-e-empapel-se-juntam-a-abrafrutas-como-parceiros-institucionais-da-fruit-attraction-sao-paulo\/#primaryimage\",\"url\":\"https:\/\/www.ifema.es\/fruit-attraction-sao-paulo\/wp-content\/uploads\/2025\/04\/FRUIT_ATTRACTION_2025_260325_12h_INDY1582.jpg\",\"contentUrl\":\"https:\/\/www.ifema.es\/fruit-attraction-sao-paulo\/wp-content\/uploads\/2025\/04\/FRUIT_ATTRACTION_2025_260325_12h_INDY1582.jpg\",\"width\":2000,\"height\":1334},{\"@type\":\"WebSite\",\"@id\":\"https:\/\/www.ifema.es\/fruit-attraction-sao-paulo\/#website\",\"url\":\"https:\/\/www.ifema.es\/fruit-attraction-sao-paulo\/\",\"name\":\"Fruit Attraction Sao Paulo | IFEMA MADRID INTERNACIONAL\",\"description\":\"Bienvenido a Fruit Attraction Sao Paulo, la Feria Internacional del Sector de Frutas y Hortalizas. Haz click y descubre todas las novedades de la edici\u00f3n de este a\u00f1o.\",\"publisher\":{\"@id\":\"https:\/\/www.ifema.es\/fruit-attraction-sao-paulo\/#organization\"},\"potentialAction\":[{\"@type\":\"SearchAction\",\"target\":{\"@type\":\"EntryPoint\",\"urlTemplate\":\"https:\/\/www.ifema.es\/fruit-attraction-sao-paulo\/?s={search_term_string}\"},\"query-input\":{\"@type\":\"PropertyValueSpecification\",\"valueRequired\":true,\"valueName\":\"search_term_string\"}}],\"inLanguage\":\"es-ES\"},{\"@type\":\"Organization\",\"@id\":\"https:\/\/www.ifema.es\/fruit-attraction-sao-paulo\/#organization\",\"name\":\"Fruit Attraction Sao Paulo | IFEMA MADRID INTERNACIONAL\",\"url\":\"https:\/\/www.ifema.es\/fruit-attraction-sao-paulo\/\",\"logo\":{\"@type\":\"ImageObject\",\"inLanguage\":\"es-ES\",\"@id\":\"https:\/\/www.ifema.es\/fruit-attraction-sao-paulo\/#\/schema\/logo\/image\/\",\"url\":\"https:\/\/www.ifema.es\/fruit-attraction-sao-paulo\/wp-content\/uploads\/2024\/01\/logo-fruit-attraction-sao-paulo.jpg\",\"contentUrl\":\"https:\/\/www.ifema.es\/fruit-attraction-sao-paulo\/wp-content\/uploads\/2024\/01\/logo-fruit-attraction-sao-paulo.jpg\",\"width\":400,\"height\":300,\"caption\":\"Fruit Attraction Sao Paulo | IFEMA MADRID INTERNACIONAL\"},\"image\":{\"@id\":\"https:\/\/www.ifema.es\/fruit-attraction-sao-paulo\/#\/schema\/logo\/image\/\"},\"sameAs\":[\"https:\/\/www.facebook.com\/people\/Fruit-Attraction-So-Paulo\/61553117052718\/\",\"https:\/\/www.instagram.com\/fruitattraction_saopaulo\/\",\"https:\/\/www.linkedin.com\/company\/fruit-attraction-so-paulo\/\"]},{\"@type\":\"Person\",\"@id\":\"https:\/\/www.ifema.es\/fruit-attraction-sao-paulo\/#\/schema\/person\/ca209e86e8182445d0a351c7daabe509\",\"name\":\"Leandro Ursulano\",\"image\":{\"@type\":\"ImageObject\",\"inLanguage\":\"es-ES\",\"@id\":\"https:\/\/www.ifema.es\/fruit-attraction-sao-paulo\/#\/schema\/person\/image\/\",\"url\":\"https:\/\/secure.gravatar.com\/avatar\/2379260cadc7a1e6f807da70f5c7cb3f423d0394bcad778f6c4a6614e035829d?s=96&d=mm&r=g\",\"contentUrl\":\"https:\/\/secure.gravatar.com\/avatar\/2379260cadc7a1e6f807da70f5c7cb3f423d0394bcad778f6c4a6614e035829d?s=96&d=mm&r=g\",\"caption\":\"Leandro Ursulano\"},\"url\":\"https:\/\/www.ifema.es\/fruit-attraction-sao-paulo\/noticias\/author\/leandro\/\"}]}<\/script>\n<!-- \/ Yoast SEO plugin. -->","yoast_head_json":{"title":"Ceagesp, Abimaq, Ibrahort e Empapel se juntam \u00e0 Abrafrutas como parceiros institucionais da Fruit Attraction S\u00e3o Paulo - Fruit Attraction Sao Paulo | IFEMA MADRID INTERNACIONAL","robots":{"index":"index","follow":"follow","max-snippet":"max-snippet:-1","max-image-preview":"max-image-preview:large","max-video-preview":"max-video-preview:-1"},"canonical":"https:\/\/www.ifema.es\/fruit-attraction-sao-paulo\/noticias\/ceagesp-abimaq-ibrahort-e-empapel-se-juntam-a-abrafrutas-como-parceiros-institucionais-da-fruit-attraction-sao-paulo\/","og_locale":"es_ES","og_type":"article","og_title":"Ceagesp, Abimaq, Ibrahort e Empapel se juntam \u00e0 Abrafrutas como parceiros institucionais da Fruit Attraction S\u00e3o Paulo - Fruit Attraction Sao Paulo | IFEMA MADRID INTERNACIONAL","og_description":"Credenciamento para profissionais dos segmentos de hortali\u00e7as e frutas para a edi\u00e7\u00e3o 2026, que ocorre em mar\u00e7o, j\u00e1 est\u00e1 aberto A Fruit Attraction S\u00e3o Paulo 2026, que acontece de 24 a 26 de mar\u00e7o, no S\u00e3o Paulo Expo, na capital paulista, anuncia novos apoiadores institucionais, que ampliam e fortalecem ainda mais o alcance de mercado...","og_url":"https:\/\/www.ifema.es\/fruit-attraction-sao-paulo\/noticias\/ceagesp-abimaq-ibrahort-e-empapel-se-juntam-a-abrafrutas-como-parceiros-institucionais-da-fruit-attraction-sao-paulo\/","og_site_name":"Fruit Attraction Sao Paulo | IFEMA MADRID INTERNACIONAL","article_publisher":"https:\/\/www.facebook.com\/people\/Fruit-Attraction-So-Paulo\/61553117052718\/","article_published_time":"2025-12-09T15:09:16+00:00","og_image":[{"width":2000,"height":1334,"url":"https:\/\/www.ifema.es\/fruit-attraction-sao-paulo\/wp-content\/uploads\/2025\/04\/FRUIT_ATTRACTION_2025_260325_12h_INDY1582.jpg","type":"image\/jpeg"}],"author":"Leandro Ursulano","twitter_card":"summary_large_image","twitter_misc":{"Escrito por":"Leandro Ursulano","Tiempo de lectura":"6 minutes"},"schema":{"@context":"https:\/\/schema.org","@graph":[{"@type":"Article","@id":"https:\/\/www.ifema.es\/fruit-attraction-sao-paulo\/noticias\/ceagesp-abimaq-ibrahort-e-empapel-se-juntam-a-abrafrutas-como-parceiros-institucionais-da-fruit-attraction-sao-paulo\/#article","isPartOf":{"@id":"https:\/\/www.ifema.es\/fruit-attraction-sao-paulo\/noticias\/ceagesp-abimaq-ibrahort-e-empapel-se-juntam-a-abrafrutas-como-parceiros-institucionais-da-fruit-attraction-sao-paulo\/"},"author":{"name":"Leandro Ursulano","@id":"https:\/\/www.ifema.es\/fruit-attraction-sao-paulo\/#\/schema\/person\/ca209e86e8182445d0a351c7daabe509"},"headline":"Ceagesp, Abimaq, Ibrahort e Empapel se juntam \u00e0 Abrafrutas como parceiros institucionais da Fruit Attraction S\u00e3o Paulo","datePublished":"2025-12-09T15:09:16+00:00","mainEntityOfPage":{"@id":"https:\/\/www.ifema.es\/fruit-attraction-sao-paulo\/noticias\/ceagesp-abimaq-ibrahort-e-empapel-se-juntam-a-abrafrutas-como-parceiros-institucionais-da-fruit-attraction-sao-paulo\/"},"wordCount":1410,"publisher":{"@id":"https:\/\/www.ifema.es\/fruit-attraction-sao-paulo\/#organization"},"image":{"@id":"https:\/\/www.ifema.es\/fruit-attraction-sao-paulo\/noticias\/ceagesp-abimaq-ibrahort-e-empapel-se-juntam-a-abrafrutas-como-parceiros-institucionais-da-fruit-attraction-sao-paulo\/#primaryimage"},"thumbnailUrl":"https:\/\/www.ifema.es\/fruit-attraction-sao-paulo\/wp-content\/uploads\/2025\/04\/FRUIT_ATTRACTION_2025_260325_12h_INDY1582.jpg","articleSection":["Release"],"inLanguage":"es-ES"},{"@type":"WebPage","@id":"https:\/\/www.ifema.es\/fruit-attraction-sao-paulo\/noticias\/ceagesp-abimaq-ibrahort-e-empapel-se-juntam-a-abrafrutas-como-parceiros-institucionais-da-fruit-attraction-sao-paulo\/","url":"https:\/\/www.ifema.es\/fruit-attraction-sao-paulo\/noticias\/ceagesp-abimaq-ibrahort-e-empapel-se-juntam-a-abrafrutas-como-parceiros-institucionais-da-fruit-attraction-sao-paulo\/","name":"Ceagesp, Abimaq, Ibrahort e Empapel se juntam \u00e0 Abrafrutas como parceiros institucionais da Fruit Attraction S\u00e3o Paulo - Fruit Attraction Sao Paulo | IFEMA MADRID INTERNACIONAL","isPartOf":{"@id":"https:\/\/www.ifema.es\/fruit-attraction-sao-paulo\/#website"},"primaryImageOfPage":{"@id":"https:\/\/www.ifema.es\/fruit-attraction-sao-paulo\/noticias\/ceagesp-abimaq-ibrahort-e-empapel-se-juntam-a-abrafrutas-como-parceiros-institucionais-da-fruit-attraction-sao-paulo\/#primaryimage"},"image":{"@id":"https:\/\/www.ifema.es\/fruit-attraction-sao-paulo\/noticias\/ceagesp-abimaq-ibrahort-e-empapel-se-juntam-a-abrafrutas-como-parceiros-institucionais-da-fruit-attraction-sao-paulo\/#primaryimage"},"thumbnailUrl":"https:\/\/www.ifema.es\/fruit-attraction-sao-paulo\/wp-content\/uploads\/2025\/04\/FRUIT_ATTRACTION_2025_260325_12h_INDY1582.jpg","datePublished":"2025-12-09T15:09:16+00:00","inLanguage":"es-ES","potentialAction":[{"@type":"ReadAction","target":["https:\/\/www.ifema.es\/fruit-attraction-sao-paulo\/noticias\/ceagesp-abimaq-ibrahort-e-empapel-se-juntam-a-abrafrutas-como-parceiros-institucionais-da-fruit-attraction-sao-paulo\/"]}]},{"@type":"ImageObject","inLanguage":"es-ES","@id":"https:\/\/www.ifema.es\/fruit-attraction-sao-paulo\/noticias\/ceagesp-abimaq-ibrahort-e-empapel-se-juntam-a-abrafrutas-como-parceiros-institucionais-da-fruit-attraction-sao-paulo\/#primaryimage","url":"https:\/\/www.ifema.es\/fruit-attraction-sao-paulo\/wp-content\/uploads\/2025\/04\/FRUIT_ATTRACTION_2025_260325_12h_INDY1582.jpg","contentUrl":"https:\/\/www.ifema.es\/fruit-attraction-sao-paulo\/wp-content\/uploads\/2025\/04\/FRUIT_ATTRACTION_2025_260325_12h_INDY1582.jpg","width":2000,"height":1334},{"@type":"WebSite","@id":"https:\/\/www.ifema.es\/fruit-attraction-sao-paulo\/#website","url":"https:\/\/www.ifema.es\/fruit-attraction-sao-paulo\/","name":"Fruit Attraction Sao Paulo | IFEMA MADRID INTERNACIONAL","description":"Bienvenido a Fruit Attraction Sao Paulo, la Feria Internacional del Sector de Frutas y Hortalizas. Haz click y descubre todas las novedades de la edici\u00f3n de este a\u00f1o.","publisher":{"@id":"https:\/\/www.ifema.es\/fruit-attraction-sao-paulo\/#organization"},"potentialAction":[{"@type":"SearchAction","target":{"@type":"EntryPoint","urlTemplate":"https:\/\/www.ifema.es\/fruit-attraction-sao-paulo\/?s={search_term_string}"},"query-input":{"@type":"PropertyValueSpecification","valueRequired":true,"valueName":"search_term_string"}}],"inLanguage":"es-ES"},{"@type":"Organization","@id":"https:\/\/www.ifema.es\/fruit-attraction-sao-paulo\/#organization","name":"Fruit Attraction Sao Paulo | IFEMA MADRID INTERNACIONAL","url":"https:\/\/www.ifema.es\/fruit-attraction-sao-paulo\/","logo":{"@type":"ImageObject","inLanguage":"es-ES","@id":"https:\/\/www.ifema.es\/fruit-attraction-sao-paulo\/#\/schema\/logo\/image\/","url":"https:\/\/www.ifema.es\/fruit-attraction-sao-paulo\/wp-content\/uploads\/2024\/01\/logo-fruit-attraction-sao-paulo.jpg","contentUrl":"https:\/\/www.ifema.es\/fruit-attraction-sao-paulo\/wp-content\/uploads\/2024\/01\/logo-fruit-attraction-sao-paulo.jpg","width":400,"height":300,"caption":"Fruit Attraction Sao Paulo | IFEMA MADRID INTERNACIONAL"},"image":{"@id":"https:\/\/www.ifema.es\/fruit-attraction-sao-paulo\/#\/schema\/logo\/image\/"},"sameAs":["https:\/\/www.facebook.com\/people\/Fruit-Attraction-So-Paulo\/61553117052718\/","https:\/\/www.instagram.com\/fruitattraction_saopaulo\/","https:\/\/www.linkedin.com\/company\/fruit-attraction-so-paulo\/"]},{"@type":"Person","@id":"https:\/\/www.ifema.es\/fruit-attraction-sao-paulo\/#\/schema\/person\/ca209e86e8182445d0a351c7daabe509","name":"Leandro Ursulano","image":{"@type":"ImageObject","inLanguage":"es-ES","@id":"https:\/\/www.ifema.es\/fruit-attraction-sao-paulo\/#\/schema\/person\/image\/","url":"https:\/\/secure.gravatar.com\/avatar\/2379260cadc7a1e6f807da70f5c7cb3f423d0394bcad778f6c4a6614e035829d?s=96&d=mm&r=g","contentUrl":"https:\/\/secure.gravatar.com\/avatar\/2379260cadc7a1e6f807da70f5c7cb3f423d0394bcad778f6c4a6614e035829d?s=96&d=mm&r=g","caption":"Leandro Ursulano"},"url":"https:\/\/www.ifema.es\/fruit-attraction-sao-paulo\/noticias\/author\/leandro\/"}]}},"_links":{"self":[{"href":"https:\/\/www.ifema.es\/fruit-attraction-sao-paulo\/wp-json\/wp\/v2\/posts\/30489","targetHints":{"allow":["GET"]}}],"collection":[{"href":"https:\/\/www.ifema.es\/fruit-attraction-sao-paulo\/wp-json\/wp\/v2\/posts"}],"about":[{"href":"https:\/\/www.ifema.es\/fruit-attraction-sao-paulo\/wp-json\/wp\/v2\/types\/post"}],"author":[{"embeddable":true,"href":"https:\/\/www.ifema.es\/fruit-attraction-sao-paulo\/wp-json\/wp\/v2\/users\/3"}],"replies":[{"embeddable":true,"href":"https:\/\/www.ifema.es\/fruit-attraction-sao-paulo\/wp-json\/wp\/v2\/comments?post=30489"}],"version-history":[{"count":1,"href":"https:\/\/www.ifema.es\/fruit-attraction-sao-paulo\/wp-json\/wp\/v2\/posts\/30489\/revisions"}],"predecessor-version":[{"id":30490,"href":"https:\/\/www.ifema.es\/fruit-attraction-sao-paulo\/wp-json\/wp\/v2\/posts\/30489\/revisions\/30490"}],"wp:featuredmedia":[{"embeddable":true,"href":"https:\/\/www.ifema.es\/fruit-attraction-sao-paulo\/wp-json\/wp\/v2\/media\/28872"}],"wp:attachment":[{"href":"https:\/\/www.ifema.es\/fruit-attraction-sao-paulo\/wp-json\/wp\/v2\/media?parent=30489"}],"wp:term":[{"taxonomy":"category","embeddable":true,"href":"https:\/\/www.ifema.es\/fruit-attraction-sao-paulo\/wp-json\/wp\/v2\/categories?post=30489"},{"taxonomy":"post_tag","embeddable":true,"href":"https:\/\/www.ifema.es\/fruit-attraction-sao-paulo\/wp-json\/wp\/v2\/tags?post=30489"}],"curies":[{"name":"wp","href":"https:\/\/api.w.org\/{rel}","templated":true}]}}