{"id":28702,"date":"2025-03-26T20:56:37","date_gmt":"2025-03-26T19:56:37","guid":{"rendered":"https:\/\/www.ifema.es\/fruit-attraction-sao-paulo\/?p=28702"},"modified":"2025-03-26T20:59:18","modified_gmt":"2025-03-26T19:59:18","slug":"fruticultura-brasileira-pode-ir-muito-alem-do-embarque-de-us-1-bilhao-diz-especialista","status":"publish","type":"post","link":"https:\/\/www.ifema.es\/fruit-attraction-sao-paulo\/noticias\/fruticultura-brasileira-pode-ir-muito-alem-do-embarque-de-us-1-bilhao-diz-especialista\/","title":{"rendered":"Fruticultura brasileira pode ir muito al\u00e9m do embarque de US$ 1 bilh\u00e3o, diz especialista"},"content":{"rendered":"<p><em>N\u00e3o h\u00e1 raz\u00e3o alguma para o setor de frutas ficar somente nesta cifra de um universo de embarques do agro, que j\u00e1 supera US$ 160 bilh\u00f5es, afirma Marcos Jank, do Agro Insper Global`<\/em><\/p>\n<p>A fruticultura brasileira tem enorme potencial para ir bem al\u00e9m da modesta exporta\u00e7\u00e3o de apenas US$ 1 bilh\u00e3o em 2024, disse o professor Marcos Jank, coordenador do n\u00facleo Insper Agro Global, da institui\u00e7\u00e3o de ensino, em palestra na Fruit Attraction S\u00e3o Paulo 2025 &#8211; https:\/\/www.ifema.es\/fruit-attraction-sao-paulo -, que acontece at\u00e9 esta quinta-feira (27), no SP Expo, na capital paulista. &#8220;N\u00e3o h\u00e1 raz\u00e3o alguma para o setor de frutas ficar somente nesta cifra de um universo de embarques do agro, que j\u00e1 supera US$ 160 bilh\u00f5es por ano&#8221;, pontuou.<\/p>\n<p>Segundo Jank, a agenda do governo Trump [Estados Unidos] em endere\u00e7ar uma guerra comercial tarif\u00e1ria com diversos pa\u00edses, em particular a China, mostra que o com\u00e9rcio internacional, o que inclui o agr\u00edcola, caminha para um cen\u00e1rio muito mais ancorado em crit\u00e9rios geopol\u00edticos do que de negocia\u00e7\u00f5es baseadas em fundamentos de mercados. &#8220;Mas, de alguma forma, neste momento, este cen\u00e1rio pode ser favor\u00e1vel para a fruticultura do Brasil, por exemplo, a partir de barreiras impostas pela Casa Branca ao M\u00e9xico. Anualmente, os EUA importam cerca de US$ 45 bi em frutas e verduras.&#8221;<\/p>\n<p>De acordo com o especialista, a fruticultura brasileira pode e deve expandir-se para outros mercados, al\u00e9m de EUA e principalmente da Europa, buscando tamb\u00e9m oportunidades na \u00c1sia e Oriente M\u00e9dio &#8211; assim como fizeram outras cadeias produtivas do agro nacional. &#8220;O setor de frutas pode aprender com outros segmentos, como o de gr\u00e3os, caf\u00e9, carnes, algod\u00e3o, entre outros.&#8221;<\/p>\n<p>Ademais, de acordo com Jank, al\u00e9m do desafio da abertura de mercados, que esbarra em desconhecimento internacional em rela\u00e7\u00e3o \u00e0s frutas do Brasil, bem como em medidas protecionistas, a quest\u00e3o log\u00edstica tamb\u00e9m \u00e9 um gargalo, j\u00e1 que as frutas s\u00e3o itens perec\u00edveis. Neste sentido, concluiu, deve-se buscar viabilizar a amplia\u00e7\u00e3o de rotas a\u00e9reas, por exemplo, e a ado\u00e7\u00e3o de tecnologias que deem mais tempo de prateleira aos produtos.<\/p>\n","protected":false},"excerpt":{"rendered":"<p>N\u00e3o h\u00e1 raz\u00e3o alguma para o setor de frutas ficar somente nesta cifra de um universo de embarques do agro, que j\u00e1 supera US$ 160 bilh\u00f5es, afirma Marcos Jank, do Agro Insper Global` A fruticultura brasileira tem enorme potencial para ir bem al\u00e9m da modesta exporta\u00e7\u00e3o de apenas US$ 1 bilh\u00e3o em 2024, disse o&#8230;<\/p>\n","protected":false},"author":3,"featured_media":28703,"comment_status":"closed","ping_status":"closed","sticky":false,"template":"","format":"standard","meta":{"_eb_attr":"","inline_featured_image":false,"footnotes":""},"categories":[90],"tags":[],"class_list":["post-28702","post","type-post","status-publish","format-standard","has-post-thumbnail","hentry","category-release-pt"],"yoast_head":"<!-- This site is optimized with the Yoast SEO plugin v27.1.1 - https:\/\/yoast.com\/product\/yoast-seo-wordpress\/ -->\n<title>Fruticultura brasileira pode ir muito al\u00e9m do embarque de US$ 1 bilh\u00e3o, diz especialista - Fruit Attraction Sao Paulo | IFEMA MADRID INTERNACIONAL<\/title>\n<meta name=\"robots\" content=\"index, follow, max-snippet:-1, max-image-preview:large, max-video-preview:-1\" \/>\n<link rel=\"canonical\" href=\"https:\/\/www.ifema.es\/fruit-attraction-sao-paulo\/noticias\/fruticultura-brasileira-pode-ir-muito-alem-do-embarque-de-us-1-bilhao-diz-especialista\/\" \/>\n<meta property=\"og:locale\" content=\"es_ES\" \/>\n<meta property=\"og:type\" content=\"article\" \/>\n<meta property=\"og:title\" content=\"Fruticultura brasileira pode ir muito al\u00e9m do embarque de US$ 1 bilh\u00e3o, diz especialista - Fruit Attraction Sao Paulo | IFEMA MADRID INTERNACIONAL\" \/>\n<meta property=\"og:description\" content=\"N\u00e3o h\u00e1 raz\u00e3o alguma para o setor de frutas ficar somente nesta cifra de um universo de embarques do agro, que j\u00e1 supera US$ 160 bilh\u00f5es, afirma Marcos Jank, do Agro Insper Global` A fruticultura brasileira tem enorme potencial para ir bem al\u00e9m da modesta exporta\u00e7\u00e3o de apenas US$ 1 bilh\u00e3o em 2024, disse o...\" \/>\n<meta property=\"og:url\" content=\"https:\/\/www.ifema.es\/fruit-attraction-sao-paulo\/noticias\/fruticultura-brasileira-pode-ir-muito-alem-do-embarque-de-us-1-bilhao-diz-especialista\/\" \/>\n<meta property=\"og:site_name\" content=\"Fruit Attraction Sao Paulo | IFEMA MADRID INTERNACIONAL\" \/>\n<meta property=\"article:publisher\" content=\"https:\/\/www.facebook.com\/people\/Fruit-Attraction-So-Paulo\/61553117052718\/\" \/>\n<meta property=\"article:published_time\" content=\"2025-03-26T19:56:37+00:00\" \/>\n<meta property=\"article:modified_time\" content=\"2025-03-26T19:59:18+00:00\" \/>\n<meta property=\"og:image\" content=\"https:\/\/www.ifema.es\/fruit-attraction-sao-paulo\/wp-content\/uploads\/2025\/03\/foto2.jpg\" \/>\n\t<meta property=\"og:image:width\" content=\"2000\" \/>\n\t<meta property=\"og:image:height\" content=\"1333\" \/>\n\t<meta property=\"og:image:type\" content=\"image\/jpeg\" \/>\n<meta name=\"author\" content=\"Leandro Ursulano\" \/>\n<meta name=\"twitter:card\" content=\"summary_large_image\" \/>\n<meta name=\"twitter:label1\" content=\"Escrito por\" \/>\n\t<meta name=\"twitter:data1\" content=\"Leandro Ursulano\" \/>\n\t<meta name=\"twitter:label2\" content=\"Tiempo de lectura\" \/>\n\t<meta name=\"twitter:data2\" content=\"2 minutes\" \/>\n<script type=\"application\/ld+json\" class=\"yoast-schema-graph\">{\"@context\":\"https:\/\/schema.org\",\"@graph\":[{\"@type\":\"Article\",\"@id\":\"https:\/\/www.ifema.es\/fruit-attraction-sao-paulo\/noticias\/fruticultura-brasileira-pode-ir-muito-alem-do-embarque-de-us-1-bilhao-diz-especialista\/#article\",\"isPartOf\":{\"@id\":\"https:\/\/www.ifema.es\/fruit-attraction-sao-paulo\/noticias\/fruticultura-brasileira-pode-ir-muito-alem-do-embarque-de-us-1-bilhao-diz-especialista\/\"},\"author\":{\"name\":\"Leandro Ursulano\",\"@id\":\"https:\/\/www.ifema.es\/fruit-attraction-sao-paulo\/#\/schema\/person\/ca209e86e8182445d0a351c7daabe509\"},\"headline\":\"Fruticultura brasileira pode ir muito al\u00e9m do embarque de US$ 1 bilh\u00e3o, diz especialista\",\"datePublished\":\"2025-03-26T19:56:37+00:00\",\"dateModified\":\"2025-03-26T19:59:18+00:00\",\"mainEntityOfPage\":{\"@id\":\"https:\/\/www.ifema.es\/fruit-attraction-sao-paulo\/noticias\/fruticultura-brasileira-pode-ir-muito-alem-do-embarque-de-us-1-bilhao-diz-especialista\/\"},\"wordCount\":388,\"publisher\":{\"@id\":\"https:\/\/www.ifema.es\/fruit-attraction-sao-paulo\/#organization\"},\"image\":{\"@id\":\"https:\/\/www.ifema.es\/fruit-attraction-sao-paulo\/noticias\/fruticultura-brasileira-pode-ir-muito-alem-do-embarque-de-us-1-bilhao-diz-especialista\/#primaryimage\"},\"thumbnailUrl\":\"https:\/\/www.ifema.es\/fruit-attraction-sao-paulo\/wp-content\/uploads\/2025\/03\/foto2.jpg\",\"articleSection\":[\"Release\"],\"inLanguage\":\"es-ES\"},{\"@type\":\"WebPage\",\"@id\":\"https:\/\/www.ifema.es\/fruit-attraction-sao-paulo\/noticias\/fruticultura-brasileira-pode-ir-muito-alem-do-embarque-de-us-1-bilhao-diz-especialista\/\",\"url\":\"https:\/\/www.ifema.es\/fruit-attraction-sao-paulo\/noticias\/fruticultura-brasileira-pode-ir-muito-alem-do-embarque-de-us-1-bilhao-diz-especialista\/\",\"name\":\"Fruticultura brasileira pode ir muito al\u00e9m do embarque de US$ 1 bilh\u00e3o, diz especialista - Fruit Attraction Sao Paulo | IFEMA MADRID INTERNACIONAL\",\"isPartOf\":{\"@id\":\"https:\/\/www.ifema.es\/fruit-attraction-sao-paulo\/#website\"},\"primaryImageOfPage\":{\"@id\":\"https:\/\/www.ifema.es\/fruit-attraction-sao-paulo\/noticias\/fruticultura-brasileira-pode-ir-muito-alem-do-embarque-de-us-1-bilhao-diz-especialista\/#primaryimage\"},\"image\":{\"@id\":\"https:\/\/www.ifema.es\/fruit-attraction-sao-paulo\/noticias\/fruticultura-brasileira-pode-ir-muito-alem-do-embarque-de-us-1-bilhao-diz-especialista\/#primaryimage\"},\"thumbnailUrl\":\"https:\/\/www.ifema.es\/fruit-attraction-sao-paulo\/wp-content\/uploads\/2025\/03\/foto2.jpg\",\"datePublished\":\"2025-03-26T19:56:37+00:00\",\"dateModified\":\"2025-03-26T19:59:18+00:00\",\"inLanguage\":\"es-ES\",\"potentialAction\":[{\"@type\":\"ReadAction\",\"target\":[\"https:\/\/www.ifema.es\/fruit-attraction-sao-paulo\/noticias\/fruticultura-brasileira-pode-ir-muito-alem-do-embarque-de-us-1-bilhao-diz-especialista\/\"]}]},{\"@type\":\"ImageObject\",\"inLanguage\":\"es-ES\",\"@id\":\"https:\/\/www.ifema.es\/fruit-attraction-sao-paulo\/noticias\/fruticultura-brasileira-pode-ir-muito-alem-do-embarque-de-us-1-bilhao-diz-especialista\/#primaryimage\",\"url\":\"https:\/\/www.ifema.es\/fruit-attraction-sao-paulo\/wp-content\/uploads\/2025\/03\/foto2.jpg\",\"contentUrl\":\"https:\/\/www.ifema.es\/fruit-attraction-sao-paulo\/wp-content\/uploads\/2025\/03\/foto2.jpg\",\"width\":2000,\"height\":1333},{\"@type\":\"WebSite\",\"@id\":\"https:\/\/www.ifema.es\/fruit-attraction-sao-paulo\/#website\",\"url\":\"https:\/\/www.ifema.es\/fruit-attraction-sao-paulo\/\",\"name\":\"Fruit Attraction Sao Paulo | IFEMA MADRID INTERNACIONAL\",\"description\":\"Bienvenido a Fruit Attraction Sao Paulo, la Feria Internacional del Sector de Frutas y Hortalizas. Haz click y descubre todas las novedades de la edici\u00f3n de este a\u00f1o.\",\"publisher\":{\"@id\":\"https:\/\/www.ifema.es\/fruit-attraction-sao-paulo\/#organization\"},\"potentialAction\":[{\"@type\":\"SearchAction\",\"target\":{\"@type\":\"EntryPoint\",\"urlTemplate\":\"https:\/\/www.ifema.es\/fruit-attraction-sao-paulo\/?s={search_term_string}\"},\"query-input\":{\"@type\":\"PropertyValueSpecification\",\"valueRequired\":true,\"valueName\":\"search_term_string\"}}],\"inLanguage\":\"es-ES\"},{\"@type\":\"Organization\",\"@id\":\"https:\/\/www.ifema.es\/fruit-attraction-sao-paulo\/#organization\",\"name\":\"Fruit Attraction Sao Paulo | IFEMA MADRID INTERNACIONAL\",\"url\":\"https:\/\/www.ifema.es\/fruit-attraction-sao-paulo\/\",\"logo\":{\"@type\":\"ImageObject\",\"inLanguage\":\"es-ES\",\"@id\":\"https:\/\/www.ifema.es\/fruit-attraction-sao-paulo\/#\/schema\/logo\/image\/\",\"url\":\"https:\/\/www.ifema.es\/fruit-attraction-sao-paulo\/wp-content\/uploads\/2024\/01\/logo-fruit-attraction-sao-paulo.jpg\",\"contentUrl\":\"https:\/\/www.ifema.es\/fruit-attraction-sao-paulo\/wp-content\/uploads\/2024\/01\/logo-fruit-attraction-sao-paulo.jpg\",\"width\":400,\"height\":300,\"caption\":\"Fruit Attraction Sao Paulo | IFEMA MADRID INTERNACIONAL\"},\"image\":{\"@id\":\"https:\/\/www.ifema.es\/fruit-attraction-sao-paulo\/#\/schema\/logo\/image\/\"},\"sameAs\":[\"https:\/\/www.facebook.com\/people\/Fruit-Attraction-So-Paulo\/61553117052718\/\",\"https:\/\/www.instagram.com\/fruitattraction_saopaulo\/\",\"https:\/\/www.linkedin.com\/company\/fruit-attraction-so-paulo\/\"]},{\"@type\":\"Person\",\"@id\":\"https:\/\/www.ifema.es\/fruit-attraction-sao-paulo\/#\/schema\/person\/ca209e86e8182445d0a351c7daabe509\",\"name\":\"Leandro Ursulano\",\"image\":{\"@type\":\"ImageObject\",\"inLanguage\":\"es-ES\",\"@id\":\"https:\/\/www.ifema.es\/fruit-attraction-sao-paulo\/#\/schema\/person\/image\/\",\"url\":\"https:\/\/secure.gravatar.com\/avatar\/2379260cadc7a1e6f807da70f5c7cb3f423d0394bcad778f6c4a6614e035829d?s=96&d=mm&r=g\",\"contentUrl\":\"https:\/\/secure.gravatar.com\/avatar\/2379260cadc7a1e6f807da70f5c7cb3f423d0394bcad778f6c4a6614e035829d?s=96&d=mm&r=g\",\"caption\":\"Leandro Ursulano\"},\"url\":\"https:\/\/www.ifema.es\/fruit-attraction-sao-paulo\/noticias\/author\/leandro\/\"}]}<\/script>\n<!-- \/ Yoast SEO plugin. -->","yoast_head_json":{"title":"Fruticultura brasileira pode ir muito al\u00e9m do embarque de US$ 1 bilh\u00e3o, diz especialista - Fruit Attraction Sao Paulo | IFEMA MADRID INTERNACIONAL","robots":{"index":"index","follow":"follow","max-snippet":"max-snippet:-1","max-image-preview":"max-image-preview:large","max-video-preview":"max-video-preview:-1"},"canonical":"https:\/\/www.ifema.es\/fruit-attraction-sao-paulo\/noticias\/fruticultura-brasileira-pode-ir-muito-alem-do-embarque-de-us-1-bilhao-diz-especialista\/","og_locale":"es_ES","og_type":"article","og_title":"Fruticultura brasileira pode ir muito al\u00e9m do embarque de US$ 1 bilh\u00e3o, diz especialista - Fruit Attraction Sao Paulo | IFEMA MADRID INTERNACIONAL","og_description":"N\u00e3o h\u00e1 raz\u00e3o alguma para o setor de frutas ficar somente nesta cifra de um universo de embarques do agro, que j\u00e1 supera US$ 160 bilh\u00f5es, afirma Marcos Jank, do Agro Insper Global` A fruticultura brasileira tem enorme potencial para ir bem al\u00e9m da modesta exporta\u00e7\u00e3o de apenas US$ 1 bilh\u00e3o em 2024, disse o...","og_url":"https:\/\/www.ifema.es\/fruit-attraction-sao-paulo\/noticias\/fruticultura-brasileira-pode-ir-muito-alem-do-embarque-de-us-1-bilhao-diz-especialista\/","og_site_name":"Fruit Attraction Sao Paulo | IFEMA MADRID INTERNACIONAL","article_publisher":"https:\/\/www.facebook.com\/people\/Fruit-Attraction-So-Paulo\/61553117052718\/","article_published_time":"2025-03-26T19:56:37+00:00","article_modified_time":"2025-03-26T19:59:18+00:00","og_image":[{"width":2000,"height":1333,"url":"https:\/\/www.ifema.es\/fruit-attraction-sao-paulo\/wp-content\/uploads\/2025\/03\/foto2.jpg","type":"image\/jpeg"}],"author":"Leandro Ursulano","twitter_card":"summary_large_image","twitter_misc":{"Escrito por":"Leandro Ursulano","Tiempo de lectura":"2 minutes"},"schema":{"@context":"https:\/\/schema.org","@graph":[{"@type":"Article","@id":"https:\/\/www.ifema.es\/fruit-attraction-sao-paulo\/noticias\/fruticultura-brasileira-pode-ir-muito-alem-do-embarque-de-us-1-bilhao-diz-especialista\/#article","isPartOf":{"@id":"https:\/\/www.ifema.es\/fruit-attraction-sao-paulo\/noticias\/fruticultura-brasileira-pode-ir-muito-alem-do-embarque-de-us-1-bilhao-diz-especialista\/"},"author":{"name":"Leandro Ursulano","@id":"https:\/\/www.ifema.es\/fruit-attraction-sao-paulo\/#\/schema\/person\/ca209e86e8182445d0a351c7daabe509"},"headline":"Fruticultura brasileira pode ir muito al\u00e9m do embarque de US$ 1 bilh\u00e3o, diz especialista","datePublished":"2025-03-26T19:56:37+00:00","dateModified":"2025-03-26T19:59:18+00:00","mainEntityOfPage":{"@id":"https:\/\/www.ifema.es\/fruit-attraction-sao-paulo\/noticias\/fruticultura-brasileira-pode-ir-muito-alem-do-embarque-de-us-1-bilhao-diz-especialista\/"},"wordCount":388,"publisher":{"@id":"https:\/\/www.ifema.es\/fruit-attraction-sao-paulo\/#organization"},"image":{"@id":"https:\/\/www.ifema.es\/fruit-attraction-sao-paulo\/noticias\/fruticultura-brasileira-pode-ir-muito-alem-do-embarque-de-us-1-bilhao-diz-especialista\/#primaryimage"},"thumbnailUrl":"https:\/\/www.ifema.es\/fruit-attraction-sao-paulo\/wp-content\/uploads\/2025\/03\/foto2.jpg","articleSection":["Release"],"inLanguage":"es-ES"},{"@type":"WebPage","@id":"https:\/\/www.ifema.es\/fruit-attraction-sao-paulo\/noticias\/fruticultura-brasileira-pode-ir-muito-alem-do-embarque-de-us-1-bilhao-diz-especialista\/","url":"https:\/\/www.ifema.es\/fruit-attraction-sao-paulo\/noticias\/fruticultura-brasileira-pode-ir-muito-alem-do-embarque-de-us-1-bilhao-diz-especialista\/","name":"Fruticultura brasileira pode ir muito al\u00e9m do embarque de US$ 1 bilh\u00e3o, diz especialista - Fruit Attraction Sao Paulo | IFEMA MADRID INTERNACIONAL","isPartOf":{"@id":"https:\/\/www.ifema.es\/fruit-attraction-sao-paulo\/#website"},"primaryImageOfPage":{"@id":"https:\/\/www.ifema.es\/fruit-attraction-sao-paulo\/noticias\/fruticultura-brasileira-pode-ir-muito-alem-do-embarque-de-us-1-bilhao-diz-especialista\/#primaryimage"},"image":{"@id":"https:\/\/www.ifema.es\/fruit-attraction-sao-paulo\/noticias\/fruticultura-brasileira-pode-ir-muito-alem-do-embarque-de-us-1-bilhao-diz-especialista\/#primaryimage"},"thumbnailUrl":"https:\/\/www.ifema.es\/fruit-attraction-sao-paulo\/wp-content\/uploads\/2025\/03\/foto2.jpg","datePublished":"2025-03-26T19:56:37+00:00","dateModified":"2025-03-26T19:59:18+00:00","inLanguage":"es-ES","potentialAction":[{"@type":"ReadAction","target":["https:\/\/www.ifema.es\/fruit-attraction-sao-paulo\/noticias\/fruticultura-brasileira-pode-ir-muito-alem-do-embarque-de-us-1-bilhao-diz-especialista\/"]}]},{"@type":"ImageObject","inLanguage":"es-ES","@id":"https:\/\/www.ifema.es\/fruit-attraction-sao-paulo\/noticias\/fruticultura-brasileira-pode-ir-muito-alem-do-embarque-de-us-1-bilhao-diz-especialista\/#primaryimage","url":"https:\/\/www.ifema.es\/fruit-attraction-sao-paulo\/wp-content\/uploads\/2025\/03\/foto2.jpg","contentUrl":"https:\/\/www.ifema.es\/fruit-attraction-sao-paulo\/wp-content\/uploads\/2025\/03\/foto2.jpg","width":2000,"height":1333},{"@type":"WebSite","@id":"https:\/\/www.ifema.es\/fruit-attraction-sao-paulo\/#website","url":"https:\/\/www.ifema.es\/fruit-attraction-sao-paulo\/","name":"Fruit Attraction Sao Paulo | IFEMA MADRID INTERNACIONAL","description":"Bienvenido a Fruit Attraction Sao Paulo, la Feria Internacional del Sector de Frutas y Hortalizas. Haz click y descubre todas las novedades de la edici\u00f3n de este a\u00f1o.","publisher":{"@id":"https:\/\/www.ifema.es\/fruit-attraction-sao-paulo\/#organization"},"potentialAction":[{"@type":"SearchAction","target":{"@type":"EntryPoint","urlTemplate":"https:\/\/www.ifema.es\/fruit-attraction-sao-paulo\/?s={search_term_string}"},"query-input":{"@type":"PropertyValueSpecification","valueRequired":true,"valueName":"search_term_string"}}],"inLanguage":"es-ES"},{"@type":"Organization","@id":"https:\/\/www.ifema.es\/fruit-attraction-sao-paulo\/#organization","name":"Fruit Attraction Sao Paulo | IFEMA MADRID INTERNACIONAL","url":"https:\/\/www.ifema.es\/fruit-attraction-sao-paulo\/","logo":{"@type":"ImageObject","inLanguage":"es-ES","@id":"https:\/\/www.ifema.es\/fruit-attraction-sao-paulo\/#\/schema\/logo\/image\/","url":"https:\/\/www.ifema.es\/fruit-attraction-sao-paulo\/wp-content\/uploads\/2024\/01\/logo-fruit-attraction-sao-paulo.jpg","contentUrl":"https:\/\/www.ifema.es\/fruit-attraction-sao-paulo\/wp-content\/uploads\/2024\/01\/logo-fruit-attraction-sao-paulo.jpg","width":400,"height":300,"caption":"Fruit Attraction Sao Paulo | IFEMA MADRID INTERNACIONAL"},"image":{"@id":"https:\/\/www.ifema.es\/fruit-attraction-sao-paulo\/#\/schema\/logo\/image\/"},"sameAs":["https:\/\/www.facebook.com\/people\/Fruit-Attraction-So-Paulo\/61553117052718\/","https:\/\/www.instagram.com\/fruitattraction_saopaulo\/","https:\/\/www.linkedin.com\/company\/fruit-attraction-so-paulo\/"]},{"@type":"Person","@id":"https:\/\/www.ifema.es\/fruit-attraction-sao-paulo\/#\/schema\/person\/ca209e86e8182445d0a351c7daabe509","name":"Leandro Ursulano","image":{"@type":"ImageObject","inLanguage":"es-ES","@id":"https:\/\/www.ifema.es\/fruit-attraction-sao-paulo\/#\/schema\/person\/image\/","url":"https:\/\/secure.gravatar.com\/avatar\/2379260cadc7a1e6f807da70f5c7cb3f423d0394bcad778f6c4a6614e035829d?s=96&d=mm&r=g","contentUrl":"https:\/\/secure.gravatar.com\/avatar\/2379260cadc7a1e6f807da70f5c7cb3f423d0394bcad778f6c4a6614e035829d?s=96&d=mm&r=g","caption":"Leandro Ursulano"},"url":"https:\/\/www.ifema.es\/fruit-attraction-sao-paulo\/noticias\/author\/leandro\/"}]}},"_links":{"self":[{"href":"https:\/\/www.ifema.es\/fruit-attraction-sao-paulo\/wp-json\/wp\/v2\/posts\/28702","targetHints":{"allow":["GET"]}}],"collection":[{"href":"https:\/\/www.ifema.es\/fruit-attraction-sao-paulo\/wp-json\/wp\/v2\/posts"}],"about":[{"href":"https:\/\/www.ifema.es\/fruit-attraction-sao-paulo\/wp-json\/wp\/v2\/types\/post"}],"author":[{"embeddable":true,"href":"https:\/\/www.ifema.es\/fruit-attraction-sao-paulo\/wp-json\/wp\/v2\/users\/3"}],"replies":[{"embeddable":true,"href":"https:\/\/www.ifema.es\/fruit-attraction-sao-paulo\/wp-json\/wp\/v2\/comments?post=28702"}],"version-history":[{"count":1,"href":"https:\/\/www.ifema.es\/fruit-attraction-sao-paulo\/wp-json\/wp\/v2\/posts\/28702\/revisions"}],"predecessor-version":[{"id":28704,"href":"https:\/\/www.ifema.es\/fruit-attraction-sao-paulo\/wp-json\/wp\/v2\/posts\/28702\/revisions\/28704"}],"wp:featuredmedia":[{"embeddable":true,"href":"https:\/\/www.ifema.es\/fruit-attraction-sao-paulo\/wp-json\/wp\/v2\/media\/28703"}],"wp:attachment":[{"href":"https:\/\/www.ifema.es\/fruit-attraction-sao-paulo\/wp-json\/wp\/v2\/media?parent=28702"}],"wp:term":[{"taxonomy":"category","embeddable":true,"href":"https:\/\/www.ifema.es\/fruit-attraction-sao-paulo\/wp-json\/wp\/v2\/categories?post=28702"},{"taxonomy":"post_tag","embeddable":true,"href":"https:\/\/www.ifema.es\/fruit-attraction-sao-paulo\/wp-json\/wp\/v2\/tags?post=28702"}],"curies":[{"name":"wp","href":"https:\/\/api.w.org\/{rel}","templated":true}]}}