{"id":28700,"date":"2025-03-26T20:54:46","date_gmt":"2025-03-26T19:54:46","guid":{"rendered":"https:\/\/www.ifema.es\/fruit-attraction-sao-paulo\/?p=28700"},"modified":"2025-03-26T20:54:46","modified_gmt":"2025-03-26T19:54:46","slug":"fruit-attraction-com-apoio-do-governo-de-sp-fruticultura-paulista-ganha-espaco-no-mercado-internacional","status":"publish","type":"post","link":"https:\/\/www.ifema.es\/fruit-attraction-sao-paulo\/noticias\/fruit-attraction-com-apoio-do-governo-de-sp-fruticultura-paulista-ganha-espaco-no-mercado-internacional\/","title":{"rendered":"Fruit Attraction: Com apoio do Governo de SP, fruticultura paulista ganha espa\u00e7o no mercado internacional"},"content":{"rendered":"<p><em>Durante o evento, a Secretaria de Agricultura de SP assinou termo de coopera\u00e7\u00e3o t\u00e9cnica com a Seagri com foco na produ\u00e7\u00e3o de frutas vermelhas.<\/em><\/p>\n<p>Com o objetivo de promover o crescimento internacional da fruticultura paulista, a Secretaria Estadual de Agricultura e Abastecimento de SP participou da abertura da Fruit Attraction SP 2025, a principal feira internacional de frutas e hortali\u00e7as da Am\u00e9rica Latina, nesta ter\u00e7a-feira (25\/03), na capital paulista.<\/p>\n<p>Na oportunidade, a Secretaria de Agricultura de SP assinou um termo de coopera\u00e7\u00e3o t\u00e9cnica com a Secretaria da Agricultura, Abastecimento e Desenvolvimento Rural do Distrito Federal (Seagri) com foco na produ\u00e7\u00e3o de frutas vermelhas. A parceria abrange a forma\u00e7\u00e3o de pessoal em \u00e1reas estrat\u00e9gicas, o aux\u00edlio t\u00e9cnico m\u00fatuo e o compartilhamento de dados, visando o desenvolvimento de projetos de agricultura familiar.<\/p>\n<p>\u201cA fruticultura agrega valor, movimenta a economia, gera empregos e preserva o meio ambiente. O Brasil tem um potencial gigantesco para n\u00e3o apenas liderar o processo de seguran\u00e7a alimentar no mundo, mas tamb\u00e9m de transi\u00e7\u00e3o energ\u00e9tica e de mitiga\u00e7\u00e3o dos efeitos das mudan\u00e7as clim\u00e1ticas. SP \u00e9 o estado com a maior diversifica\u00e7\u00e3o de culturas do Brasil, o que nos faz liderar a balan\u00e7a comercial brasileira mesmo em anos dif\u00edceis, com seca severa\u201d, destacou o secret\u00e1rio de Agricultura e Abastecimento, Guilherme Piai.<\/p>\n<p>Vale destacar que o Estado de S\u00e3o Paulo \u00e9 o principal produtor nacional de frutas, exportando mais de U$250 milh\u00f5es por ano, segundo dados do Instituto de Economia Agr\u00edcola (IEA \u2013 Apta), vinculado \u00e0 SAA. Em 2024, a fruticultura paulista registrou crescimento de 13% em rela\u00e7\u00e3o ao ano anterior. Apenas os produtos da citricultura somaram 50% de participa\u00e7\u00e3o, com 112 mil toneladas exportadas. Al\u00e9m disso, o grupo de sucos \u00e9 o segundo maior exportado na balan\u00e7a comercial, somando 14,2% de participa\u00e7\u00e3o, somando US$573,74 milh\u00f5es, dos quais 98,6% correspondem ao suco de laranja.<\/p>\n<p>Com uma fruticultura diversificada, SP tamb\u00e9m lidera a produ\u00e7\u00e3o de banana, com 26% do total produzido no pa\u00eds, e de abacate, com 40%. Outros destaques s\u00e3o caqui, manga, mam\u00e3o, goiaba e figo. Durante a feira, a Secretaria de Agricultura, por meio de suas coordenadorias \u2014 APTA, CATI, Defesa Agropecu\u00e1ria \u2014 e das C\u00e2maras Setoriais, apresenta as principais iniciativas do governo paulista para o desenvolvimento da fruticultura paulista.<\/p>\n<p>Entre as iniciativas, est\u00e1 o Projeto Frutas Vermelhas SP, que incentiva produ\u00e7\u00e3o de mirtilo, framboesa e amora em territ\u00f3rio paulista com \u00eanfase na agricultura familiar, levando renda e diversifica\u00e7\u00e3o de culturas ao campo, al\u00e9m de transmitir inova\u00e7\u00e3o e extens\u00e3o aos produtores. Al\u00e9m disso, conta com o Projeto Cacau SP, que pretende impulsionar a cacauicultura no estado. Em 2025, foram plantados 34,3 mil p\u00e9s novos, um aumento de 37,83% em rela\u00e7\u00e3o a 2024.<\/p>\n<p>Na Fruit Attraction, a Coordenadoria de Defesa Agropecu\u00e1ria (CDA) apresentou a\u00e7\u00f5es de certifica\u00e7\u00e3o fitossanit\u00e1ria de origem que possibilitam a exporta\u00e7\u00e3o dos produtos paulistas. O cadastro e supervis\u00e3o de plantios de lima \u00e1cida tahiti tornam S\u00e3o Paulo o maior exportador do pa\u00eds, com mais de 60% da lima \u00e1cida exportada. Com a abertura dos mercados do Jap\u00e3o e Chile, no ano de 2025, a Defesa Agropecu\u00e1ria iniciou os cadastros e acompanhamento do abacate variedade Hass nas propriedades e casas de embalagem que processam este fruto. Atualmente est\u00e3o cadastradas 05 propriedades e 05 casas de embalagem.<\/p>\n<p>A Ag\u00eancia Paulista de Tecnologia dos Agroneg\u00f3cios (Apta) apresentou aos visitantes da feira, o melhoramento gen\u00e9tico do Instituto Agron\u00f4mico (IAC-Apta) com frutas tropicais e subtropicais, como uva, amora, p\u00eassego, macad\u00e2mia, caqui, citros, banana, maracuj\u00e1, abacaxi, entre outras. O Instituto Biol\u00f3gico (IB-Apta) levou \u00e0 Fruit Attraction pesquisas em sanidade vegetal, com estudos sobre pragas e doen\u00e7as que afetam fruticulturas.<\/p>\n<p>Vale lembrar que a Secretaria de Agricultura, por meio do Fundo de Expans\u00e3o do Agroneg\u00f3cio Paulista (FEAP), conta com uma linha de cr\u00e9dito de R$10 milh\u00f5es voltada para a fruticultura com taxa de 3% ao ano, 84 meses de prazo e 24 meses de car\u00eancia.<\/p>\n","protected":false},"excerpt":{"rendered":"<p>Durante o evento, a Secretaria de Agricultura de SP assinou termo de coopera\u00e7\u00e3o t\u00e9cnica com a Seagri com foco na produ\u00e7\u00e3o de frutas vermelhas. Com o objetivo de promover o crescimento internacional da fruticultura paulista, a Secretaria Estadual de Agricultura e Abastecimento de SP participou da abertura da Fruit Attraction SP 2025, a principal feira&#8230;<\/p>\n","protected":false},"author":3,"featured_media":28699,"comment_status":"closed","ping_status":"closed","sticky":false,"template":"","format":"standard","meta":{"_eb_attr":"","inline_featured_image":false,"footnotes":""},"categories":[90],"tags":[],"class_list":["post-28700","post","type-post","status-publish","format-standard","has-post-thumbnail","hentry","category-release-pt"],"yoast_head":"<!-- This site is optimized with the Yoast SEO plugin v27.1.1 - https:\/\/yoast.com\/product\/yoast-seo-wordpress\/ -->\n<title>Fruit Attraction: Com apoio do Governo de SP, fruticultura paulista ganha espa\u00e7o no mercado internacional - Fruit Attraction Sao Paulo | IFEMA MADRID INTERNACIONAL<\/title>\n<meta name=\"robots\" content=\"index, follow, max-snippet:-1, max-image-preview:large, max-video-preview:-1\" \/>\n<link rel=\"canonical\" href=\"https:\/\/www.ifema.es\/fruit-attraction-sao-paulo\/noticias\/fruit-attraction-com-apoio-do-governo-de-sp-fruticultura-paulista-ganha-espaco-no-mercado-internacional\/\" \/>\n<meta property=\"og:locale\" content=\"es_ES\" \/>\n<meta property=\"og:type\" content=\"article\" \/>\n<meta property=\"og:title\" content=\"Fruit Attraction: Com apoio do Governo de SP, fruticultura paulista ganha espa\u00e7o no mercado internacional - Fruit Attraction Sao Paulo | IFEMA MADRID INTERNACIONAL\" \/>\n<meta property=\"og:description\" content=\"Durante o evento, a Secretaria de Agricultura de SP assinou termo de coopera\u00e7\u00e3o t\u00e9cnica com a Seagri com foco na produ\u00e7\u00e3o de frutas vermelhas. Com o objetivo de promover o crescimento internacional da fruticultura paulista, a Secretaria Estadual de Agricultura e Abastecimento de SP participou da abertura da Fruit Attraction SP 2025, a principal feira...\" \/>\n<meta property=\"og:url\" content=\"https:\/\/www.ifema.es\/fruit-attraction-sao-paulo\/noticias\/fruit-attraction-com-apoio-do-governo-de-sp-fruticultura-paulista-ganha-espaco-no-mercado-internacional\/\" \/>\n<meta property=\"og:site_name\" content=\"Fruit Attraction Sao Paulo | IFEMA MADRID INTERNACIONAL\" \/>\n<meta property=\"article:publisher\" content=\"https:\/\/www.facebook.com\/people\/Fruit-Attraction-So-Paulo\/61553117052718\/\" \/>\n<meta property=\"article:published_time\" content=\"2025-03-26T19:54:46+00:00\" \/>\n<meta property=\"og:image\" content=\"https:\/\/www.ifema.es\/fruit-attraction-sao-paulo\/wp-content\/uploads\/2025\/03\/foto1.jpg\" \/>\n\t<meta property=\"og:image:width\" content=\"2000\" \/>\n\t<meta property=\"og:image:height\" content=\"1333\" \/>\n\t<meta property=\"og:image:type\" content=\"image\/jpeg\" \/>\n<meta name=\"author\" content=\"Leandro Ursulano\" \/>\n<meta name=\"twitter:card\" content=\"summary_large_image\" \/>\n<meta name=\"twitter:label1\" content=\"Escrito por\" \/>\n\t<meta name=\"twitter:data1\" content=\"Leandro Ursulano\" \/>\n\t<meta name=\"twitter:label2\" content=\"Tiempo de lectura\" \/>\n\t<meta name=\"twitter:data2\" content=\"4 minutes\" \/>\n<script type=\"application\/ld+json\" class=\"yoast-schema-graph\">{\"@context\":\"https:\/\/schema.org\",\"@graph\":[{\"@type\":\"Article\",\"@id\":\"https:\/\/www.ifema.es\/fruit-attraction-sao-paulo\/noticias\/fruit-attraction-com-apoio-do-governo-de-sp-fruticultura-paulista-ganha-espaco-no-mercado-internacional\/#article\",\"isPartOf\":{\"@id\":\"https:\/\/www.ifema.es\/fruit-attraction-sao-paulo\/noticias\/fruit-attraction-com-apoio-do-governo-de-sp-fruticultura-paulista-ganha-espaco-no-mercado-internacional\/\"},\"author\":{\"name\":\"Leandro Ursulano\",\"@id\":\"https:\/\/www.ifema.es\/fruit-attraction-sao-paulo\/#\/schema\/person\/ca209e86e8182445d0a351c7daabe509\"},\"headline\":\"Fruit Attraction: Com apoio do Governo de SP, fruticultura paulista ganha espa\u00e7o no mercado internacional\",\"datePublished\":\"2025-03-26T19:54:46+00:00\",\"mainEntityOfPage\":{\"@id\":\"https:\/\/www.ifema.es\/fruit-attraction-sao-paulo\/noticias\/fruit-attraction-com-apoio-do-governo-de-sp-fruticultura-paulista-ganha-espaco-no-mercado-internacional\/\"},\"wordCount\":701,\"publisher\":{\"@id\":\"https:\/\/www.ifema.es\/fruit-attraction-sao-paulo\/#organization\"},\"image\":{\"@id\":\"https:\/\/www.ifema.es\/fruit-attraction-sao-paulo\/noticias\/fruit-attraction-com-apoio-do-governo-de-sp-fruticultura-paulista-ganha-espaco-no-mercado-internacional\/#primaryimage\"},\"thumbnailUrl\":\"https:\/\/www.ifema.es\/fruit-attraction-sao-paulo\/wp-content\/uploads\/2025\/03\/foto1.jpg\",\"articleSection\":[\"Release\"],\"inLanguage\":\"es-ES\"},{\"@type\":\"WebPage\",\"@id\":\"https:\/\/www.ifema.es\/fruit-attraction-sao-paulo\/noticias\/fruit-attraction-com-apoio-do-governo-de-sp-fruticultura-paulista-ganha-espaco-no-mercado-internacional\/\",\"url\":\"https:\/\/www.ifema.es\/fruit-attraction-sao-paulo\/noticias\/fruit-attraction-com-apoio-do-governo-de-sp-fruticultura-paulista-ganha-espaco-no-mercado-internacional\/\",\"name\":\"Fruit Attraction: Com apoio do Governo de SP, fruticultura paulista ganha espa\u00e7o no mercado internacional - Fruit Attraction Sao Paulo | IFEMA MADRID INTERNACIONAL\",\"isPartOf\":{\"@id\":\"https:\/\/www.ifema.es\/fruit-attraction-sao-paulo\/#website\"},\"primaryImageOfPage\":{\"@id\":\"https:\/\/www.ifema.es\/fruit-attraction-sao-paulo\/noticias\/fruit-attraction-com-apoio-do-governo-de-sp-fruticultura-paulista-ganha-espaco-no-mercado-internacional\/#primaryimage\"},\"image\":{\"@id\":\"https:\/\/www.ifema.es\/fruit-attraction-sao-paulo\/noticias\/fruit-attraction-com-apoio-do-governo-de-sp-fruticultura-paulista-ganha-espaco-no-mercado-internacional\/#primaryimage\"},\"thumbnailUrl\":\"https:\/\/www.ifema.es\/fruit-attraction-sao-paulo\/wp-content\/uploads\/2025\/03\/foto1.jpg\",\"datePublished\":\"2025-03-26T19:54:46+00:00\",\"inLanguage\":\"es-ES\",\"potentialAction\":[{\"@type\":\"ReadAction\",\"target\":[\"https:\/\/www.ifema.es\/fruit-attraction-sao-paulo\/noticias\/fruit-attraction-com-apoio-do-governo-de-sp-fruticultura-paulista-ganha-espaco-no-mercado-internacional\/\"]}]},{\"@type\":\"ImageObject\",\"inLanguage\":\"es-ES\",\"@id\":\"https:\/\/www.ifema.es\/fruit-attraction-sao-paulo\/noticias\/fruit-attraction-com-apoio-do-governo-de-sp-fruticultura-paulista-ganha-espaco-no-mercado-internacional\/#primaryimage\",\"url\":\"https:\/\/www.ifema.es\/fruit-attraction-sao-paulo\/wp-content\/uploads\/2025\/03\/foto1.jpg\",\"contentUrl\":\"https:\/\/www.ifema.es\/fruit-attraction-sao-paulo\/wp-content\/uploads\/2025\/03\/foto1.jpg\",\"width\":2000,\"height\":1333},{\"@type\":\"WebSite\",\"@id\":\"https:\/\/www.ifema.es\/fruit-attraction-sao-paulo\/#website\",\"url\":\"https:\/\/www.ifema.es\/fruit-attraction-sao-paulo\/\",\"name\":\"Fruit Attraction Sao Paulo | IFEMA MADRID INTERNACIONAL\",\"description\":\"Bienvenido a Fruit Attraction Sao Paulo, la Feria Internacional del Sector de Frutas y Hortalizas. Haz click y descubre todas las novedades de la edici\u00f3n de este a\u00f1o.\",\"publisher\":{\"@id\":\"https:\/\/www.ifema.es\/fruit-attraction-sao-paulo\/#organization\"},\"potentialAction\":[{\"@type\":\"SearchAction\",\"target\":{\"@type\":\"EntryPoint\",\"urlTemplate\":\"https:\/\/www.ifema.es\/fruit-attraction-sao-paulo\/?s={search_term_string}\"},\"query-input\":{\"@type\":\"PropertyValueSpecification\",\"valueRequired\":true,\"valueName\":\"search_term_string\"}}],\"inLanguage\":\"es-ES\"},{\"@type\":\"Organization\",\"@id\":\"https:\/\/www.ifema.es\/fruit-attraction-sao-paulo\/#organization\",\"name\":\"Fruit Attraction Sao Paulo | IFEMA MADRID INTERNACIONAL\",\"url\":\"https:\/\/www.ifema.es\/fruit-attraction-sao-paulo\/\",\"logo\":{\"@type\":\"ImageObject\",\"inLanguage\":\"es-ES\",\"@id\":\"https:\/\/www.ifema.es\/fruit-attraction-sao-paulo\/#\/schema\/logo\/image\/\",\"url\":\"https:\/\/www.ifema.es\/fruit-attraction-sao-paulo\/wp-content\/uploads\/2024\/01\/logo-fruit-attraction-sao-paulo.jpg\",\"contentUrl\":\"https:\/\/www.ifema.es\/fruit-attraction-sao-paulo\/wp-content\/uploads\/2024\/01\/logo-fruit-attraction-sao-paulo.jpg\",\"width\":400,\"height\":300,\"caption\":\"Fruit Attraction Sao Paulo | IFEMA MADRID INTERNACIONAL\"},\"image\":{\"@id\":\"https:\/\/www.ifema.es\/fruit-attraction-sao-paulo\/#\/schema\/logo\/image\/\"},\"sameAs\":[\"https:\/\/www.facebook.com\/people\/Fruit-Attraction-So-Paulo\/61553117052718\/\",\"https:\/\/www.instagram.com\/fruitattraction_saopaulo\/\",\"https:\/\/www.linkedin.com\/company\/fruit-attraction-so-paulo\/\"]},{\"@type\":\"Person\",\"@id\":\"https:\/\/www.ifema.es\/fruit-attraction-sao-paulo\/#\/schema\/person\/ca209e86e8182445d0a351c7daabe509\",\"name\":\"Leandro Ursulano\",\"image\":{\"@type\":\"ImageObject\",\"inLanguage\":\"es-ES\",\"@id\":\"https:\/\/www.ifema.es\/fruit-attraction-sao-paulo\/#\/schema\/person\/image\/\",\"url\":\"https:\/\/secure.gravatar.com\/avatar\/2379260cadc7a1e6f807da70f5c7cb3f423d0394bcad778f6c4a6614e035829d?s=96&d=mm&r=g\",\"contentUrl\":\"https:\/\/secure.gravatar.com\/avatar\/2379260cadc7a1e6f807da70f5c7cb3f423d0394bcad778f6c4a6614e035829d?s=96&d=mm&r=g\",\"caption\":\"Leandro Ursulano\"},\"url\":\"https:\/\/www.ifema.es\/fruit-attraction-sao-paulo\/noticias\/author\/leandro\/\"}]}<\/script>\n<!-- \/ Yoast SEO plugin. -->","yoast_head_json":{"title":"Fruit Attraction: Com apoio do Governo de SP, fruticultura paulista ganha espa\u00e7o no mercado internacional - Fruit Attraction Sao Paulo | IFEMA MADRID INTERNACIONAL","robots":{"index":"index","follow":"follow","max-snippet":"max-snippet:-1","max-image-preview":"max-image-preview:large","max-video-preview":"max-video-preview:-1"},"canonical":"https:\/\/www.ifema.es\/fruit-attraction-sao-paulo\/noticias\/fruit-attraction-com-apoio-do-governo-de-sp-fruticultura-paulista-ganha-espaco-no-mercado-internacional\/","og_locale":"es_ES","og_type":"article","og_title":"Fruit Attraction: Com apoio do Governo de SP, fruticultura paulista ganha espa\u00e7o no mercado internacional - Fruit Attraction Sao Paulo | IFEMA MADRID INTERNACIONAL","og_description":"Durante o evento, a Secretaria de Agricultura de SP assinou termo de coopera\u00e7\u00e3o t\u00e9cnica com a Seagri com foco na produ\u00e7\u00e3o de frutas vermelhas. Com o objetivo de promover o crescimento internacional da fruticultura paulista, a Secretaria Estadual de Agricultura e Abastecimento de SP participou da abertura da Fruit Attraction SP 2025, a principal feira...","og_url":"https:\/\/www.ifema.es\/fruit-attraction-sao-paulo\/noticias\/fruit-attraction-com-apoio-do-governo-de-sp-fruticultura-paulista-ganha-espaco-no-mercado-internacional\/","og_site_name":"Fruit Attraction Sao Paulo | IFEMA MADRID INTERNACIONAL","article_publisher":"https:\/\/www.facebook.com\/people\/Fruit-Attraction-So-Paulo\/61553117052718\/","article_published_time":"2025-03-26T19:54:46+00:00","og_image":[{"width":2000,"height":1333,"url":"https:\/\/www.ifema.es\/fruit-attraction-sao-paulo\/wp-content\/uploads\/2025\/03\/foto1.jpg","type":"image\/jpeg"}],"author":"Leandro Ursulano","twitter_card":"summary_large_image","twitter_misc":{"Escrito por":"Leandro Ursulano","Tiempo de lectura":"4 minutes"},"schema":{"@context":"https:\/\/schema.org","@graph":[{"@type":"Article","@id":"https:\/\/www.ifema.es\/fruit-attraction-sao-paulo\/noticias\/fruit-attraction-com-apoio-do-governo-de-sp-fruticultura-paulista-ganha-espaco-no-mercado-internacional\/#article","isPartOf":{"@id":"https:\/\/www.ifema.es\/fruit-attraction-sao-paulo\/noticias\/fruit-attraction-com-apoio-do-governo-de-sp-fruticultura-paulista-ganha-espaco-no-mercado-internacional\/"},"author":{"name":"Leandro Ursulano","@id":"https:\/\/www.ifema.es\/fruit-attraction-sao-paulo\/#\/schema\/person\/ca209e86e8182445d0a351c7daabe509"},"headline":"Fruit Attraction: Com apoio do Governo de SP, fruticultura paulista ganha espa\u00e7o no mercado internacional","datePublished":"2025-03-26T19:54:46+00:00","mainEntityOfPage":{"@id":"https:\/\/www.ifema.es\/fruit-attraction-sao-paulo\/noticias\/fruit-attraction-com-apoio-do-governo-de-sp-fruticultura-paulista-ganha-espaco-no-mercado-internacional\/"},"wordCount":701,"publisher":{"@id":"https:\/\/www.ifema.es\/fruit-attraction-sao-paulo\/#organization"},"image":{"@id":"https:\/\/www.ifema.es\/fruit-attraction-sao-paulo\/noticias\/fruit-attraction-com-apoio-do-governo-de-sp-fruticultura-paulista-ganha-espaco-no-mercado-internacional\/#primaryimage"},"thumbnailUrl":"https:\/\/www.ifema.es\/fruit-attraction-sao-paulo\/wp-content\/uploads\/2025\/03\/foto1.jpg","articleSection":["Release"],"inLanguage":"es-ES"},{"@type":"WebPage","@id":"https:\/\/www.ifema.es\/fruit-attraction-sao-paulo\/noticias\/fruit-attraction-com-apoio-do-governo-de-sp-fruticultura-paulista-ganha-espaco-no-mercado-internacional\/","url":"https:\/\/www.ifema.es\/fruit-attraction-sao-paulo\/noticias\/fruit-attraction-com-apoio-do-governo-de-sp-fruticultura-paulista-ganha-espaco-no-mercado-internacional\/","name":"Fruit Attraction: Com apoio do Governo de SP, fruticultura paulista ganha espa\u00e7o no mercado internacional - Fruit Attraction Sao Paulo | IFEMA MADRID INTERNACIONAL","isPartOf":{"@id":"https:\/\/www.ifema.es\/fruit-attraction-sao-paulo\/#website"},"primaryImageOfPage":{"@id":"https:\/\/www.ifema.es\/fruit-attraction-sao-paulo\/noticias\/fruit-attraction-com-apoio-do-governo-de-sp-fruticultura-paulista-ganha-espaco-no-mercado-internacional\/#primaryimage"},"image":{"@id":"https:\/\/www.ifema.es\/fruit-attraction-sao-paulo\/noticias\/fruit-attraction-com-apoio-do-governo-de-sp-fruticultura-paulista-ganha-espaco-no-mercado-internacional\/#primaryimage"},"thumbnailUrl":"https:\/\/www.ifema.es\/fruit-attraction-sao-paulo\/wp-content\/uploads\/2025\/03\/foto1.jpg","datePublished":"2025-03-26T19:54:46+00:00","inLanguage":"es-ES","potentialAction":[{"@type":"ReadAction","target":["https:\/\/www.ifema.es\/fruit-attraction-sao-paulo\/noticias\/fruit-attraction-com-apoio-do-governo-de-sp-fruticultura-paulista-ganha-espaco-no-mercado-internacional\/"]}]},{"@type":"ImageObject","inLanguage":"es-ES","@id":"https:\/\/www.ifema.es\/fruit-attraction-sao-paulo\/noticias\/fruit-attraction-com-apoio-do-governo-de-sp-fruticultura-paulista-ganha-espaco-no-mercado-internacional\/#primaryimage","url":"https:\/\/www.ifema.es\/fruit-attraction-sao-paulo\/wp-content\/uploads\/2025\/03\/foto1.jpg","contentUrl":"https:\/\/www.ifema.es\/fruit-attraction-sao-paulo\/wp-content\/uploads\/2025\/03\/foto1.jpg","width":2000,"height":1333},{"@type":"WebSite","@id":"https:\/\/www.ifema.es\/fruit-attraction-sao-paulo\/#website","url":"https:\/\/www.ifema.es\/fruit-attraction-sao-paulo\/","name":"Fruit Attraction Sao Paulo | IFEMA MADRID INTERNACIONAL","description":"Bienvenido a Fruit Attraction Sao Paulo, la Feria Internacional del Sector de Frutas y Hortalizas. Haz click y descubre todas las novedades de la edici\u00f3n de este a\u00f1o.","publisher":{"@id":"https:\/\/www.ifema.es\/fruit-attraction-sao-paulo\/#organization"},"potentialAction":[{"@type":"SearchAction","target":{"@type":"EntryPoint","urlTemplate":"https:\/\/www.ifema.es\/fruit-attraction-sao-paulo\/?s={search_term_string}"},"query-input":{"@type":"PropertyValueSpecification","valueRequired":true,"valueName":"search_term_string"}}],"inLanguage":"es-ES"},{"@type":"Organization","@id":"https:\/\/www.ifema.es\/fruit-attraction-sao-paulo\/#organization","name":"Fruit Attraction Sao Paulo | IFEMA MADRID INTERNACIONAL","url":"https:\/\/www.ifema.es\/fruit-attraction-sao-paulo\/","logo":{"@type":"ImageObject","inLanguage":"es-ES","@id":"https:\/\/www.ifema.es\/fruit-attraction-sao-paulo\/#\/schema\/logo\/image\/","url":"https:\/\/www.ifema.es\/fruit-attraction-sao-paulo\/wp-content\/uploads\/2024\/01\/logo-fruit-attraction-sao-paulo.jpg","contentUrl":"https:\/\/www.ifema.es\/fruit-attraction-sao-paulo\/wp-content\/uploads\/2024\/01\/logo-fruit-attraction-sao-paulo.jpg","width":400,"height":300,"caption":"Fruit Attraction Sao Paulo | IFEMA MADRID INTERNACIONAL"},"image":{"@id":"https:\/\/www.ifema.es\/fruit-attraction-sao-paulo\/#\/schema\/logo\/image\/"},"sameAs":["https:\/\/www.facebook.com\/people\/Fruit-Attraction-So-Paulo\/61553117052718\/","https:\/\/www.instagram.com\/fruitattraction_saopaulo\/","https:\/\/www.linkedin.com\/company\/fruit-attraction-so-paulo\/"]},{"@type":"Person","@id":"https:\/\/www.ifema.es\/fruit-attraction-sao-paulo\/#\/schema\/person\/ca209e86e8182445d0a351c7daabe509","name":"Leandro Ursulano","image":{"@type":"ImageObject","inLanguage":"es-ES","@id":"https:\/\/www.ifema.es\/fruit-attraction-sao-paulo\/#\/schema\/person\/image\/","url":"https:\/\/secure.gravatar.com\/avatar\/2379260cadc7a1e6f807da70f5c7cb3f423d0394bcad778f6c4a6614e035829d?s=96&d=mm&r=g","contentUrl":"https:\/\/secure.gravatar.com\/avatar\/2379260cadc7a1e6f807da70f5c7cb3f423d0394bcad778f6c4a6614e035829d?s=96&d=mm&r=g","caption":"Leandro Ursulano"},"url":"https:\/\/www.ifema.es\/fruit-attraction-sao-paulo\/noticias\/author\/leandro\/"}]}},"_links":{"self":[{"href":"https:\/\/www.ifema.es\/fruit-attraction-sao-paulo\/wp-json\/wp\/v2\/posts\/28700","targetHints":{"allow":["GET"]}}],"collection":[{"href":"https:\/\/www.ifema.es\/fruit-attraction-sao-paulo\/wp-json\/wp\/v2\/posts"}],"about":[{"href":"https:\/\/www.ifema.es\/fruit-attraction-sao-paulo\/wp-json\/wp\/v2\/types\/post"}],"author":[{"embeddable":true,"href":"https:\/\/www.ifema.es\/fruit-attraction-sao-paulo\/wp-json\/wp\/v2\/users\/3"}],"replies":[{"embeddable":true,"href":"https:\/\/www.ifema.es\/fruit-attraction-sao-paulo\/wp-json\/wp\/v2\/comments?post=28700"}],"version-history":[{"count":1,"href":"https:\/\/www.ifema.es\/fruit-attraction-sao-paulo\/wp-json\/wp\/v2\/posts\/28700\/revisions"}],"predecessor-version":[{"id":28701,"href":"https:\/\/www.ifema.es\/fruit-attraction-sao-paulo\/wp-json\/wp\/v2\/posts\/28700\/revisions\/28701"}],"wp:featuredmedia":[{"embeddable":true,"href":"https:\/\/www.ifema.es\/fruit-attraction-sao-paulo\/wp-json\/wp\/v2\/media\/28699"}],"wp:attachment":[{"href":"https:\/\/www.ifema.es\/fruit-attraction-sao-paulo\/wp-json\/wp\/v2\/media?parent=28700"}],"wp:term":[{"taxonomy":"category","embeddable":true,"href":"https:\/\/www.ifema.es\/fruit-attraction-sao-paulo\/wp-json\/wp\/v2\/categories?post=28700"},{"taxonomy":"post_tag","embeddable":true,"href":"https:\/\/www.ifema.es\/fruit-attraction-sao-paulo\/wp-json\/wp\/v2\/tags?post=28700"}],"curies":[{"name":"wp","href":"https:\/\/api.w.org\/{rel}","templated":true}]}}