{"id":28639,"date":"2025-03-26T14:19:48","date_gmt":"2025-03-26T13:19:48","guid":{"rendered":"https:\/\/www.ifema.es\/fruit-attraction-sao-paulo\/?p=28639"},"modified":"2025-03-26T14:19:48","modified_gmt":"2025-03-26T13:19:48","slug":"o-brasil-das-frutas-melancia-sem-sementes-nas-cores-amarela-ou-vermelha","status":"publish","type":"post","link":"https:\/\/www.ifema.es\/fruit-attraction-sao-paulo\/noticias\/o-brasil-das-frutas-melancia-sem-sementes-nas-cores-amarela-ou-vermelha\/","title":{"rendered":"O Brasil das frutas: Melancia sem sementes, nas cores amarela ou vermelha"},"content":{"rendered":"<p>Acontece em S\u00e3o Paulo, at\u00e9 quinta-feira, a 2\u00aa Fruit Attraction, evento internacional de frutas e hortali\u00e7as. A feira, organizada pela IFEMA MADRID e FIERA MILANO BRASIL, \u00e9 considerada a principal do segmento.<\/p>\n<p>S\u00e3o Paulo \u00e9 o principal estado produtor de frutas, e o Brasil ocupa a terceira posi\u00e7\u00e3o mundial nesse setor.<\/p>\n<p>O secret\u00e1rio de Agricultura e Abastecimento de S\u00e3o Paulo, Guilherme Piai, participou da aberturas da feira e assinou um termo de coopera\u00e7\u00e3o t\u00e9cnica com a Secretaria da Agricultura, Abastecimento e Desenvolvimento Rural do Distrito Federal (Seagri), com foco na produ\u00e7\u00e3o de frutas vermelhas.<\/p>\n<p>\u201cA fruticultura agrega valor, movimenta a economia, gera empregos e preserva o meio ambiente. O Brasil tem um potencial gigantesco para n\u00e3o apenas liderar o processo de seguran\u00e7a alimentar no mundo, mas tamb\u00e9m para promover a transi\u00e7\u00e3o energ\u00e9tica e mitigar os efeitos das mudan\u00e7as clim\u00e1ticas. S\u00e3o Paulo \u00e9 o estado com a maior diversifica\u00e7\u00e3o de culturas do Brasil, o que nos faz liderar a balan\u00e7a comercial brasileira, mesmo em anos dif\u00edceis, como os de seca severa\u201d, disse Piai.<\/p>\n<p>Aqui no Mundo Agro, voc\u00ea vai conferir um pouco de tudo o que logo estar\u00e1 dispon\u00edvel para o consumidor. E h\u00e1 muita inova\u00e7\u00e3o, pesquisa, tecnologia e a\u00e7\u00f5es sustent\u00e1veis em todo o cultivo.<\/p>\n<p>Hoje, inicio uma s\u00e9rie de mat\u00e9rias especiais. Aproveite o bate-papo que tive com dois representantes da BASF, l\u00edder em produtos de prote\u00e7\u00e3o de cultivos para o segmento.<\/p>\n<p>Ah&#8230; como uma apreciadora de melancias, assim como a Magali da Turma da M\u00f4nica, eu quero saber o que \u00e9 essa melancia sem sementes, doce e de cor amarela. Quem me explicou tudo foi Thiago Abud, gerente de clientes e consumidores de Nunhems, marca de sementes e hortali\u00e7as da BASF.<\/p>\n<p>Mundo Agro: Melancia Pingo Doce. O que essa melancia tem de diferente da tradicional que conhecemos? Ela \u00e9 um modelo inovador por aqui. Foi desenvolvida na Espanha, certo?<\/p>\n<p>Thiago Abud: A melancia Pingo Doce \u00e9 naturalmente diferente. Trata-se de uma melancia menor, sem sementes, com sabor mais doce. Para introduzi-la no mercado e aumentar a demanda dos produtores, criamos a marca Pingo Doce e passamos a gerir toda a cadeia produtiva.<\/p>\n<p>Mundo Agro: Qual \u00e9 a expectativa do setor, com essas sementes, para essa nova melancia?<\/p>\n<p>Thiago Abud: Conseguimos promover a produ\u00e7\u00e3o, sabendo exatamente para quem vamos comercializar e quais mercados atenderemos. Assim, conseguimos produzir de forma escalonada, com muito cuidado no manejo produtivo, garantindo qualidade e uma boa rentabilidade para o produtor. Esses s\u00e3o os principais benef\u00edcios para quem faz parte da nossa cadeia. Para o comercializador, tamb\u00e9m h\u00e1 vantagens, pois ele se diferencia com uma fruta de melhor qualidade e maior valor agregado.<\/p>\n<p>Mundo Agro: A semente usada \u00e9 a Nunhems, mas voc\u00eas cuidam de toda a cadeia, incluindo o rastreamento. Me fale um pouco sobre esse processo. Isso garante um produto 100% de qualidade para o consumidor? Mas tudo isso tem um custo. Quanto custa o produto final se comparado com uma melancia tradicional?<\/p>\n<p>Thiago Abud: A melancia Pingo Doce tem um custo de produ\u00e7\u00e3o um pouco maior e uma produtividade menor, principalmente devido ao seu tamanho menor. Normalmente, o valor final \u00e9 de 30% a 40% superior ao das melancias tradicionais.<\/p>\n<p>Mundo Agro: E quanto \u00e0 sustentabilidade na produ\u00e7\u00e3o? Como ela ocorre?<\/p>\n<p>Thiago Abud: Na produ\u00e7\u00e3o, para garantir qualidade e boa produtividade, \u00e9 fundamental adotar o sistema de irriga\u00e7\u00e3o por gotejamento, que \u00e9 uma pr\u00e1tica mais sustent\u00e1vel e utiliza muito menos \u00e1gua que as formas tradicionais. Al\u00e9m disso, evita-se o desperd\u00edcio de produto, pois a \u00e1gua \u00e9 aplicada diretamente na planta e n\u00e3o em toda a \u00e1rea. Tamb\u00e9m \u00e9 importante que os produtores realizem um manejo correto das abelhas para garantir uma boa poliniza\u00e7\u00e3o, o que favorece a produtividade e qualidade da melancia. Isso contribui para que sejam utilizadas t\u00e9cnicas mais sustent\u00e1veis de produ\u00e7\u00e3o.<\/p>\n<p>E agora, para saber mais sobre as novidades no controle de pragas, acompanhe a entrevista com Juliana Massoni, gerente de marketing de cultivos hortifruti e citros da BASF.<\/p>\n<p>Mundo Agro: A BASF lidera o setor em produtos de prote\u00e7\u00e3o de cultivos. O que exatamente \u00e9 um produto de prote\u00e7\u00e3o?<\/p>\n<p>Juliana Massoni: Um produto de prote\u00e7\u00e3o de cultivos \u00e9 aquele utilizado para manter a sanidade da planta. Ele serve para defender as plantas contra fungos, doen\u00e7as e insetos, que podem prejudicar a produtividade do produtor e, muitas vezes, at\u00e9 inviabilizar a colheita.<\/p>\n<p>Mundo Agro: Com rela\u00e7\u00e3o ao controle de pragas e doen\u00e7as no campo, a BASF trouxe tr\u00eas novidades em fungicidas: Mibelya, Melyra e Vinquo. Como eles atuam nos fungos e quais culturas s\u00e3o beneficiadas? O Vinquo tamb\u00e9m \u00e9 um inseticida, certo?<\/p>\n<p>Juliana Massoni: \u00c9 muito importante aplicar a quantidade certa de produto no momento exato, seja para fungos, doen\u00e7as ou pragas, para garantir a produtividade e que o alimento chegue com qualidade \u00e0s prateleiras do supermercado. O Mibelya e o Melyra s\u00e3o fungicidas, enquanto o Vinquo \u00e9 um inseticida.<\/p>\n<p>O Mibelya combina dois ativos potentes para controlar principalmente a pinta preta, na batata, e a septoriose, no tomate. Tamb\u00e9m \u00e9 eficaz no controle da sarna na ma\u00e7\u00e3. \u00c9 um produto muito abrangente, atendendo mais de 40 culturas de hortifruti, beneficiando desde grandes produtores de batata at\u00e9 pequenos produtores de morango.<\/p>\n<p>O Melyra, por sua vez, \u00e9 um fungicida com um ativo exclusivo da BASF, voltado para o controle da podrid\u00e3o floral no citrus, especialmente no mercado de laranja.<\/p>\n<p>O Vinquo \u00e9 um inseticida com um novo modo de a\u00e7\u00e3o no mercado, ajudando no manejo da resist\u00eancia dos insetos. Ele \u00e9 eficaz contra a mosca branca no tomate, que \u00e9 um vetor para o v\u00edrus rugoso.<\/p>\n<p>Mundo Agro: Como o Vinquo age?<\/p>\n<p>Juliana Massoni: O Vinquo paralisa a alimenta\u00e7\u00e3o do inseto, o que n\u00e3o provoca a morte imediata, mas impede a propaga\u00e7\u00e3o do v\u00edrus. Com isso, ele quebra o ciclo da praga, diminuindo a transmiss\u00e3o de viroses e, eventualmente, levando o inseto \u00e0 morte.<\/p>\n<p>FONTE: <a href=\"https:\/\/noticias.r7.com\/prisma\/mundo-agro\/o-brasil-das-frutas-melancia-sem-sementes-nas-cores-amarela-ou-vermelha-25032025\/\" target=\"_blank\">R7<\/a><\/p>\n","protected":false},"excerpt":{"rendered":"<p>Acontece em S\u00e3o Paulo, at\u00e9 quinta-feira, a 2\u00aa Fruit Attraction, evento internacional de frutas e hortali\u00e7as. A feira, organizada pela IFEMA MADRID e FIERA MILANO BRASIL, \u00e9 considerada a principal do segmento. S\u00e3o Paulo \u00e9 o principal estado produtor de frutas, e o Brasil ocupa a terceira posi\u00e7\u00e3o mundial nesse setor. O secret\u00e1rio de Agricultura&#8230;<\/p>\n","protected":false},"author":3,"featured_media":28564,"comment_status":"closed","ping_status":"closed","sticky":false,"template":"","format":"standard","meta":{"_eb_attr":"","inline_featured_image":false,"footnotes":""},"categories":[51],"tags":[],"class_list":["post-28639","post","type-post","status-publish","format-standard","has-post-thumbnail","hentry","category-noticias"],"yoast_head":"<!-- This site is optimized with the Yoast SEO plugin v27.1.1 - https:\/\/yoast.com\/product\/yoast-seo-wordpress\/ -->\n<title>O Brasil das frutas: Melancia sem sementes, nas cores amarela ou vermelha - Fruit Attraction Sao Paulo | IFEMA MADRID INTERNACIONAL<\/title>\n<meta name=\"robots\" content=\"index, follow, max-snippet:-1, max-image-preview:large, max-video-preview:-1\" \/>\n<link rel=\"canonical\" href=\"https:\/\/www.ifema.es\/fruit-attraction-sao-paulo\/noticias\/o-brasil-das-frutas-melancia-sem-sementes-nas-cores-amarela-ou-vermelha\/\" \/>\n<meta property=\"og:locale\" content=\"es_ES\" \/>\n<meta property=\"og:type\" content=\"article\" \/>\n<meta property=\"og:title\" content=\"O Brasil das frutas: Melancia sem sementes, nas cores amarela ou vermelha - Fruit Attraction Sao Paulo | IFEMA MADRID INTERNACIONAL\" \/>\n<meta property=\"og:description\" content=\"Acontece em S\u00e3o Paulo, at\u00e9 quinta-feira, a 2\u00aa Fruit Attraction, evento internacional de frutas e hortali\u00e7as. A feira, organizada pela IFEMA MADRID e FIERA MILANO BRASIL, \u00e9 considerada a principal do segmento. S\u00e3o Paulo \u00e9 o principal estado produtor de frutas, e o Brasil ocupa a terceira posi\u00e7\u00e3o mundial nesse setor. O secret\u00e1rio de Agricultura...\" \/>\n<meta property=\"og:url\" content=\"https:\/\/www.ifema.es\/fruit-attraction-sao-paulo\/noticias\/o-brasil-das-frutas-melancia-sem-sementes-nas-cores-amarela-ou-vermelha\/\" \/>\n<meta property=\"og:site_name\" content=\"Fruit Attraction Sao Paulo | IFEMA MADRID INTERNACIONAL\" \/>\n<meta property=\"article:publisher\" content=\"https:\/\/www.facebook.com\/people\/Fruit-Attraction-So-Paulo\/61553117052718\/\" \/>\n<meta property=\"article:published_time\" content=\"2025-03-26T13:19:48+00:00\" \/>\n<meta property=\"og:image\" content=\"https:\/\/www.ifema.es\/fruit-attraction-sao-paulo\/wp-content\/uploads\/2025\/03\/WhatsApp-Image-2025-03-25-at-12.00.01-1-scaled.jpeg\" \/>\n\t<meta property=\"og:image:width\" content=\"2560\" \/>\n\t<meta property=\"og:image:height\" content=\"1707\" \/>\n\t<meta property=\"og:image:type\" content=\"image\/jpeg\" \/>\n<meta name=\"author\" content=\"Leandro Ursulano\" \/>\n<meta name=\"twitter:card\" content=\"summary_large_image\" \/>\n<meta name=\"twitter:label1\" content=\"Escrito por\" \/>\n\t<meta name=\"twitter:data1\" content=\"Leandro Ursulano\" \/>\n\t<meta name=\"twitter:label2\" content=\"Tiempo de lectura\" \/>\n\t<meta name=\"twitter:data2\" content=\"1 minute\" \/>\n<script type=\"application\/ld+json\" class=\"yoast-schema-graph\">{\"@context\":\"https:\/\/schema.org\",\"@graph\":[{\"@type\":\"Article\",\"@id\":\"https:\/\/www.ifema.es\/fruit-attraction-sao-paulo\/noticias\/o-brasil-das-frutas-melancia-sem-sementes-nas-cores-amarela-ou-vermelha\/#article\",\"isPartOf\":{\"@id\":\"https:\/\/www.ifema.es\/fruit-attraction-sao-paulo\/noticias\/o-brasil-das-frutas-melancia-sem-sementes-nas-cores-amarela-ou-vermelha\/\"},\"author\":{\"name\":\"Leandro Ursulano\",\"@id\":\"https:\/\/www.ifema.es\/fruit-attraction-sao-paulo\/#\/schema\/person\/ca209e86e8182445d0a351c7daabe509\"},\"headline\":\"O Brasil das frutas: Melancia sem sementes, nas cores amarela ou vermelha\",\"datePublished\":\"2025-03-26T13:19:48+00:00\",\"mainEntityOfPage\":{\"@id\":\"https:\/\/www.ifema.es\/fruit-attraction-sao-paulo\/noticias\/o-brasil-das-frutas-melancia-sem-sementes-nas-cores-amarela-ou-vermelha\/\"},\"wordCount\":1025,\"publisher\":{\"@id\":\"https:\/\/www.ifema.es\/fruit-attraction-sao-paulo\/#organization\"},\"image\":{\"@id\":\"https:\/\/www.ifema.es\/fruit-attraction-sao-paulo\/noticias\/o-brasil-das-frutas-melancia-sem-sementes-nas-cores-amarela-ou-vermelha\/#primaryimage\"},\"thumbnailUrl\":\"https:\/\/www.ifema.es\/fruit-attraction-sao-paulo\/wp-content\/uploads\/2025\/03\/WhatsApp-Image-2025-03-25-at-12.00.01-1-scaled.jpeg\",\"articleSection\":[\"Not\u00edcias\"],\"inLanguage\":\"es-ES\"},{\"@type\":\"WebPage\",\"@id\":\"https:\/\/www.ifema.es\/fruit-attraction-sao-paulo\/noticias\/o-brasil-das-frutas-melancia-sem-sementes-nas-cores-amarela-ou-vermelha\/\",\"url\":\"https:\/\/www.ifema.es\/fruit-attraction-sao-paulo\/noticias\/o-brasil-das-frutas-melancia-sem-sementes-nas-cores-amarela-ou-vermelha\/\",\"name\":\"O Brasil das frutas: Melancia sem sementes, nas cores amarela ou vermelha - Fruit Attraction Sao Paulo | IFEMA MADRID INTERNACIONAL\",\"isPartOf\":{\"@id\":\"https:\/\/www.ifema.es\/fruit-attraction-sao-paulo\/#website\"},\"primaryImageOfPage\":{\"@id\":\"https:\/\/www.ifema.es\/fruit-attraction-sao-paulo\/noticias\/o-brasil-das-frutas-melancia-sem-sementes-nas-cores-amarela-ou-vermelha\/#primaryimage\"},\"image\":{\"@id\":\"https:\/\/www.ifema.es\/fruit-attraction-sao-paulo\/noticias\/o-brasil-das-frutas-melancia-sem-sementes-nas-cores-amarela-ou-vermelha\/#primaryimage\"},\"thumbnailUrl\":\"https:\/\/www.ifema.es\/fruit-attraction-sao-paulo\/wp-content\/uploads\/2025\/03\/WhatsApp-Image-2025-03-25-at-12.00.01-1-scaled.jpeg\",\"datePublished\":\"2025-03-26T13:19:48+00:00\",\"inLanguage\":\"es-ES\",\"potentialAction\":[{\"@type\":\"ReadAction\",\"target\":[\"https:\/\/www.ifema.es\/fruit-attraction-sao-paulo\/noticias\/o-brasil-das-frutas-melancia-sem-sementes-nas-cores-amarela-ou-vermelha\/\"]}]},{\"@type\":\"ImageObject\",\"inLanguage\":\"es-ES\",\"@id\":\"https:\/\/www.ifema.es\/fruit-attraction-sao-paulo\/noticias\/o-brasil-das-frutas-melancia-sem-sementes-nas-cores-amarela-ou-vermelha\/#primaryimage\",\"url\":\"https:\/\/www.ifema.es\/fruit-attraction-sao-paulo\/wp-content\/uploads\/2025\/03\/WhatsApp-Image-2025-03-25-at-12.00.01-1-scaled.jpeg\",\"contentUrl\":\"https:\/\/www.ifema.es\/fruit-attraction-sao-paulo\/wp-content\/uploads\/2025\/03\/WhatsApp-Image-2025-03-25-at-12.00.01-1-scaled.jpeg\",\"width\":2560,\"height\":1707},{\"@type\":\"WebSite\",\"@id\":\"https:\/\/www.ifema.es\/fruit-attraction-sao-paulo\/#website\",\"url\":\"https:\/\/www.ifema.es\/fruit-attraction-sao-paulo\/\",\"name\":\"Fruit Attraction Sao Paulo | IFEMA MADRID INTERNACIONAL\",\"description\":\"Bienvenido a Fruit Attraction Sao Paulo, la Feria Internacional del Sector de Frutas y Hortalizas. Haz click y descubre todas las novedades de la edici\u00f3n de este a\u00f1o.\",\"publisher\":{\"@id\":\"https:\/\/www.ifema.es\/fruit-attraction-sao-paulo\/#organization\"},\"potentialAction\":[{\"@type\":\"SearchAction\",\"target\":{\"@type\":\"EntryPoint\",\"urlTemplate\":\"https:\/\/www.ifema.es\/fruit-attraction-sao-paulo\/?s={search_term_string}\"},\"query-input\":{\"@type\":\"PropertyValueSpecification\",\"valueRequired\":true,\"valueName\":\"search_term_string\"}}],\"inLanguage\":\"es-ES\"},{\"@type\":\"Organization\",\"@id\":\"https:\/\/www.ifema.es\/fruit-attraction-sao-paulo\/#organization\",\"name\":\"Fruit Attraction Sao Paulo | IFEMA MADRID INTERNACIONAL\",\"url\":\"https:\/\/www.ifema.es\/fruit-attraction-sao-paulo\/\",\"logo\":{\"@type\":\"ImageObject\",\"inLanguage\":\"es-ES\",\"@id\":\"https:\/\/www.ifema.es\/fruit-attraction-sao-paulo\/#\/schema\/logo\/image\/\",\"url\":\"https:\/\/www.ifema.es\/fruit-attraction-sao-paulo\/wp-content\/uploads\/2024\/01\/logo-fruit-attraction-sao-paulo.jpg\",\"contentUrl\":\"https:\/\/www.ifema.es\/fruit-attraction-sao-paulo\/wp-content\/uploads\/2024\/01\/logo-fruit-attraction-sao-paulo.jpg\",\"width\":400,\"height\":300,\"caption\":\"Fruit Attraction Sao Paulo | IFEMA MADRID INTERNACIONAL\"},\"image\":{\"@id\":\"https:\/\/www.ifema.es\/fruit-attraction-sao-paulo\/#\/schema\/logo\/image\/\"},\"sameAs\":[\"https:\/\/www.facebook.com\/people\/Fruit-Attraction-So-Paulo\/61553117052718\/\",\"https:\/\/www.instagram.com\/fruitattraction_saopaulo\/\",\"https:\/\/www.linkedin.com\/company\/fruit-attraction-so-paulo\/\"]},{\"@type\":\"Person\",\"@id\":\"https:\/\/www.ifema.es\/fruit-attraction-sao-paulo\/#\/schema\/person\/ca209e86e8182445d0a351c7daabe509\",\"name\":\"Leandro Ursulano\",\"image\":{\"@type\":\"ImageObject\",\"inLanguage\":\"es-ES\",\"@id\":\"https:\/\/www.ifema.es\/fruit-attraction-sao-paulo\/#\/schema\/person\/image\/\",\"url\":\"https:\/\/secure.gravatar.com\/avatar\/2379260cadc7a1e6f807da70f5c7cb3f423d0394bcad778f6c4a6614e035829d?s=96&d=mm&r=g\",\"contentUrl\":\"https:\/\/secure.gravatar.com\/avatar\/2379260cadc7a1e6f807da70f5c7cb3f423d0394bcad778f6c4a6614e035829d?s=96&d=mm&r=g\",\"caption\":\"Leandro Ursulano\"},\"url\":\"https:\/\/www.ifema.es\/fruit-attraction-sao-paulo\/noticias\/author\/leandro\/\"}]}<\/script>\n<!-- \/ Yoast SEO plugin. -->","yoast_head_json":{"title":"O Brasil das frutas: Melancia sem sementes, nas cores amarela ou vermelha - Fruit Attraction Sao Paulo | IFEMA MADRID INTERNACIONAL","robots":{"index":"index","follow":"follow","max-snippet":"max-snippet:-1","max-image-preview":"max-image-preview:large","max-video-preview":"max-video-preview:-1"},"canonical":"https:\/\/www.ifema.es\/fruit-attraction-sao-paulo\/noticias\/o-brasil-das-frutas-melancia-sem-sementes-nas-cores-amarela-ou-vermelha\/","og_locale":"es_ES","og_type":"article","og_title":"O Brasil das frutas: Melancia sem sementes, nas cores amarela ou vermelha - Fruit Attraction Sao Paulo | IFEMA MADRID INTERNACIONAL","og_description":"Acontece em S\u00e3o Paulo, at\u00e9 quinta-feira, a 2\u00aa Fruit Attraction, evento internacional de frutas e hortali\u00e7as. A feira, organizada pela IFEMA MADRID e FIERA MILANO BRASIL, \u00e9 considerada a principal do segmento. S\u00e3o Paulo \u00e9 o principal estado produtor de frutas, e o Brasil ocupa a terceira posi\u00e7\u00e3o mundial nesse setor. O secret\u00e1rio de Agricultura...","og_url":"https:\/\/www.ifema.es\/fruit-attraction-sao-paulo\/noticias\/o-brasil-das-frutas-melancia-sem-sementes-nas-cores-amarela-ou-vermelha\/","og_site_name":"Fruit Attraction Sao Paulo | IFEMA MADRID INTERNACIONAL","article_publisher":"https:\/\/www.facebook.com\/people\/Fruit-Attraction-So-Paulo\/61553117052718\/","article_published_time":"2025-03-26T13:19:48+00:00","og_image":[{"width":2560,"height":1707,"url":"https:\/\/www.ifema.es\/fruit-attraction-sao-paulo\/wp-content\/uploads\/2025\/03\/WhatsApp-Image-2025-03-25-at-12.00.01-1-scaled.jpeg","type":"image\/jpeg"}],"author":"Leandro Ursulano","twitter_card":"summary_large_image","twitter_misc":{"Escrito por":"Leandro Ursulano","Tiempo de lectura":"1 minute"},"schema":{"@context":"https:\/\/schema.org","@graph":[{"@type":"Article","@id":"https:\/\/www.ifema.es\/fruit-attraction-sao-paulo\/noticias\/o-brasil-das-frutas-melancia-sem-sementes-nas-cores-amarela-ou-vermelha\/#article","isPartOf":{"@id":"https:\/\/www.ifema.es\/fruit-attraction-sao-paulo\/noticias\/o-brasil-das-frutas-melancia-sem-sementes-nas-cores-amarela-ou-vermelha\/"},"author":{"name":"Leandro Ursulano","@id":"https:\/\/www.ifema.es\/fruit-attraction-sao-paulo\/#\/schema\/person\/ca209e86e8182445d0a351c7daabe509"},"headline":"O Brasil das frutas: Melancia sem sementes, nas cores amarela ou vermelha","datePublished":"2025-03-26T13:19:48+00:00","mainEntityOfPage":{"@id":"https:\/\/www.ifema.es\/fruit-attraction-sao-paulo\/noticias\/o-brasil-das-frutas-melancia-sem-sementes-nas-cores-amarela-ou-vermelha\/"},"wordCount":1025,"publisher":{"@id":"https:\/\/www.ifema.es\/fruit-attraction-sao-paulo\/#organization"},"image":{"@id":"https:\/\/www.ifema.es\/fruit-attraction-sao-paulo\/noticias\/o-brasil-das-frutas-melancia-sem-sementes-nas-cores-amarela-ou-vermelha\/#primaryimage"},"thumbnailUrl":"https:\/\/www.ifema.es\/fruit-attraction-sao-paulo\/wp-content\/uploads\/2025\/03\/WhatsApp-Image-2025-03-25-at-12.00.01-1-scaled.jpeg","articleSection":["Not\u00edcias"],"inLanguage":"es-ES"},{"@type":"WebPage","@id":"https:\/\/www.ifema.es\/fruit-attraction-sao-paulo\/noticias\/o-brasil-das-frutas-melancia-sem-sementes-nas-cores-amarela-ou-vermelha\/","url":"https:\/\/www.ifema.es\/fruit-attraction-sao-paulo\/noticias\/o-brasil-das-frutas-melancia-sem-sementes-nas-cores-amarela-ou-vermelha\/","name":"O Brasil das frutas: Melancia sem sementes, nas cores amarela ou vermelha - Fruit Attraction Sao Paulo | IFEMA MADRID INTERNACIONAL","isPartOf":{"@id":"https:\/\/www.ifema.es\/fruit-attraction-sao-paulo\/#website"},"primaryImageOfPage":{"@id":"https:\/\/www.ifema.es\/fruit-attraction-sao-paulo\/noticias\/o-brasil-das-frutas-melancia-sem-sementes-nas-cores-amarela-ou-vermelha\/#primaryimage"},"image":{"@id":"https:\/\/www.ifema.es\/fruit-attraction-sao-paulo\/noticias\/o-brasil-das-frutas-melancia-sem-sementes-nas-cores-amarela-ou-vermelha\/#primaryimage"},"thumbnailUrl":"https:\/\/www.ifema.es\/fruit-attraction-sao-paulo\/wp-content\/uploads\/2025\/03\/WhatsApp-Image-2025-03-25-at-12.00.01-1-scaled.jpeg","datePublished":"2025-03-26T13:19:48+00:00","inLanguage":"es-ES","potentialAction":[{"@type":"ReadAction","target":["https:\/\/www.ifema.es\/fruit-attraction-sao-paulo\/noticias\/o-brasil-das-frutas-melancia-sem-sementes-nas-cores-amarela-ou-vermelha\/"]}]},{"@type":"ImageObject","inLanguage":"es-ES","@id":"https:\/\/www.ifema.es\/fruit-attraction-sao-paulo\/noticias\/o-brasil-das-frutas-melancia-sem-sementes-nas-cores-amarela-ou-vermelha\/#primaryimage","url":"https:\/\/www.ifema.es\/fruit-attraction-sao-paulo\/wp-content\/uploads\/2025\/03\/WhatsApp-Image-2025-03-25-at-12.00.01-1-scaled.jpeg","contentUrl":"https:\/\/www.ifema.es\/fruit-attraction-sao-paulo\/wp-content\/uploads\/2025\/03\/WhatsApp-Image-2025-03-25-at-12.00.01-1-scaled.jpeg","width":2560,"height":1707},{"@type":"WebSite","@id":"https:\/\/www.ifema.es\/fruit-attraction-sao-paulo\/#website","url":"https:\/\/www.ifema.es\/fruit-attraction-sao-paulo\/","name":"Fruit Attraction Sao Paulo | IFEMA MADRID INTERNACIONAL","description":"Bienvenido a Fruit Attraction Sao Paulo, la Feria Internacional del Sector de Frutas y Hortalizas. Haz click y descubre todas las novedades de la edici\u00f3n de este a\u00f1o.","publisher":{"@id":"https:\/\/www.ifema.es\/fruit-attraction-sao-paulo\/#organization"},"potentialAction":[{"@type":"SearchAction","target":{"@type":"EntryPoint","urlTemplate":"https:\/\/www.ifema.es\/fruit-attraction-sao-paulo\/?s={search_term_string}"},"query-input":{"@type":"PropertyValueSpecification","valueRequired":true,"valueName":"search_term_string"}}],"inLanguage":"es-ES"},{"@type":"Organization","@id":"https:\/\/www.ifema.es\/fruit-attraction-sao-paulo\/#organization","name":"Fruit Attraction Sao Paulo | IFEMA MADRID INTERNACIONAL","url":"https:\/\/www.ifema.es\/fruit-attraction-sao-paulo\/","logo":{"@type":"ImageObject","inLanguage":"es-ES","@id":"https:\/\/www.ifema.es\/fruit-attraction-sao-paulo\/#\/schema\/logo\/image\/","url":"https:\/\/www.ifema.es\/fruit-attraction-sao-paulo\/wp-content\/uploads\/2024\/01\/logo-fruit-attraction-sao-paulo.jpg","contentUrl":"https:\/\/www.ifema.es\/fruit-attraction-sao-paulo\/wp-content\/uploads\/2024\/01\/logo-fruit-attraction-sao-paulo.jpg","width":400,"height":300,"caption":"Fruit Attraction Sao Paulo | IFEMA MADRID INTERNACIONAL"},"image":{"@id":"https:\/\/www.ifema.es\/fruit-attraction-sao-paulo\/#\/schema\/logo\/image\/"},"sameAs":["https:\/\/www.facebook.com\/people\/Fruit-Attraction-So-Paulo\/61553117052718\/","https:\/\/www.instagram.com\/fruitattraction_saopaulo\/","https:\/\/www.linkedin.com\/company\/fruit-attraction-so-paulo\/"]},{"@type":"Person","@id":"https:\/\/www.ifema.es\/fruit-attraction-sao-paulo\/#\/schema\/person\/ca209e86e8182445d0a351c7daabe509","name":"Leandro Ursulano","image":{"@type":"ImageObject","inLanguage":"es-ES","@id":"https:\/\/www.ifema.es\/fruit-attraction-sao-paulo\/#\/schema\/person\/image\/","url":"https:\/\/secure.gravatar.com\/avatar\/2379260cadc7a1e6f807da70f5c7cb3f423d0394bcad778f6c4a6614e035829d?s=96&d=mm&r=g","contentUrl":"https:\/\/secure.gravatar.com\/avatar\/2379260cadc7a1e6f807da70f5c7cb3f423d0394bcad778f6c4a6614e035829d?s=96&d=mm&r=g","caption":"Leandro Ursulano"},"url":"https:\/\/www.ifema.es\/fruit-attraction-sao-paulo\/noticias\/author\/leandro\/"}]}},"_links":{"self":[{"href":"https:\/\/www.ifema.es\/fruit-attraction-sao-paulo\/wp-json\/wp\/v2\/posts\/28639","targetHints":{"allow":["GET"]}}],"collection":[{"href":"https:\/\/www.ifema.es\/fruit-attraction-sao-paulo\/wp-json\/wp\/v2\/posts"}],"about":[{"href":"https:\/\/www.ifema.es\/fruit-attraction-sao-paulo\/wp-json\/wp\/v2\/types\/post"}],"author":[{"embeddable":true,"href":"https:\/\/www.ifema.es\/fruit-attraction-sao-paulo\/wp-json\/wp\/v2\/users\/3"}],"replies":[{"embeddable":true,"href":"https:\/\/www.ifema.es\/fruit-attraction-sao-paulo\/wp-json\/wp\/v2\/comments?post=28639"}],"version-history":[{"count":1,"href":"https:\/\/www.ifema.es\/fruit-attraction-sao-paulo\/wp-json\/wp\/v2\/posts\/28639\/revisions"}],"predecessor-version":[{"id":28640,"href":"https:\/\/www.ifema.es\/fruit-attraction-sao-paulo\/wp-json\/wp\/v2\/posts\/28639\/revisions\/28640"}],"wp:featuredmedia":[{"embeddable":true,"href":"https:\/\/www.ifema.es\/fruit-attraction-sao-paulo\/wp-json\/wp\/v2\/media\/28564"}],"wp:attachment":[{"href":"https:\/\/www.ifema.es\/fruit-attraction-sao-paulo\/wp-json\/wp\/v2\/media?parent=28639"}],"wp:term":[{"taxonomy":"category","embeddable":true,"href":"https:\/\/www.ifema.es\/fruit-attraction-sao-paulo\/wp-json\/wp\/v2\/categories?post=28639"},{"taxonomy":"post_tag","embeddable":true,"href":"https:\/\/www.ifema.es\/fruit-attraction-sao-paulo\/wp-json\/wp\/v2\/tags?post=28639"}],"curies":[{"name":"wp","href":"https:\/\/api.w.org\/{rel}","templated":true}]}}