{"id":28585,"date":"2025-03-25T20:08:11","date_gmt":"2025-03-25T19:08:11","guid":{"rendered":"https:\/\/www.ifema.es\/fruit-attraction-sao-paulo\/?p=28585"},"modified":"2025-03-25T21:30:01","modified_gmt":"2025-03-25T20:30:01","slug":"fruit-attraction-sao-paulo-na-abertura-especialistas-destacam-que-o-mundo-quer-a-fruta-do-brasil","status":"publish","type":"post","link":"https:\/\/www.ifema.es\/fruit-attraction-sao-paulo\/noticias\/fruit-attraction-sao-paulo-na-abertura-especialistas-destacam-que-o-mundo-quer-a-fruta-do-brasil\/","title":{"rendered":"Fruit Attraction S\u00e3o Paulo: na abertura, especialistas destacam que o mundo quer a fruta do Brasil"},"content":{"rendered":"<p><em>Feira, que acontece at\u00e9 quinta-feira (27), na capital paulista, mostra o protagonismo e o potencial da fruticultura brasileira <\/em><\/p>\n<p><strong>O<\/strong> mundo quer a fruta do Brasil. Com esta frase de impacto, o presidente da Associa\u00e7\u00e3o Brasileira dos Produtores e Exportadores de Frutas e Derivados (Abrafrutas), Guilherme Coelho, deu o principal recado de sua fala na abertura da Fruit Attraction S\u00e3o Paulo 2025 &#8211; <a href=\"https:\/\/www.ifema.es\/fruit-attraction-sao-paulo\">https:\/\/www.ifema.es\/fruit-attraction-sao-paulo<\/a> -, nesta ter\u00e7a-feira (25), no SP Expo, na capital paulista.<\/p>\n<p>Em sua segunda edi\u00e7\u00e3o, o evento, que \u00e9 uma co-realiza\u00e7\u00e3o entre a IFEMA Madrid e a Fiera Milano Brasil, e que conta com apoio institucional da Abrafrutas, re\u00fane at\u00e9 a pr\u00f3xima quinta-feira (27) a cadeia produtiva da fruticultura e hortali\u00e7as, com foco em conectar produtores e compradores, sobretudo internacionais.<\/p>\n<p>Em sua exposi\u00e7\u00e3o, Coelho enfatizou a for\u00e7a da fruticultura brasileira, lembrando que o segmento tem cerca de 2,5 milh\u00f5es de hectares de \u00e1rea de cultivo. &#8220;A produ\u00e7\u00e3o de frutas no Brasil tem volume, diversidade, sanidade, sabor e sustentabilidade, e a Fruit Attraction S\u00e3o Paulo \u00e9 a plataforma certa para se mostrar isso para o mundo.&#8221; De acordo com o dirigente, al\u00e9m, claro do protagonismo do polo produtivo do semi\u00e1rido nordestino, notadamente o Vale do S\u00e3o Francisco, a fruticultura brasileira \u00e9 praticada em todo o pa\u00eds, o que demonstra sua capilaridade e variedade al\u00e9m das frutas tropicais.<\/p>\n<p><img fetchpriority=\"high\" decoding=\"async\" class=\"alignnone wp-image-28564 size-medium\" src=\"https:\/\/www.ifema.es\/fruit-attraction-sao-paulo\/wp-content\/uploads\/2025\/03\/WhatsApp-Image-2025-03-25-at-12.00.01-1-300x200.jpeg\" alt=\"\" width=\"300\" height=\"200\" srcset=\"https:\/\/www.ifema.es\/fruit-attraction-sao-paulo\/wp-content\/uploads\/2025\/03\/WhatsApp-Image-2025-03-25-at-12.00.01-1-300x200.jpeg 300w, https:\/\/www.ifema.es\/fruit-attraction-sao-paulo\/wp-content\/uploads\/2025\/03\/WhatsApp-Image-2025-03-25-at-12.00.01-1-1024x683.jpeg 1024w, https:\/\/www.ifema.es\/fruit-attraction-sao-paulo\/wp-content\/uploads\/2025\/03\/WhatsApp-Image-2025-03-25-at-12.00.01-1-240x160.jpeg 240w\" sizes=\"(max-width: 300px) 100vw, 300px\" \/><\/p>\n<p>O CEO da Fiera Milano Brasil, Maur\u00edcio Macedo, lembrou que neste ano a Fruit Attraction dobrou de tamanho na compara\u00e7\u00e3o com a edi\u00e7\u00e3o de 2024, com o objetivo de se consolidar como um grande hub de comercializa\u00e7\u00e3o das frutas brasileiras para o mundo. &#8220;E este avan\u00e7o foi poss\u00edvel a partir da uni\u00e3o com uma marca s\u00f3lida, reconhecida internacionalmente, que \u00e9 a Fruit Attraction Madrid.&#8221; Segundo Macedo, com forte presen\u00e7a da agricultura familiar, a Fruit Attraction S\u00e3o Paulo cumpre importante papel de conectar o pequeno e m\u00e9dio produtor de frutas com clientes em potencial &#8211; inclusive do exterior, no que foi endossado por Vitor Ferreira do Sebrae, institui\u00e7\u00e3o parceira do evento.<\/p>\n<p>O diretor de expans\u00e3o internacional da IFEMA Madrid, Jaime Mart\u00edn, acentuou que a Fruit Attraction S\u00e3o Paulo celebra o enorme protagonismo da fruticultura brasileira. &#8220;O Brasil \u00e9 um gigante em frutas tropicais e esta foi uma das raz\u00f5es pelo qual escolhemos come\u00e7ar por aqui o processo de internacionaliza\u00e7\u00e3o da marca Fruit Attraction&#8221;, salientou, acrescentando que: &#8220;queremos fazer da Fruit Attraction S\u00e3o Paulo refer\u00eancia global no segmento&#8221;.<\/p>\n<p><strong><em>:: Autoridades<\/em><\/strong><\/p>\n<p>No fechamento da solenidade de abertura, o secret\u00e1rio de Agricultura e Abastecimento de S\u00e3o Paulo, Guilherme Piai, discorreu sobre a presen\u00e7a da fruticultura no estado. &#8220;S\u00e3o cerca de 15 milh\u00f5es de toneladas de frutas produzidas anualmente, com extensa diversidade.&#8221; Al\u00e9m disso, Piai citou oportunidades que surgem na cadeia produtiva da fruticultura n\u00e3o somente pela perspectiva do alimento, mas tamb\u00e9m energ\u00e9tica. &#8220;Aqui em S\u00e3o Paulo, por exemplo, temos projeto de gera\u00e7\u00e3o de biometano a partir de efluentes da citricultura.&#8221;<\/p>\n<p>Ademais, a governadora em exerc\u00edcio de Pernambuco, Priscila Krause, pontuou que o estado \u00e9 respons\u00e1vel pela maior fatia da receita das exporta\u00e7\u00f5es da fruticultura brasileira, resultado de investimentos em tecnologia, como, por exemplo, a de irriga\u00e7\u00e3o, e que do ponto de vista log\u00edstico, o Porto de Suape, na regi\u00e3o metropolitana de Recife, est\u00e1 apto a desenvolver novas rotas de exporta\u00e7\u00e3o, diminuindo a necessidade do envio de produtos para embarques nos portos do Sudeste.<\/p>\n<p>Por fim, o secret\u00e1rio municipal de Desenvolvimento Econ\u00f4mico e Trabalho do Munic\u00edpio de S\u00e3o Paulo, Rodrigo Goulart, lembrou que a rica gastronomia da cidade tamb\u00e9m est\u00e1 representada na Fruit Attraction S\u00e3o Paulo. Com curadoria do \u201cObservat\u00f3rio da Gastronomia\u201d, o espa\u00e7o gastron\u00f4mico \u201cCooking Show\u201d conta com o apoio da prefeitura de S\u00e3o Paulo e da Ade Sampa. A cerim\u00f4nia de abertura contou, ainda, com as presen\u00e7as da deputada federal Bia Kicis, integrante da Frente Parlamentar da Agropecu\u00e1ria (FPA); de Rafael Bueno, secret\u00e1rio de Agricultura do Distrito Federal; e Vitor Ferreira, diretor do Sebrae.<\/p>\n<p>&nbsp;<\/p>\n<p><strong><em>Fruit Attraction no Instagram<\/em><\/strong><em>:<br \/>\n<\/em><a href=\"https:\/\/www.instagram.com\/fruitattraction_saopaulo\/\"><em>https:\/\/www.instagram.com\/fruitattraction_saopaulo\/<\/em><\/a><strong><em>\u00a0 <\/em><\/strong><\/p>\n<p><strong><em>\u00a0<\/em><\/strong><\/p>\n<p><strong><em>Servi\u00e7o:<br \/>\n<\/em><\/strong><em>Data: 25 a 27 de mar\u00e7o de 2025<\/em><\/p>\n<p><em>Hor\u00e1rio: das 10h \u00e0s 18h<\/em><\/p>\n<p><em>Local: S\u00e3o Paulo Expo Exhibition &amp; Convention Center<\/em><\/p>\n<p><em>Endere\u00e7o: Rodovia dos Imigrantes, 1,5 km &#8211; Vila \u00c1gua Funda, S\u00e3o Paulo &#8211; SP<\/em><\/p>\n<p><em>Transporte gratuito: com in\u00edcio uma hora antes at\u00e9 uma hora depois do funcionamento da feira na esta\u00e7\u00e3o Jabaquara do metr\u00f4.<\/em><\/p>\n<p><strong><em><br \/>\nCredenciamento para imprensa:<br \/>\n<\/em><\/strong><a href=\"https:\/\/easyexpo.com.br\/v3\/fruit\/25\/indimpr\"><em>https:\/\/easyexpo.com.br\/v3\/fruit\/25\/indimpr<\/em><\/a><\/p>\n<p><strong><em><br \/>\nInforma\u00e7\u00f5es e pedidos de entrevistas:<br \/>\n<\/em><\/strong><strong><em><br \/>\n<\/em><\/strong><em>Ronaldo Luiz <\/em><\/p>\n<p><em>ComResultado [25 anos no agroneg\u00f3cio]<\/em><\/p>\n<p><a href=\"http:\/\/www.comresultado.com.br\"><em>www.comresultado.com.br<\/em><\/a><\/p>\n<p><em>contato@comresultado.com.br <\/em><\/p>\n<p><em>(11) 97631-6227<\/em><\/p>\n","protected":false},"excerpt":{"rendered":"<p>Feira, que acontece at\u00e9 quinta-feira (27), na capital paulista, mostra o protagonismo e o potencial da fruticultura brasileira O mundo quer a fruta do Brasil. Com esta frase de impacto, o presidente da Associa\u00e7\u00e3o Brasileira dos Produtores e Exportadores de Frutas e Derivados (Abrafrutas), Guilherme Coelho, deu o principal recado de sua fala na abertura&#8230;<\/p>\n","protected":false},"author":3,"featured_media":28564,"comment_status":"closed","ping_status":"closed","sticky":false,"template":"","format":"standard","meta":{"_eb_attr":"","inline_featured_image":false,"footnotes":""},"categories":[90],"tags":[],"class_list":["post-28585","post","type-post","status-publish","format-standard","has-post-thumbnail","hentry","category-release-pt"],"yoast_head":"<!-- This site is optimized with the Yoast SEO plugin v27.1.1 - https:\/\/yoast.com\/product\/yoast-seo-wordpress\/ -->\n<title>Fruit Attraction S\u00e3o Paulo: na abertura, especialistas destacam que o mundo quer a fruta do Brasil - Fruit Attraction Sao Paulo | IFEMA MADRID INTERNACIONAL<\/title>\n<meta name=\"robots\" content=\"index, follow, max-snippet:-1, max-image-preview:large, max-video-preview:-1\" \/>\n<link rel=\"canonical\" href=\"https:\/\/www.ifema.es\/fruit-attraction-sao-paulo\/noticias\/fruit-attraction-sao-paulo-na-abertura-especialistas-destacam-que-o-mundo-quer-a-fruta-do-brasil\/\" \/>\n<meta property=\"og:locale\" content=\"es_ES\" \/>\n<meta property=\"og:type\" content=\"article\" \/>\n<meta property=\"og:title\" content=\"Fruit Attraction S\u00e3o Paulo: na abertura, especialistas destacam que o mundo quer a fruta do Brasil - Fruit Attraction Sao Paulo | IFEMA MADRID INTERNACIONAL\" \/>\n<meta property=\"og:description\" content=\"Feira, que acontece at\u00e9 quinta-feira (27), na capital paulista, mostra o protagonismo e o potencial da fruticultura brasileira O mundo quer a fruta do Brasil. Com esta frase de impacto, o presidente da Associa\u00e7\u00e3o Brasileira dos Produtores e Exportadores de Frutas e Derivados (Abrafrutas), Guilherme Coelho, deu o principal recado de sua fala na abertura...\" \/>\n<meta property=\"og:url\" content=\"https:\/\/www.ifema.es\/fruit-attraction-sao-paulo\/noticias\/fruit-attraction-sao-paulo-na-abertura-especialistas-destacam-que-o-mundo-quer-a-fruta-do-brasil\/\" \/>\n<meta property=\"og:site_name\" content=\"Fruit Attraction Sao Paulo | IFEMA MADRID INTERNACIONAL\" \/>\n<meta property=\"article:publisher\" content=\"https:\/\/www.facebook.com\/people\/Fruit-Attraction-So-Paulo\/61553117052718\/\" \/>\n<meta property=\"article:published_time\" content=\"2025-03-25T19:08:11+00:00\" \/>\n<meta property=\"article:modified_time\" content=\"2025-03-25T20:30:01+00:00\" \/>\n<meta property=\"og:image\" content=\"https:\/\/www.ifema.es\/fruit-attraction-sao-paulo\/wp-content\/uploads\/2025\/03\/WhatsApp-Image-2025-03-25-at-12.00.01-1-scaled.jpeg\" \/>\n\t<meta property=\"og:image:width\" content=\"2560\" \/>\n\t<meta property=\"og:image:height\" content=\"1707\" \/>\n\t<meta property=\"og:image:type\" content=\"image\/jpeg\" \/>\n<meta name=\"author\" content=\"Leandro Ursulano\" \/>\n<meta name=\"twitter:card\" content=\"summary_large_image\" \/>\n<meta name=\"twitter:label1\" content=\"Escrito por\" \/>\n\t<meta name=\"twitter:data1\" content=\"Leandro Ursulano\" \/>\n\t<meta name=\"twitter:label2\" content=\"Tiempo de lectura\" \/>\n\t<meta name=\"twitter:data2\" content=\"4 minutes\" \/>\n<script type=\"application\/ld+json\" class=\"yoast-schema-graph\">{\"@context\":\"https:\/\/schema.org\",\"@graph\":[{\"@type\":\"Article\",\"@id\":\"https:\/\/www.ifema.es\/fruit-attraction-sao-paulo\/noticias\/fruit-attraction-sao-paulo-na-abertura-especialistas-destacam-que-o-mundo-quer-a-fruta-do-brasil\/#article\",\"isPartOf\":{\"@id\":\"https:\/\/www.ifema.es\/fruit-attraction-sao-paulo\/noticias\/fruit-attraction-sao-paulo-na-abertura-especialistas-destacam-que-o-mundo-quer-a-fruta-do-brasil\/\"},\"author\":{\"name\":\"Leandro Ursulano\",\"@id\":\"https:\/\/www.ifema.es\/fruit-attraction-sao-paulo\/#\/schema\/person\/ca209e86e8182445d0a351c7daabe509\"},\"headline\":\"Fruit Attraction S\u00e3o Paulo: na abertura, especialistas destacam que o mundo quer a fruta do Brasil\",\"datePublished\":\"2025-03-25T19:08:11+00:00\",\"dateModified\":\"2025-03-25T20:30:01+00:00\",\"mainEntityOfPage\":{\"@id\":\"https:\/\/www.ifema.es\/fruit-attraction-sao-paulo\/noticias\/fruit-attraction-sao-paulo-na-abertura-especialistas-destacam-que-o-mundo-quer-a-fruta-do-brasil\/\"},\"wordCount\":819,\"publisher\":{\"@id\":\"https:\/\/www.ifema.es\/fruit-attraction-sao-paulo\/#organization\"},\"image\":{\"@id\":\"https:\/\/www.ifema.es\/fruit-attraction-sao-paulo\/noticias\/fruit-attraction-sao-paulo-na-abertura-especialistas-destacam-que-o-mundo-quer-a-fruta-do-brasil\/#primaryimage\"},\"thumbnailUrl\":\"https:\/\/www.ifema.es\/fruit-attraction-sao-paulo\/wp-content\/uploads\/2025\/03\/WhatsApp-Image-2025-03-25-at-12.00.01-1-scaled.jpeg\",\"articleSection\":[\"Release\"],\"inLanguage\":\"es-ES\"},{\"@type\":\"WebPage\",\"@id\":\"https:\/\/www.ifema.es\/fruit-attraction-sao-paulo\/noticias\/fruit-attraction-sao-paulo-na-abertura-especialistas-destacam-que-o-mundo-quer-a-fruta-do-brasil\/\",\"url\":\"https:\/\/www.ifema.es\/fruit-attraction-sao-paulo\/noticias\/fruit-attraction-sao-paulo-na-abertura-especialistas-destacam-que-o-mundo-quer-a-fruta-do-brasil\/\",\"name\":\"Fruit Attraction S\u00e3o Paulo: na abertura, especialistas destacam que o mundo quer a fruta do Brasil - Fruit Attraction Sao Paulo | IFEMA MADRID INTERNACIONAL\",\"isPartOf\":{\"@id\":\"https:\/\/www.ifema.es\/fruit-attraction-sao-paulo\/#website\"},\"primaryImageOfPage\":{\"@id\":\"https:\/\/www.ifema.es\/fruit-attraction-sao-paulo\/noticias\/fruit-attraction-sao-paulo-na-abertura-especialistas-destacam-que-o-mundo-quer-a-fruta-do-brasil\/#primaryimage\"},\"image\":{\"@id\":\"https:\/\/www.ifema.es\/fruit-attraction-sao-paulo\/noticias\/fruit-attraction-sao-paulo-na-abertura-especialistas-destacam-que-o-mundo-quer-a-fruta-do-brasil\/#primaryimage\"},\"thumbnailUrl\":\"https:\/\/www.ifema.es\/fruit-attraction-sao-paulo\/wp-content\/uploads\/2025\/03\/WhatsApp-Image-2025-03-25-at-12.00.01-1-scaled.jpeg\",\"datePublished\":\"2025-03-25T19:08:11+00:00\",\"dateModified\":\"2025-03-25T20:30:01+00:00\",\"inLanguage\":\"es-ES\",\"potentialAction\":[{\"@type\":\"ReadAction\",\"target\":[\"https:\/\/www.ifema.es\/fruit-attraction-sao-paulo\/noticias\/fruit-attraction-sao-paulo-na-abertura-especialistas-destacam-que-o-mundo-quer-a-fruta-do-brasil\/\"]}]},{\"@type\":\"ImageObject\",\"inLanguage\":\"es-ES\",\"@id\":\"https:\/\/www.ifema.es\/fruit-attraction-sao-paulo\/noticias\/fruit-attraction-sao-paulo-na-abertura-especialistas-destacam-que-o-mundo-quer-a-fruta-do-brasil\/#primaryimage\",\"url\":\"https:\/\/www.ifema.es\/fruit-attraction-sao-paulo\/wp-content\/uploads\/2025\/03\/WhatsApp-Image-2025-03-25-at-12.00.01-1-scaled.jpeg\",\"contentUrl\":\"https:\/\/www.ifema.es\/fruit-attraction-sao-paulo\/wp-content\/uploads\/2025\/03\/WhatsApp-Image-2025-03-25-at-12.00.01-1-scaled.jpeg\",\"width\":2560,\"height\":1707},{\"@type\":\"WebSite\",\"@id\":\"https:\/\/www.ifema.es\/fruit-attraction-sao-paulo\/#website\",\"url\":\"https:\/\/www.ifema.es\/fruit-attraction-sao-paulo\/\",\"name\":\"Fruit Attraction Sao Paulo | IFEMA MADRID INTERNACIONAL\",\"description\":\"Bienvenido a Fruit Attraction Sao Paulo, la Feria Internacional del Sector de Frutas y Hortalizas. Haz click y descubre todas las novedades de la edici\u00f3n de este a\u00f1o.\",\"publisher\":{\"@id\":\"https:\/\/www.ifema.es\/fruit-attraction-sao-paulo\/#organization\"},\"potentialAction\":[{\"@type\":\"SearchAction\",\"target\":{\"@type\":\"EntryPoint\",\"urlTemplate\":\"https:\/\/www.ifema.es\/fruit-attraction-sao-paulo\/?s={search_term_string}\"},\"query-input\":{\"@type\":\"PropertyValueSpecification\",\"valueRequired\":true,\"valueName\":\"search_term_string\"}}],\"inLanguage\":\"es-ES\"},{\"@type\":\"Organization\",\"@id\":\"https:\/\/www.ifema.es\/fruit-attraction-sao-paulo\/#organization\",\"name\":\"Fruit Attraction Sao Paulo | IFEMA MADRID INTERNACIONAL\",\"url\":\"https:\/\/www.ifema.es\/fruit-attraction-sao-paulo\/\",\"logo\":{\"@type\":\"ImageObject\",\"inLanguage\":\"es-ES\",\"@id\":\"https:\/\/www.ifema.es\/fruit-attraction-sao-paulo\/#\/schema\/logo\/image\/\",\"url\":\"https:\/\/www.ifema.es\/fruit-attraction-sao-paulo\/wp-content\/uploads\/2024\/01\/logo-fruit-attraction-sao-paulo.jpg\",\"contentUrl\":\"https:\/\/www.ifema.es\/fruit-attraction-sao-paulo\/wp-content\/uploads\/2024\/01\/logo-fruit-attraction-sao-paulo.jpg\",\"width\":400,\"height\":300,\"caption\":\"Fruit Attraction Sao Paulo | IFEMA MADRID INTERNACIONAL\"},\"image\":{\"@id\":\"https:\/\/www.ifema.es\/fruit-attraction-sao-paulo\/#\/schema\/logo\/image\/\"},\"sameAs\":[\"https:\/\/www.facebook.com\/people\/Fruit-Attraction-So-Paulo\/61553117052718\/\",\"https:\/\/www.instagram.com\/fruitattraction_saopaulo\/\",\"https:\/\/www.linkedin.com\/company\/fruit-attraction-so-paulo\/\"]},{\"@type\":\"Person\",\"@id\":\"https:\/\/www.ifema.es\/fruit-attraction-sao-paulo\/#\/schema\/person\/ca209e86e8182445d0a351c7daabe509\",\"name\":\"Leandro Ursulano\",\"image\":{\"@type\":\"ImageObject\",\"inLanguage\":\"es-ES\",\"@id\":\"https:\/\/www.ifema.es\/fruit-attraction-sao-paulo\/#\/schema\/person\/image\/\",\"url\":\"https:\/\/secure.gravatar.com\/avatar\/2379260cadc7a1e6f807da70f5c7cb3f423d0394bcad778f6c4a6614e035829d?s=96&d=mm&r=g\",\"contentUrl\":\"https:\/\/secure.gravatar.com\/avatar\/2379260cadc7a1e6f807da70f5c7cb3f423d0394bcad778f6c4a6614e035829d?s=96&d=mm&r=g\",\"caption\":\"Leandro Ursulano\"},\"url\":\"https:\/\/www.ifema.es\/fruit-attraction-sao-paulo\/noticias\/author\/leandro\/\"}]}<\/script>\n<!-- \/ Yoast SEO plugin. -->","yoast_head_json":{"title":"Fruit Attraction S\u00e3o Paulo: na abertura, especialistas destacam que o mundo quer a fruta do Brasil - Fruit Attraction Sao Paulo | IFEMA MADRID INTERNACIONAL","robots":{"index":"index","follow":"follow","max-snippet":"max-snippet:-1","max-image-preview":"max-image-preview:large","max-video-preview":"max-video-preview:-1"},"canonical":"https:\/\/www.ifema.es\/fruit-attraction-sao-paulo\/noticias\/fruit-attraction-sao-paulo-na-abertura-especialistas-destacam-que-o-mundo-quer-a-fruta-do-brasil\/","og_locale":"es_ES","og_type":"article","og_title":"Fruit Attraction S\u00e3o Paulo: na abertura, especialistas destacam que o mundo quer a fruta do Brasil - Fruit Attraction Sao Paulo | IFEMA MADRID INTERNACIONAL","og_description":"Feira, que acontece at\u00e9 quinta-feira (27), na capital paulista, mostra o protagonismo e o potencial da fruticultura brasileira O mundo quer a fruta do Brasil. Com esta frase de impacto, o presidente da Associa\u00e7\u00e3o Brasileira dos Produtores e Exportadores de Frutas e Derivados (Abrafrutas), Guilherme Coelho, deu o principal recado de sua fala na abertura...","og_url":"https:\/\/www.ifema.es\/fruit-attraction-sao-paulo\/noticias\/fruit-attraction-sao-paulo-na-abertura-especialistas-destacam-que-o-mundo-quer-a-fruta-do-brasil\/","og_site_name":"Fruit Attraction Sao Paulo | IFEMA MADRID INTERNACIONAL","article_publisher":"https:\/\/www.facebook.com\/people\/Fruit-Attraction-So-Paulo\/61553117052718\/","article_published_time":"2025-03-25T19:08:11+00:00","article_modified_time":"2025-03-25T20:30:01+00:00","og_image":[{"width":2560,"height":1707,"url":"https:\/\/www.ifema.es\/fruit-attraction-sao-paulo\/wp-content\/uploads\/2025\/03\/WhatsApp-Image-2025-03-25-at-12.00.01-1-scaled.jpeg","type":"image\/jpeg"}],"author":"Leandro Ursulano","twitter_card":"summary_large_image","twitter_misc":{"Escrito por":"Leandro Ursulano","Tiempo de lectura":"4 minutes"},"schema":{"@context":"https:\/\/schema.org","@graph":[{"@type":"Article","@id":"https:\/\/www.ifema.es\/fruit-attraction-sao-paulo\/noticias\/fruit-attraction-sao-paulo-na-abertura-especialistas-destacam-que-o-mundo-quer-a-fruta-do-brasil\/#article","isPartOf":{"@id":"https:\/\/www.ifema.es\/fruit-attraction-sao-paulo\/noticias\/fruit-attraction-sao-paulo-na-abertura-especialistas-destacam-que-o-mundo-quer-a-fruta-do-brasil\/"},"author":{"name":"Leandro Ursulano","@id":"https:\/\/www.ifema.es\/fruit-attraction-sao-paulo\/#\/schema\/person\/ca209e86e8182445d0a351c7daabe509"},"headline":"Fruit Attraction S\u00e3o Paulo: na abertura, especialistas destacam que o mundo quer a fruta do Brasil","datePublished":"2025-03-25T19:08:11+00:00","dateModified":"2025-03-25T20:30:01+00:00","mainEntityOfPage":{"@id":"https:\/\/www.ifema.es\/fruit-attraction-sao-paulo\/noticias\/fruit-attraction-sao-paulo-na-abertura-especialistas-destacam-que-o-mundo-quer-a-fruta-do-brasil\/"},"wordCount":819,"publisher":{"@id":"https:\/\/www.ifema.es\/fruit-attraction-sao-paulo\/#organization"},"image":{"@id":"https:\/\/www.ifema.es\/fruit-attraction-sao-paulo\/noticias\/fruit-attraction-sao-paulo-na-abertura-especialistas-destacam-que-o-mundo-quer-a-fruta-do-brasil\/#primaryimage"},"thumbnailUrl":"https:\/\/www.ifema.es\/fruit-attraction-sao-paulo\/wp-content\/uploads\/2025\/03\/WhatsApp-Image-2025-03-25-at-12.00.01-1-scaled.jpeg","articleSection":["Release"],"inLanguage":"es-ES"},{"@type":"WebPage","@id":"https:\/\/www.ifema.es\/fruit-attraction-sao-paulo\/noticias\/fruit-attraction-sao-paulo-na-abertura-especialistas-destacam-que-o-mundo-quer-a-fruta-do-brasil\/","url":"https:\/\/www.ifema.es\/fruit-attraction-sao-paulo\/noticias\/fruit-attraction-sao-paulo-na-abertura-especialistas-destacam-que-o-mundo-quer-a-fruta-do-brasil\/","name":"Fruit Attraction S\u00e3o Paulo: na abertura, especialistas destacam que o mundo quer a fruta do Brasil - Fruit Attraction Sao Paulo | IFEMA MADRID INTERNACIONAL","isPartOf":{"@id":"https:\/\/www.ifema.es\/fruit-attraction-sao-paulo\/#website"},"primaryImageOfPage":{"@id":"https:\/\/www.ifema.es\/fruit-attraction-sao-paulo\/noticias\/fruit-attraction-sao-paulo-na-abertura-especialistas-destacam-que-o-mundo-quer-a-fruta-do-brasil\/#primaryimage"},"image":{"@id":"https:\/\/www.ifema.es\/fruit-attraction-sao-paulo\/noticias\/fruit-attraction-sao-paulo-na-abertura-especialistas-destacam-que-o-mundo-quer-a-fruta-do-brasil\/#primaryimage"},"thumbnailUrl":"https:\/\/www.ifema.es\/fruit-attraction-sao-paulo\/wp-content\/uploads\/2025\/03\/WhatsApp-Image-2025-03-25-at-12.00.01-1-scaled.jpeg","datePublished":"2025-03-25T19:08:11+00:00","dateModified":"2025-03-25T20:30:01+00:00","inLanguage":"es-ES","potentialAction":[{"@type":"ReadAction","target":["https:\/\/www.ifema.es\/fruit-attraction-sao-paulo\/noticias\/fruit-attraction-sao-paulo-na-abertura-especialistas-destacam-que-o-mundo-quer-a-fruta-do-brasil\/"]}]},{"@type":"ImageObject","inLanguage":"es-ES","@id":"https:\/\/www.ifema.es\/fruit-attraction-sao-paulo\/noticias\/fruit-attraction-sao-paulo-na-abertura-especialistas-destacam-que-o-mundo-quer-a-fruta-do-brasil\/#primaryimage","url":"https:\/\/www.ifema.es\/fruit-attraction-sao-paulo\/wp-content\/uploads\/2025\/03\/WhatsApp-Image-2025-03-25-at-12.00.01-1-scaled.jpeg","contentUrl":"https:\/\/www.ifema.es\/fruit-attraction-sao-paulo\/wp-content\/uploads\/2025\/03\/WhatsApp-Image-2025-03-25-at-12.00.01-1-scaled.jpeg","width":2560,"height":1707},{"@type":"WebSite","@id":"https:\/\/www.ifema.es\/fruit-attraction-sao-paulo\/#website","url":"https:\/\/www.ifema.es\/fruit-attraction-sao-paulo\/","name":"Fruit Attraction Sao Paulo | IFEMA MADRID INTERNACIONAL","description":"Bienvenido a Fruit Attraction Sao Paulo, la Feria Internacional del Sector de Frutas y Hortalizas. Haz click y descubre todas las novedades de la edici\u00f3n de este a\u00f1o.","publisher":{"@id":"https:\/\/www.ifema.es\/fruit-attraction-sao-paulo\/#organization"},"potentialAction":[{"@type":"SearchAction","target":{"@type":"EntryPoint","urlTemplate":"https:\/\/www.ifema.es\/fruit-attraction-sao-paulo\/?s={search_term_string}"},"query-input":{"@type":"PropertyValueSpecification","valueRequired":true,"valueName":"search_term_string"}}],"inLanguage":"es-ES"},{"@type":"Organization","@id":"https:\/\/www.ifema.es\/fruit-attraction-sao-paulo\/#organization","name":"Fruit Attraction Sao Paulo | IFEMA MADRID INTERNACIONAL","url":"https:\/\/www.ifema.es\/fruit-attraction-sao-paulo\/","logo":{"@type":"ImageObject","inLanguage":"es-ES","@id":"https:\/\/www.ifema.es\/fruit-attraction-sao-paulo\/#\/schema\/logo\/image\/","url":"https:\/\/www.ifema.es\/fruit-attraction-sao-paulo\/wp-content\/uploads\/2024\/01\/logo-fruit-attraction-sao-paulo.jpg","contentUrl":"https:\/\/www.ifema.es\/fruit-attraction-sao-paulo\/wp-content\/uploads\/2024\/01\/logo-fruit-attraction-sao-paulo.jpg","width":400,"height":300,"caption":"Fruit Attraction Sao Paulo | IFEMA MADRID INTERNACIONAL"},"image":{"@id":"https:\/\/www.ifema.es\/fruit-attraction-sao-paulo\/#\/schema\/logo\/image\/"},"sameAs":["https:\/\/www.facebook.com\/people\/Fruit-Attraction-So-Paulo\/61553117052718\/","https:\/\/www.instagram.com\/fruitattraction_saopaulo\/","https:\/\/www.linkedin.com\/company\/fruit-attraction-so-paulo\/"]},{"@type":"Person","@id":"https:\/\/www.ifema.es\/fruit-attraction-sao-paulo\/#\/schema\/person\/ca209e86e8182445d0a351c7daabe509","name":"Leandro Ursulano","image":{"@type":"ImageObject","inLanguage":"es-ES","@id":"https:\/\/www.ifema.es\/fruit-attraction-sao-paulo\/#\/schema\/person\/image\/","url":"https:\/\/secure.gravatar.com\/avatar\/2379260cadc7a1e6f807da70f5c7cb3f423d0394bcad778f6c4a6614e035829d?s=96&d=mm&r=g","contentUrl":"https:\/\/secure.gravatar.com\/avatar\/2379260cadc7a1e6f807da70f5c7cb3f423d0394bcad778f6c4a6614e035829d?s=96&d=mm&r=g","caption":"Leandro Ursulano"},"url":"https:\/\/www.ifema.es\/fruit-attraction-sao-paulo\/noticias\/author\/leandro\/"}]}},"_links":{"self":[{"href":"https:\/\/www.ifema.es\/fruit-attraction-sao-paulo\/wp-json\/wp\/v2\/posts\/28585","targetHints":{"allow":["GET"]}}],"collection":[{"href":"https:\/\/www.ifema.es\/fruit-attraction-sao-paulo\/wp-json\/wp\/v2\/posts"}],"about":[{"href":"https:\/\/www.ifema.es\/fruit-attraction-sao-paulo\/wp-json\/wp\/v2\/types\/post"}],"author":[{"embeddable":true,"href":"https:\/\/www.ifema.es\/fruit-attraction-sao-paulo\/wp-json\/wp\/v2\/users\/3"}],"replies":[{"embeddable":true,"href":"https:\/\/www.ifema.es\/fruit-attraction-sao-paulo\/wp-json\/wp\/v2\/comments?post=28585"}],"version-history":[{"count":2,"href":"https:\/\/www.ifema.es\/fruit-attraction-sao-paulo\/wp-json\/wp\/v2\/posts\/28585\/revisions"}],"predecessor-version":[{"id":28588,"href":"https:\/\/www.ifema.es\/fruit-attraction-sao-paulo\/wp-json\/wp\/v2\/posts\/28585\/revisions\/28588"}],"wp:featuredmedia":[{"embeddable":true,"href":"https:\/\/www.ifema.es\/fruit-attraction-sao-paulo\/wp-json\/wp\/v2\/media\/28564"}],"wp:attachment":[{"href":"https:\/\/www.ifema.es\/fruit-attraction-sao-paulo\/wp-json\/wp\/v2\/media?parent=28585"}],"wp:term":[{"taxonomy":"category","embeddable":true,"href":"https:\/\/www.ifema.es\/fruit-attraction-sao-paulo\/wp-json\/wp\/v2\/categories?post=28585"},{"taxonomy":"post_tag","embeddable":true,"href":"https:\/\/www.ifema.es\/fruit-attraction-sao-paulo\/wp-json\/wp\/v2\/tags?post=28585"}],"curies":[{"name":"wp","href":"https:\/\/api.w.org\/{rel}","templated":true}]}}