{"id":28526,"date":"2025-03-25T15:22:00","date_gmt":"2025-03-25T14:22:00","guid":{"rendered":"https:\/\/www.ifema.es\/fruit-attraction-sao-paulo\/?p=28526"},"modified":"2025-03-25T15:22:00","modified_gmt":"2025-03-25T14:22:00","slug":"na-fruit-attraction-sp-2025-termotecnica-busca-ampliar-e-fortalecer-parcerias-com-todo-o-trade-de-frutas-premium","status":"publish","type":"post","link":"https:\/\/www.ifema.es\/fruit-attraction-sao-paulo\/noticias\/na-fruit-attraction-sp-2025-termotecnica-busca-ampliar-e-fortalecer-parcerias-com-todo-o-trade-de-frutas-premium\/","title":{"rendered":"Na Fruit Attraction SP 2025, Termot\u00e9cnica busca ampliar e fortalecer parcerias com todo o trade de frutas premium"},"content":{"rendered":"<p><em>Conservadoras DaColheita e DaColheita Bio ampliam shelf-life da fruta permitindo alcan\u00e7ar mercados mais distantes com qualidade e sustentabilidade<\/em><\/p>\n<p>A Termot\u00e9cnica marcar\u00e1 presen\u00e7a na Fruit Attraction S\u00e3o Paulo 2025, que acontece de 25 a 27 de mar\u00e7o, no S\u00e3o Paulo Expo. No estande A 102, a empresa exibir\u00e1 sua linha completa de solu\u00e7\u00f5es de embalagens para o mercado de frutas, legumes e verduras (FLVs), incluindo as marcas DaColheita e DaColheita Bio. Pela primeira vez com estande pr\u00f3prio, a companhia tamb\u00e9m participa da Rodada de Neg\u00f3cios.<\/p>\n<p>Consolidada no cen\u00e1rio internacional de produtos frescos, a feira teve uma estreia de sucesso no Brasil em 2024, refor\u00e7ando a import\u00e2ncia do pa\u00eds neste setor. A Termot\u00e9cnica busca fortalecer rela\u00e7\u00f5es com clientes que j\u00e1 exportam utilizando as conservadoras DaColheita \u2013 comercializadas como FarmFresh no mercado internacional \u2013 e captar novos neg\u00f3cios.<\/p>\n<p><em>\u201cNossa participa\u00e7\u00e3o no evento visa estreitar relacionamento e fortalecer ainda mais a presen\u00e7a da marca DaColheita na cadeia de distribui\u00e7\u00e3o e exporta\u00e7\u00e3o de frutas brasileiras. Estamos tamb\u00e9m em parceria com a Abrafrutas, que tem trabalhado para a abertura de mercados e foi respons\u00e1vel por trazer este evento para o Brasil\u201d,<\/em>\u00a0afirma\u00a0<strong>Nivaldo Fernandes de Oliveira,<\/strong>\u00a0diretor superintendente da Termot\u00e9cnica.<\/p>\n<p><strong>DaColheita proporciona ganhos efetivos para a exporta\u00e7\u00e3o de frutas<\/strong><\/p>\n<p>A Termot\u00e9cnica j\u00e1 trabalha, em parceria com a Abrafrutas, produtores e trade,\u00a0 h\u00e1 mais de uma d\u00e9cada na exporta\u00e7\u00e3o de frutas.\u00a0Em seis anos j\u00e1 s\u00e3o quase 2 milh\u00f5es de conservadoras utilizadas na exporta\u00e7\u00e3o de mais de 7 mil toneladas de frutas premium brasileiras como uva, lim\u00e3o e lima, manga, pitaya, figo, mam\u00e3o, goiaba, maracuj\u00e1, lichia, atemoia, para pa\u00edses de toda a Europa, como Fran\u00e7a, Espanha, Portugal, Inglaterra, \u00c1ustria, e tamb\u00e9m para o Oriente M\u00e9dio, R\u00fassia, China e Canad\u00e1.<\/p>\n<p>Segundo\u00a0<strong>Nivaldo de Oliveira,\u00a0<\/strong>as solu\u00e7\u00f5es DaColheita &#8211; FarmFresh para o mercado internacional &#8211; t\u00eam sido um diferencial que agrega muito valor em toda a cadeia no transit-time de longas dist\u00e2ncias. Ao ampliar o shelf-life, manter a temperatura constante e serem muito leves, as embalagens DaColheita\/FarmFresh tamb\u00e9m contribuem para aspectos de sustentabilidade como a diminui\u00e7\u00e3o de perdas e desperd\u00edcios na cadeia de distribui\u00e7\u00e3o e a redu\u00e7\u00e3o das emiss\u00f5es de CO2 na atmosfera, al\u00e9m de serem 100% recicl\u00e1veis.\u00a0<em>\u201cToda a tecnologia de conserva\u00e7\u00e3o e o design das nossas solu\u00e7\u00f5es em EPS FarmFresh propiciam aos nossos clientes comunicar aos mercados internacionais esses diferenciais\u201d,\u00a0<\/em>refor\u00e7a.<\/p>\n<p><strong>Clientes atestam diferenciais das embalagens DaColheita<\/strong><\/p>\n<p>Os visitantes poder\u00e3o conferir os benef\u00edcios das embalagens DaColheita, amplamente reconhecidas pelos produtores pela sua qualidade e efici\u00eancia. Clientes atestam as vantagens dessa solu\u00e7\u00e3o:<\/p>\n<p><strong>Ramiro Rosseto e seu filho Alisson, s\u00f3cios-propriet\u00e1rios da Excel\u00eancia Fruit, de S\u00e3o Miguel Arcanjo\/SP, especializada em uvas premium:<\/strong><\/p>\n<p><em>\u201cA embalagem DaColheita nos ajudou a aprimorar o transporte da uva, garantindo maior conserva\u00e7\u00e3o e higiene. O consumidor final est\u00e1 cada vez mais exigente, buscando um produto fracionado e de qualidade. A ado\u00e7\u00e3o dessas conservadoras aumentou significativamente nossas vendas e melhorou a vida \u00fatil das frutas. Pretendemos manter essa parceria e expandi-la\u201d.<\/em><\/p>\n<p><strong>Airton Bueno, propriet\u00e1rio do S\u00edtio Bueno e Silva e da empresa Frutas Luma, de Santo Ant\u00f4nio da Estiva, distrito de Piraju\u00ed\/SP, especializados em frutas ex\u00f3ticas como a pitaya:<\/strong><\/p>\n<p><em>\u201cA Termot\u00e9cnica acreditou no nosso neg\u00f3cio desde o in\u00edcio. Como o nosso foco \u00e9 o mercado externo, a embalagem de EPS trouxe conforto t\u00e9rmico essencial para manter a qualidade da pitaya no transporte e atender \u00e0s exig\u00eancias sanit\u00e1rias para exporta\u00e7\u00e3o. Com as conservadoras DaColheita, conseguimos entregar um produto melhor para o cliente final\u201d.<\/em><\/p>\n<p><strong>DaColheita Bio: inova\u00e7\u00e3o sustent\u00e1vel<\/strong><\/p>\n<p>Maior fabricante de solu\u00e7\u00f5es de acondicionamento em embalagens de EPS (isopor*) da Am\u00e9rica Latina e l\u00edder no Brasil, Na Fruit Attraction SP 2025 a Termot\u00e9cnica tamb\u00e9m apresenta as solu\u00e7\u00f5es DaColheita Bio, um passo importante da companhia na amplia\u00e7\u00e3o do uso de materiais sustent\u00e1veis. As bandejas DaColheita Bio s\u00e3o produzidas a partir de res\u00edduos agr\u00edcolas do baga\u00e7o de cana-de-a\u00e7\u00facar, um material biobased, biodegrad\u00e1vel e compost\u00e1vel, atendendo \u00e0s exig\u00eancias de sustentabilidade do mercado.<\/p>\n<p>Para\u00a0<strong>Albano Schmidt<\/strong>, presidente da Termot\u00e9cnica, essa inova\u00e7\u00e3o representa um marco para a empresa: \u201cA Termot\u00e9cnica sempre investiu em sustentabilidade e inova\u00e7\u00e3o. Estamos atentos \u00e0s tend\u00eancias globais e implementamos um plano estrat\u00e9gico para diversificar nossa matriz de materiais, fornecendo solu\u00e7\u00f5es completas e alinhadas \u00e0s demandas dos clientes.\u201d<\/p>\n<p>A linha DaColheita Bio foi desenvolvida em parceria com fornecedores selecionados, seguindo crit\u00e9rios de design, durabilidade e resist\u00eancia \u00e0 umidade.\u00a0<em>\u201cEssas caracter\u00edsticas contribuem para reduzir perdas e desperd\u00edcios na cadeia de produ\u00e7\u00e3o e consumo, alinhando-se ao Save Food Initiative, do qual a Termot\u00e9cnica \u00e9 signat\u00e1ria\u201d,<\/em>\u00a0destaca\u00a0<strong>Alexandre Cotrim<\/strong>, gerente de Inova\u00e7\u00e3o Empreendedora da empresa.<\/p>\n<p>Com sua participa\u00e7\u00e3o na Fruit Attraction S\u00e3o Paulo 2025, a Termot\u00e9cnica reafirma seu compromisso com a inova\u00e7\u00e3o, sustentabilidade e excel\u00eancia em embalagens para o setor de FLVs.<\/p>\n<p><em>*Isopor \u00e9 uma marca registrada por terceiros.<\/em><\/p>\n<p>(Fotos anexas: Termot\u00e9cnica\/Divulga\u00e7\u00e3o)<\/p>\n<p>\ue107<\/p>\n<table width=\"600\">\n<tbody>\n<tr>\n<td>\n<table width=\"100%\">\n<tbody>\n<tr>\n<td>\n<table width=\"100%\">\n<tbody>\n<tr>\n<td><strong>Contatos da assessoria<\/strong><\/td>\n<\/tr>\n<tr>\n<td>Logos Conex\u00e3o e Conte\u00fado<\/p>\n<p>Thiago Dias &#8211;\u00a0<a href=\"mailto:thiago.dias@logosag.com.br\">thiago.dias@logosag.com.br<\/a>\u00a0&#8211; +55 47 9 8836-2512<\/p>\n<p>Carla Lavina &#8211;\u00a0<a href=\"mailto:carla.lavina@logosag.com.br\">carla.lavina@logosag.com.br<\/a>\u00a0&#8211;\u00a0+55 47 9 9127-9834<\/td>\n<\/tr>\n<\/tbody>\n<\/table>\n<\/td>\n<\/tr>\n<\/tbody>\n<\/table>\n<\/td>\n<\/tr>\n<\/tbody>\n<\/table>\n<p>&nbsp;<\/p>\n","protected":false},"excerpt":{"rendered":"<p>Conservadoras DaColheita e DaColheita Bio ampliam shelf-life da fruta permitindo alcan\u00e7ar mercados mais distantes com qualidade e sustentabilidade A Termot\u00e9cnica marcar\u00e1 presen\u00e7a na Fruit Attraction S\u00e3o Paulo 2025, que acontece de 25 a 27 de mar\u00e7o, no S\u00e3o Paulo Expo. No estande A 102, a empresa exibir\u00e1 sua linha completa de solu\u00e7\u00f5es de embalagens para&#8230;<\/p>\n","protected":false},"author":3,"featured_media":28527,"comment_status":"closed","ping_status":"closed","sticky":false,"template":"","format":"standard","meta":{"_eb_attr":"","inline_featured_image":false,"footnotes":""},"categories":[104],"tags":[],"class_list":["post-28526","post","type-post","status-publish","format-standard","has-post-thumbnail","hentry","category-canal-fruit-attraction"],"yoast_head":"<!-- This site is optimized with the Yoast SEO plugin v27.1.1 - https:\/\/yoast.com\/product\/yoast-seo-wordpress\/ -->\n<title>Na Fruit Attraction SP 2025, Termot\u00e9cnica busca ampliar e fortalecer parcerias com todo o trade de frutas premium - Fruit Attraction Sao Paulo | IFEMA MADRID INTERNACIONAL<\/title>\n<meta name=\"robots\" content=\"index, follow, max-snippet:-1, max-image-preview:large, max-video-preview:-1\" \/>\n<link rel=\"canonical\" href=\"https:\/\/www.ifema.es\/fruit-attraction-sao-paulo\/noticias\/na-fruit-attraction-sp-2025-termotecnica-busca-ampliar-e-fortalecer-parcerias-com-todo-o-trade-de-frutas-premium\/\" \/>\n<meta property=\"og:locale\" content=\"es_ES\" \/>\n<meta property=\"og:type\" content=\"article\" \/>\n<meta property=\"og:title\" content=\"Na Fruit Attraction SP 2025, Termot\u00e9cnica busca ampliar e fortalecer parcerias com todo o trade de frutas premium - Fruit Attraction Sao Paulo | IFEMA MADRID INTERNACIONAL\" \/>\n<meta property=\"og:description\" content=\"Conservadoras DaColheita e DaColheita Bio ampliam shelf-life da fruta permitindo alcan\u00e7ar mercados mais distantes com qualidade e sustentabilidade A Termot\u00e9cnica marcar\u00e1 presen\u00e7a na Fruit Attraction S\u00e3o Paulo 2025, que acontece de 25 a 27 de mar\u00e7o, no S\u00e3o Paulo Expo. No estande A 102, a empresa exibir\u00e1 sua linha completa de solu\u00e7\u00f5es de embalagens para...\" \/>\n<meta property=\"og:url\" content=\"https:\/\/www.ifema.es\/fruit-attraction-sao-paulo\/noticias\/na-fruit-attraction-sp-2025-termotecnica-busca-ampliar-e-fortalecer-parcerias-com-todo-o-trade-de-frutas-premium\/\" \/>\n<meta property=\"og:site_name\" content=\"Fruit Attraction Sao Paulo | IFEMA MADRID INTERNACIONAL\" \/>\n<meta property=\"article:publisher\" content=\"https:\/\/www.facebook.com\/people\/Fruit-Attraction-So-Paulo\/61553117052718\/\" \/>\n<meta property=\"article:published_time\" content=\"2025-03-25T14:22:00+00:00\" \/>\n<meta property=\"og:image\" content=\"https:\/\/www.ifema.es\/fruit-attraction-sao-paulo\/wp-content\/uploads\/2025\/03\/termotecnica-para-raios-e-aterramentos-9d19.jpg\" \/>\n\t<meta property=\"og:image:width\" content=\"500\" \/>\n\t<meta property=\"og:image:height\" content=\"667\" \/>\n\t<meta property=\"og:image:type\" content=\"image\/jpeg\" \/>\n<meta name=\"author\" content=\"Leandro Ursulano\" \/>\n<meta name=\"twitter:card\" content=\"summary_large_image\" \/>\n<meta name=\"twitter:label1\" content=\"Escrito por\" \/>\n\t<meta name=\"twitter:data1\" content=\"Leandro Ursulano\" \/>\n\t<meta name=\"twitter:label2\" content=\"Tiempo de lectura\" \/>\n\t<meta name=\"twitter:data2\" content=\"4 minutes\" \/>\n<script type=\"application\/ld+json\" class=\"yoast-schema-graph\">{\"@context\":\"https:\/\/schema.org\",\"@graph\":[{\"@type\":\"Article\",\"@id\":\"https:\/\/www.ifema.es\/fruit-attraction-sao-paulo\/noticias\/na-fruit-attraction-sp-2025-termotecnica-busca-ampliar-e-fortalecer-parcerias-com-todo-o-trade-de-frutas-premium\/#article\",\"isPartOf\":{\"@id\":\"https:\/\/www.ifema.es\/fruit-attraction-sao-paulo\/noticias\/na-fruit-attraction-sp-2025-termotecnica-busca-ampliar-e-fortalecer-parcerias-com-todo-o-trade-de-frutas-premium\/\"},\"author\":{\"name\":\"Leandro Ursulano\",\"@id\":\"https:\/\/www.ifema.es\/fruit-attraction-sao-paulo\/#\/schema\/person\/ca209e86e8182445d0a351c7daabe509\"},\"headline\":\"Na Fruit Attraction SP 2025, Termot\u00e9cnica busca ampliar e fortalecer parcerias com todo o trade de frutas premium\",\"datePublished\":\"2025-03-25T14:22:00+00:00\",\"mainEntityOfPage\":{\"@id\":\"https:\/\/www.ifema.es\/fruit-attraction-sao-paulo\/noticias\/na-fruit-attraction-sp-2025-termotecnica-busca-ampliar-e-fortalecer-parcerias-com-todo-o-trade-de-frutas-premium\/\"},\"wordCount\":927,\"publisher\":{\"@id\":\"https:\/\/www.ifema.es\/fruit-attraction-sao-paulo\/#organization\"},\"image\":{\"@id\":\"https:\/\/www.ifema.es\/fruit-attraction-sao-paulo\/noticias\/na-fruit-attraction-sp-2025-termotecnica-busca-ampliar-e-fortalecer-parcerias-com-todo-o-trade-de-frutas-premium\/#primaryimage\"},\"thumbnailUrl\":\"https:\/\/www.ifema.es\/fruit-attraction-sao-paulo\/wp-content\/uploads\/2025\/03\/termotecnica-para-raios-e-aterramentos-9d19.jpg\",\"articleSection\":[\"Canal Fruit Attraction\"],\"inLanguage\":\"es-ES\"},{\"@type\":\"WebPage\",\"@id\":\"https:\/\/www.ifema.es\/fruit-attraction-sao-paulo\/noticias\/na-fruit-attraction-sp-2025-termotecnica-busca-ampliar-e-fortalecer-parcerias-com-todo-o-trade-de-frutas-premium\/\",\"url\":\"https:\/\/www.ifema.es\/fruit-attraction-sao-paulo\/noticias\/na-fruit-attraction-sp-2025-termotecnica-busca-ampliar-e-fortalecer-parcerias-com-todo-o-trade-de-frutas-premium\/\",\"name\":\"Na Fruit Attraction SP 2025, Termot\u00e9cnica busca ampliar e fortalecer parcerias com todo o trade de frutas premium - Fruit Attraction Sao Paulo | IFEMA MADRID INTERNACIONAL\",\"isPartOf\":{\"@id\":\"https:\/\/www.ifema.es\/fruit-attraction-sao-paulo\/#website\"},\"primaryImageOfPage\":{\"@id\":\"https:\/\/www.ifema.es\/fruit-attraction-sao-paulo\/noticias\/na-fruit-attraction-sp-2025-termotecnica-busca-ampliar-e-fortalecer-parcerias-com-todo-o-trade-de-frutas-premium\/#primaryimage\"},\"image\":{\"@id\":\"https:\/\/www.ifema.es\/fruit-attraction-sao-paulo\/noticias\/na-fruit-attraction-sp-2025-termotecnica-busca-ampliar-e-fortalecer-parcerias-com-todo-o-trade-de-frutas-premium\/#primaryimage\"},\"thumbnailUrl\":\"https:\/\/www.ifema.es\/fruit-attraction-sao-paulo\/wp-content\/uploads\/2025\/03\/termotecnica-para-raios-e-aterramentos-9d19.jpg\",\"datePublished\":\"2025-03-25T14:22:00+00:00\",\"inLanguage\":\"es-ES\",\"potentialAction\":[{\"@type\":\"ReadAction\",\"target\":[\"https:\/\/www.ifema.es\/fruit-attraction-sao-paulo\/noticias\/na-fruit-attraction-sp-2025-termotecnica-busca-ampliar-e-fortalecer-parcerias-com-todo-o-trade-de-frutas-premium\/\"]}]},{\"@type\":\"ImageObject\",\"inLanguage\":\"es-ES\",\"@id\":\"https:\/\/www.ifema.es\/fruit-attraction-sao-paulo\/noticias\/na-fruit-attraction-sp-2025-termotecnica-busca-ampliar-e-fortalecer-parcerias-com-todo-o-trade-de-frutas-premium\/#primaryimage\",\"url\":\"https:\/\/www.ifema.es\/fruit-attraction-sao-paulo\/wp-content\/uploads\/2025\/03\/termotecnica-para-raios-e-aterramentos-9d19.jpg\",\"contentUrl\":\"https:\/\/www.ifema.es\/fruit-attraction-sao-paulo\/wp-content\/uploads\/2025\/03\/termotecnica-para-raios-e-aterramentos-9d19.jpg\",\"width\":500,\"height\":667},{\"@type\":\"WebSite\",\"@id\":\"https:\/\/www.ifema.es\/fruit-attraction-sao-paulo\/#website\",\"url\":\"https:\/\/www.ifema.es\/fruit-attraction-sao-paulo\/\",\"name\":\"Fruit Attraction Sao Paulo | IFEMA MADRID INTERNACIONAL\",\"description\":\"Bienvenido a Fruit Attraction Sao Paulo, la Feria Internacional del Sector de Frutas y Hortalizas. Haz click y descubre todas las novedades de la edici\u00f3n de este a\u00f1o.\",\"publisher\":{\"@id\":\"https:\/\/www.ifema.es\/fruit-attraction-sao-paulo\/#organization\"},\"potentialAction\":[{\"@type\":\"SearchAction\",\"target\":{\"@type\":\"EntryPoint\",\"urlTemplate\":\"https:\/\/www.ifema.es\/fruit-attraction-sao-paulo\/?s={search_term_string}\"},\"query-input\":{\"@type\":\"PropertyValueSpecification\",\"valueRequired\":true,\"valueName\":\"search_term_string\"}}],\"inLanguage\":\"es-ES\"},{\"@type\":\"Organization\",\"@id\":\"https:\/\/www.ifema.es\/fruit-attraction-sao-paulo\/#organization\",\"name\":\"Fruit Attraction Sao Paulo | IFEMA MADRID INTERNACIONAL\",\"url\":\"https:\/\/www.ifema.es\/fruit-attraction-sao-paulo\/\",\"logo\":{\"@type\":\"ImageObject\",\"inLanguage\":\"es-ES\",\"@id\":\"https:\/\/www.ifema.es\/fruit-attraction-sao-paulo\/#\/schema\/logo\/image\/\",\"url\":\"https:\/\/www.ifema.es\/fruit-attraction-sao-paulo\/wp-content\/uploads\/2024\/01\/logo-fruit-attraction-sao-paulo.jpg\",\"contentUrl\":\"https:\/\/www.ifema.es\/fruit-attraction-sao-paulo\/wp-content\/uploads\/2024\/01\/logo-fruit-attraction-sao-paulo.jpg\",\"width\":400,\"height\":300,\"caption\":\"Fruit Attraction Sao Paulo | IFEMA MADRID INTERNACIONAL\"},\"image\":{\"@id\":\"https:\/\/www.ifema.es\/fruit-attraction-sao-paulo\/#\/schema\/logo\/image\/\"},\"sameAs\":[\"https:\/\/www.facebook.com\/people\/Fruit-Attraction-So-Paulo\/61553117052718\/\",\"https:\/\/www.instagram.com\/fruitattraction_saopaulo\/\",\"https:\/\/www.linkedin.com\/company\/fruit-attraction-so-paulo\/\"]},{\"@type\":\"Person\",\"@id\":\"https:\/\/www.ifema.es\/fruit-attraction-sao-paulo\/#\/schema\/person\/ca209e86e8182445d0a351c7daabe509\",\"name\":\"Leandro Ursulano\",\"image\":{\"@type\":\"ImageObject\",\"inLanguage\":\"es-ES\",\"@id\":\"https:\/\/www.ifema.es\/fruit-attraction-sao-paulo\/#\/schema\/person\/image\/\",\"url\":\"https:\/\/secure.gravatar.com\/avatar\/2379260cadc7a1e6f807da70f5c7cb3f423d0394bcad778f6c4a6614e035829d?s=96&d=mm&r=g\",\"contentUrl\":\"https:\/\/secure.gravatar.com\/avatar\/2379260cadc7a1e6f807da70f5c7cb3f423d0394bcad778f6c4a6614e035829d?s=96&d=mm&r=g\",\"caption\":\"Leandro Ursulano\"},\"url\":\"https:\/\/www.ifema.es\/fruit-attraction-sao-paulo\/noticias\/author\/leandro\/\"}]}<\/script>\n<!-- \/ Yoast SEO plugin. -->","yoast_head_json":{"title":"Na Fruit Attraction SP 2025, Termot\u00e9cnica busca ampliar e fortalecer parcerias com todo o trade de frutas premium - Fruit Attraction Sao Paulo | IFEMA MADRID INTERNACIONAL","robots":{"index":"index","follow":"follow","max-snippet":"max-snippet:-1","max-image-preview":"max-image-preview:large","max-video-preview":"max-video-preview:-1"},"canonical":"https:\/\/www.ifema.es\/fruit-attraction-sao-paulo\/noticias\/na-fruit-attraction-sp-2025-termotecnica-busca-ampliar-e-fortalecer-parcerias-com-todo-o-trade-de-frutas-premium\/","og_locale":"es_ES","og_type":"article","og_title":"Na Fruit Attraction SP 2025, Termot\u00e9cnica busca ampliar e fortalecer parcerias com todo o trade de frutas premium - Fruit Attraction Sao Paulo | IFEMA MADRID INTERNACIONAL","og_description":"Conservadoras DaColheita e DaColheita Bio ampliam shelf-life da fruta permitindo alcan\u00e7ar mercados mais distantes com qualidade e sustentabilidade A Termot\u00e9cnica marcar\u00e1 presen\u00e7a na Fruit Attraction S\u00e3o Paulo 2025, que acontece de 25 a 27 de mar\u00e7o, no S\u00e3o Paulo Expo. No estande A 102, a empresa exibir\u00e1 sua linha completa de solu\u00e7\u00f5es de embalagens para...","og_url":"https:\/\/www.ifema.es\/fruit-attraction-sao-paulo\/noticias\/na-fruit-attraction-sp-2025-termotecnica-busca-ampliar-e-fortalecer-parcerias-com-todo-o-trade-de-frutas-premium\/","og_site_name":"Fruit Attraction Sao Paulo | IFEMA MADRID INTERNACIONAL","article_publisher":"https:\/\/www.facebook.com\/people\/Fruit-Attraction-So-Paulo\/61553117052718\/","article_published_time":"2025-03-25T14:22:00+00:00","og_image":[{"width":500,"height":667,"url":"https:\/\/www.ifema.es\/fruit-attraction-sao-paulo\/wp-content\/uploads\/2025\/03\/termotecnica-para-raios-e-aterramentos-9d19.jpg","type":"image\/jpeg"}],"author":"Leandro Ursulano","twitter_card":"summary_large_image","twitter_misc":{"Escrito por":"Leandro Ursulano","Tiempo de lectura":"4 minutes"},"schema":{"@context":"https:\/\/schema.org","@graph":[{"@type":"Article","@id":"https:\/\/www.ifema.es\/fruit-attraction-sao-paulo\/noticias\/na-fruit-attraction-sp-2025-termotecnica-busca-ampliar-e-fortalecer-parcerias-com-todo-o-trade-de-frutas-premium\/#article","isPartOf":{"@id":"https:\/\/www.ifema.es\/fruit-attraction-sao-paulo\/noticias\/na-fruit-attraction-sp-2025-termotecnica-busca-ampliar-e-fortalecer-parcerias-com-todo-o-trade-de-frutas-premium\/"},"author":{"name":"Leandro Ursulano","@id":"https:\/\/www.ifema.es\/fruit-attraction-sao-paulo\/#\/schema\/person\/ca209e86e8182445d0a351c7daabe509"},"headline":"Na Fruit Attraction SP 2025, Termot\u00e9cnica busca ampliar e fortalecer parcerias com todo o trade de frutas premium","datePublished":"2025-03-25T14:22:00+00:00","mainEntityOfPage":{"@id":"https:\/\/www.ifema.es\/fruit-attraction-sao-paulo\/noticias\/na-fruit-attraction-sp-2025-termotecnica-busca-ampliar-e-fortalecer-parcerias-com-todo-o-trade-de-frutas-premium\/"},"wordCount":927,"publisher":{"@id":"https:\/\/www.ifema.es\/fruit-attraction-sao-paulo\/#organization"},"image":{"@id":"https:\/\/www.ifema.es\/fruit-attraction-sao-paulo\/noticias\/na-fruit-attraction-sp-2025-termotecnica-busca-ampliar-e-fortalecer-parcerias-com-todo-o-trade-de-frutas-premium\/#primaryimage"},"thumbnailUrl":"https:\/\/www.ifema.es\/fruit-attraction-sao-paulo\/wp-content\/uploads\/2025\/03\/termotecnica-para-raios-e-aterramentos-9d19.jpg","articleSection":["Canal Fruit Attraction"],"inLanguage":"es-ES"},{"@type":"WebPage","@id":"https:\/\/www.ifema.es\/fruit-attraction-sao-paulo\/noticias\/na-fruit-attraction-sp-2025-termotecnica-busca-ampliar-e-fortalecer-parcerias-com-todo-o-trade-de-frutas-premium\/","url":"https:\/\/www.ifema.es\/fruit-attraction-sao-paulo\/noticias\/na-fruit-attraction-sp-2025-termotecnica-busca-ampliar-e-fortalecer-parcerias-com-todo-o-trade-de-frutas-premium\/","name":"Na Fruit Attraction SP 2025, Termot\u00e9cnica busca ampliar e fortalecer parcerias com todo o trade de frutas premium - Fruit Attraction Sao Paulo | IFEMA MADRID INTERNACIONAL","isPartOf":{"@id":"https:\/\/www.ifema.es\/fruit-attraction-sao-paulo\/#website"},"primaryImageOfPage":{"@id":"https:\/\/www.ifema.es\/fruit-attraction-sao-paulo\/noticias\/na-fruit-attraction-sp-2025-termotecnica-busca-ampliar-e-fortalecer-parcerias-com-todo-o-trade-de-frutas-premium\/#primaryimage"},"image":{"@id":"https:\/\/www.ifema.es\/fruit-attraction-sao-paulo\/noticias\/na-fruit-attraction-sp-2025-termotecnica-busca-ampliar-e-fortalecer-parcerias-com-todo-o-trade-de-frutas-premium\/#primaryimage"},"thumbnailUrl":"https:\/\/www.ifema.es\/fruit-attraction-sao-paulo\/wp-content\/uploads\/2025\/03\/termotecnica-para-raios-e-aterramentos-9d19.jpg","datePublished":"2025-03-25T14:22:00+00:00","inLanguage":"es-ES","potentialAction":[{"@type":"ReadAction","target":["https:\/\/www.ifema.es\/fruit-attraction-sao-paulo\/noticias\/na-fruit-attraction-sp-2025-termotecnica-busca-ampliar-e-fortalecer-parcerias-com-todo-o-trade-de-frutas-premium\/"]}]},{"@type":"ImageObject","inLanguage":"es-ES","@id":"https:\/\/www.ifema.es\/fruit-attraction-sao-paulo\/noticias\/na-fruit-attraction-sp-2025-termotecnica-busca-ampliar-e-fortalecer-parcerias-com-todo-o-trade-de-frutas-premium\/#primaryimage","url":"https:\/\/www.ifema.es\/fruit-attraction-sao-paulo\/wp-content\/uploads\/2025\/03\/termotecnica-para-raios-e-aterramentos-9d19.jpg","contentUrl":"https:\/\/www.ifema.es\/fruit-attraction-sao-paulo\/wp-content\/uploads\/2025\/03\/termotecnica-para-raios-e-aterramentos-9d19.jpg","width":500,"height":667},{"@type":"WebSite","@id":"https:\/\/www.ifema.es\/fruit-attraction-sao-paulo\/#website","url":"https:\/\/www.ifema.es\/fruit-attraction-sao-paulo\/","name":"Fruit Attraction Sao Paulo | IFEMA MADRID INTERNACIONAL","description":"Bienvenido a Fruit Attraction Sao Paulo, la Feria Internacional del Sector de Frutas y Hortalizas. Haz click y descubre todas las novedades de la edici\u00f3n de este a\u00f1o.","publisher":{"@id":"https:\/\/www.ifema.es\/fruit-attraction-sao-paulo\/#organization"},"potentialAction":[{"@type":"SearchAction","target":{"@type":"EntryPoint","urlTemplate":"https:\/\/www.ifema.es\/fruit-attraction-sao-paulo\/?s={search_term_string}"},"query-input":{"@type":"PropertyValueSpecification","valueRequired":true,"valueName":"search_term_string"}}],"inLanguage":"es-ES"},{"@type":"Organization","@id":"https:\/\/www.ifema.es\/fruit-attraction-sao-paulo\/#organization","name":"Fruit Attraction Sao Paulo | IFEMA MADRID INTERNACIONAL","url":"https:\/\/www.ifema.es\/fruit-attraction-sao-paulo\/","logo":{"@type":"ImageObject","inLanguage":"es-ES","@id":"https:\/\/www.ifema.es\/fruit-attraction-sao-paulo\/#\/schema\/logo\/image\/","url":"https:\/\/www.ifema.es\/fruit-attraction-sao-paulo\/wp-content\/uploads\/2024\/01\/logo-fruit-attraction-sao-paulo.jpg","contentUrl":"https:\/\/www.ifema.es\/fruit-attraction-sao-paulo\/wp-content\/uploads\/2024\/01\/logo-fruit-attraction-sao-paulo.jpg","width":400,"height":300,"caption":"Fruit Attraction Sao Paulo | IFEMA MADRID INTERNACIONAL"},"image":{"@id":"https:\/\/www.ifema.es\/fruit-attraction-sao-paulo\/#\/schema\/logo\/image\/"},"sameAs":["https:\/\/www.facebook.com\/people\/Fruit-Attraction-So-Paulo\/61553117052718\/","https:\/\/www.instagram.com\/fruitattraction_saopaulo\/","https:\/\/www.linkedin.com\/company\/fruit-attraction-so-paulo\/"]},{"@type":"Person","@id":"https:\/\/www.ifema.es\/fruit-attraction-sao-paulo\/#\/schema\/person\/ca209e86e8182445d0a351c7daabe509","name":"Leandro Ursulano","image":{"@type":"ImageObject","inLanguage":"es-ES","@id":"https:\/\/www.ifema.es\/fruit-attraction-sao-paulo\/#\/schema\/person\/image\/","url":"https:\/\/secure.gravatar.com\/avatar\/2379260cadc7a1e6f807da70f5c7cb3f423d0394bcad778f6c4a6614e035829d?s=96&d=mm&r=g","contentUrl":"https:\/\/secure.gravatar.com\/avatar\/2379260cadc7a1e6f807da70f5c7cb3f423d0394bcad778f6c4a6614e035829d?s=96&d=mm&r=g","caption":"Leandro Ursulano"},"url":"https:\/\/www.ifema.es\/fruit-attraction-sao-paulo\/noticias\/author\/leandro\/"}]}},"_links":{"self":[{"href":"https:\/\/www.ifema.es\/fruit-attraction-sao-paulo\/wp-json\/wp\/v2\/posts\/28526","targetHints":{"allow":["GET"]}}],"collection":[{"href":"https:\/\/www.ifema.es\/fruit-attraction-sao-paulo\/wp-json\/wp\/v2\/posts"}],"about":[{"href":"https:\/\/www.ifema.es\/fruit-attraction-sao-paulo\/wp-json\/wp\/v2\/types\/post"}],"author":[{"embeddable":true,"href":"https:\/\/www.ifema.es\/fruit-attraction-sao-paulo\/wp-json\/wp\/v2\/users\/3"}],"replies":[{"embeddable":true,"href":"https:\/\/www.ifema.es\/fruit-attraction-sao-paulo\/wp-json\/wp\/v2\/comments?post=28526"}],"version-history":[{"count":1,"href":"https:\/\/www.ifema.es\/fruit-attraction-sao-paulo\/wp-json\/wp\/v2\/posts\/28526\/revisions"}],"predecessor-version":[{"id":28528,"href":"https:\/\/www.ifema.es\/fruit-attraction-sao-paulo\/wp-json\/wp\/v2\/posts\/28526\/revisions\/28528"}],"wp:featuredmedia":[{"embeddable":true,"href":"https:\/\/www.ifema.es\/fruit-attraction-sao-paulo\/wp-json\/wp\/v2\/media\/28527"}],"wp:attachment":[{"href":"https:\/\/www.ifema.es\/fruit-attraction-sao-paulo\/wp-json\/wp\/v2\/media?parent=28526"}],"wp:term":[{"taxonomy":"category","embeddable":true,"href":"https:\/\/www.ifema.es\/fruit-attraction-sao-paulo\/wp-json\/wp\/v2\/categories?post=28526"},{"taxonomy":"post_tag","embeddable":true,"href":"https:\/\/www.ifema.es\/fruit-attraction-sao-paulo\/wp-json\/wp\/v2\/tags?post=28526"}],"curies":[{"name":"wp","href":"https:\/\/api.w.org\/{rel}","templated":true}]}}