{"id":28400,"date":"2025-03-21T18:48:34","date_gmt":"2025-03-21T17:48:34","guid":{"rendered":"https:\/\/www.ifema.es\/fruit-attraction-sao-paulo\/?p=28400"},"modified":"2025-03-21T18:48:34","modified_gmt":"2025-03-21T17:48:34","slug":"fruit-attraction-sao-paulo-ira-conectar-agricultura-familiar-com-compradores-internacionais-2","status":"publish","type":"post","link":"https:\/\/www.ifema.es\/fruit-attraction-sao-paulo\/noticias\/fruit-attraction-sao-paulo-ira-conectar-agricultura-familiar-com-compradores-internacionais-2\/","title":{"rendered":"Fruit Attraction S\u00e3o Paulo ir\u00e1 conectar agricultura familiar com compradores internacionais"},"content":{"rendered":"<p><em>Feira, que acontece de 25 a 27 de mar\u00e7o, no S\u00e3o Paulo Expo, na capital paulista, ser\u00e1 grande oportunidade para que pequenos produtores de frutas e hortali\u00e7as estabele\u00e7am contato direto com o cliente final <\/em><\/p>\n<p><strong>A<\/strong> Fruit Attraction S\u00e3o Paulo &#8211; <a href=\"https:\/\/www.ifema.es\/fruit-attraction-sao-paulo\">https:\/\/www.ifema.es\/fruit-attraction-sao-paulo<\/a> -, que acontece de 25 a 27 de mar\u00e7o, no S\u00e3o Paulo Expo, na capital paulista, ser\u00e1, uma vez mais, uma grande vitrine para que agricultores familiares possam expor sua produ\u00e7\u00e3o de frutas e hortali\u00e7as, estabelecendo contato direto com compradores nacionais e internacionais de mais de 48 pa\u00edses.<\/p>\n<p>\u201cOs principais estados brasileiros estar\u00e3o presentes e por meio de suas respectivas secretarias de agricultura trazem grupos de produtores, que ter\u00e3o a oportunidade de negociar diretamente com potenciais clientes, nos estandes ou nas diversas rodadas de neg\u00f3cios que acontecer\u00e3o durante o evento\u201d, destaca Maur\u00edcio Duval Macedo, CEO da Fiera Milano Brasil, uma das co-realizadoras do evento ao lado da Institui\u00e7\u00e3o de Feiras de Madrid (Ifema).<\/p>\n<p>&#8220;Queremos dar visibilidade \u00e0 diversidade, qualidade e sustentabilidade da fruticultura brasileira para o mundo e reafirmar a Fruit Attraction S\u00e3o Paulo como uma plataforma global para o produto nacional.&#8221; Entre os estados j\u00e1 confirmados est\u00e3o Bahia, Cear\u00e1, Distrito Federal, Esp\u00edrito Santo, Pernambuco e Rio Grande do Norte.<\/p>\n<p>Em sua 2\u00aa. edi\u00e7\u00e3o, a Fruit Attraction S\u00e3o Paulo avan\u00e7a para se consolidar como principal evento do segmento de frutas e hortali\u00e7as do hemisf\u00e9rio sul. &#8220;Teremos a participa\u00e7\u00e3o de 400 marcas expositoras, nacionais e internacionais de mais de 18 pa\u00edses; p\u00fablico visitante aguardado entre 15 a 20 mil pessoas; rodadas de neg\u00f3cios, promovidas com apoio da Apex e Sebrae; \u00e1rea total de exposi\u00e7\u00e3o saltando de um para dois pavilh\u00f5es e estimativa de R$ 1 bilh\u00e3o em vendas\u201d, ressalta o executivo.<\/p>\n<p>Al\u00e9m da mostra de produtos, tecnologia e servi\u00e7os, a Fruit Attraction S\u00e3o Paulo tamb\u00e9m ser\u00e1 palco do Fruit F\u00f3rum, espa\u00e7o de debates e apresenta\u00e7\u00f5es que reunir\u00e1 pesquisadores, empres\u00e1rios, especialistas para discuss\u00e3o de temas relacionados \u00e0 inova\u00e7\u00e3o e mercados potenciais no segmento hortifrut\u00edcola, que nesta edi\u00e7\u00e3o conta com a participa\u00e7\u00e3o do coordenador do Insper Agro Global, Marcos Jank.<\/p>\n<p>&nbsp;<\/p>\n<p><strong><em>Fruit Attraction no Instagram<\/em><\/strong><em>:<br \/>\n<\/em><a href=\"https:\/\/www.instagram.com\/fruitattraction_saopaulo\/\"><em>https:\/\/www.instagram.com\/fruitattraction_saopaulo\/<\/em><\/a><strong><em>\u00a0 <\/em><\/strong><\/p>\n<p><strong><em>\u00a0<\/em><\/strong><\/p>\n<p><strong><em>Servi\u00e7o:<br \/>\n<\/em><\/strong><em>Data: 25 a 27 de mar\u00e7o de 2025<\/em><\/p>\n<p><em>Hor\u00e1rio: das 10h \u00e0s 18h<\/em><\/p>\n<p><em>Local: S\u00e3o Paulo Expo Exhibition &amp; Convention Center<\/em><\/p>\n<p><em>Endere\u00e7o: Rodovia dos Imigrantes, 1,5 km &#8211; Vila \u00c1gua Funda, S\u00e3o Paulo &#8211; SP<\/em><\/p>\n<p><em>Transporte gratuito: com in\u00edcio uma hora antes at\u00e9 uma hora depois do funcionamento da feira na esta\u00e7\u00e3o Jabaquara do metr\u00f4.<\/em><\/p>\n<p><strong><em><br \/>\nCredenciamento para imprensa:<br \/>\n<\/em><\/strong><em><a href=\"https:\/\/easyexpo.com.br\/v3\/fruit\/25\/indimpr\">https:\/\/easyexpo.com.br\/v3\/fruit\/25\/indimpr<\/a><\/em><em> <strong><br \/>\n<\/strong><\/em><\/p>\n<p><strong><em>Informa\u00e7\u00f5es e pedidos de entrevistas:<br \/>\n<\/em><\/strong><strong><em><br \/>\n<\/em><\/strong><em>Ronaldo Luiz <\/em><\/p>\n<p><em>ComResultado [25 anos no agroneg\u00f3cio]<\/em><\/p>\n<p><a href=\"http:\/\/www.comresultado.com.br\"><em>www.comresultado.com.br<\/em><\/a><\/p>\n<p><em>contato@comresultado.com.br <\/em><\/p>\n<p><em>(11) 97631-6227<\/em><\/p>\n","protected":false},"excerpt":{"rendered":"<p>Feira, que acontece de 25 a 27 de mar\u00e7o, no S\u00e3o Paulo Expo, na capital paulista, ser\u00e1 grande oportunidade para que pequenos produtores de frutas e hortali\u00e7as estabele\u00e7am contato direto com o cliente final A Fruit Attraction S\u00e3o Paulo &#8211; https:\/\/www.ifema.es\/fruit-attraction-sao-paulo -, que acontece de 25 a 27 de mar\u00e7o, no S\u00e3o Paulo Expo, na&#8230;<\/p>\n","protected":false},"author":3,"featured_media":3413,"comment_status":"closed","ping_status":"closed","sticky":false,"template":"","format":"standard","meta":{"_eb_attr":"","inline_featured_image":false,"footnotes":""},"categories":[90],"tags":[],"class_list":["post-28400","post","type-post","status-publish","format-standard","has-post-thumbnail","hentry","category-release-pt"],"yoast_head":"<!-- This site is optimized with the Yoast SEO plugin v27.1.1 - https:\/\/yoast.com\/product\/yoast-seo-wordpress\/ -->\n<title>Fruit Attraction S\u00e3o Paulo ir\u00e1 conectar agricultura familiar com compradores internacionais - Fruit Attraction Sao Paulo | IFEMA MADRID INTERNACIONAL<\/title>\n<meta name=\"robots\" content=\"index, follow, max-snippet:-1, max-image-preview:large, max-video-preview:-1\" \/>\n<link rel=\"canonical\" href=\"https:\/\/www.ifema.es\/fruit-attraction-sao-paulo\/noticias\/fruit-attraction-sao-paulo-ira-conectar-agricultura-familiar-com-compradores-internacionais-2\/\" \/>\n<meta property=\"og:locale\" content=\"es_ES\" \/>\n<meta property=\"og:type\" content=\"article\" \/>\n<meta property=\"og:title\" content=\"Fruit Attraction S\u00e3o Paulo ir\u00e1 conectar agricultura familiar com compradores internacionais - Fruit Attraction Sao Paulo | IFEMA MADRID INTERNACIONAL\" \/>\n<meta property=\"og:description\" content=\"Feira, que acontece de 25 a 27 de mar\u00e7o, no S\u00e3o Paulo Expo, na capital paulista, ser\u00e1 grande oportunidade para que pequenos produtores de frutas e hortali\u00e7as estabele\u00e7am contato direto com o cliente final A Fruit Attraction S\u00e3o Paulo &#8211; https:\/\/www.ifema.es\/fruit-attraction-sao-paulo -, que acontece de 25 a 27 de mar\u00e7o, no S\u00e3o Paulo Expo, na...\" \/>\n<meta property=\"og:url\" content=\"https:\/\/www.ifema.es\/fruit-attraction-sao-paulo\/noticias\/fruit-attraction-sao-paulo-ira-conectar-agricultura-familiar-com-compradores-internacionais-2\/\" \/>\n<meta property=\"og:site_name\" content=\"Fruit Attraction Sao Paulo | IFEMA MADRID INTERNACIONAL\" \/>\n<meta property=\"article:publisher\" content=\"https:\/\/www.facebook.com\/people\/Fruit-Attraction-So-Paulo\/61553117052718\/\" \/>\n<meta property=\"article:published_time\" content=\"2025-03-21T17:48:34+00:00\" \/>\n<meta property=\"og:image\" content=\"https:\/\/www.ifema.es\/fruit-attraction-sao-paulo\/wp-content\/uploads\/2024\/05\/FRUIT_ATTRACTION_16042024_10H_WTF10628.jpeg\" \/>\n\t<meta property=\"og:image:width\" content=\"2000\" \/>\n\t<meta property=\"og:image:height\" content=\"1333\" \/>\n\t<meta property=\"og:image:type\" content=\"image\/jpeg\" \/>\n<meta name=\"author\" content=\"Leandro Ursulano\" \/>\n<meta name=\"twitter:card\" content=\"summary_large_image\" \/>\n<meta name=\"twitter:label1\" content=\"Escrito por\" \/>\n\t<meta name=\"twitter:data1\" content=\"Leandro Ursulano\" \/>\n\t<meta name=\"twitter:label2\" content=\"Tiempo de lectura\" \/>\n\t<meta name=\"twitter:data2\" content=\"3 minutes\" \/>\n<script type=\"application\/ld+json\" class=\"yoast-schema-graph\">{\"@context\":\"https:\/\/schema.org\",\"@graph\":[{\"@type\":\"Article\",\"@id\":\"https:\/\/www.ifema.es\/fruit-attraction-sao-paulo\/noticias\/fruit-attraction-sao-paulo-ira-conectar-agricultura-familiar-com-compradores-internacionais-2\/#article\",\"isPartOf\":{\"@id\":\"https:\/\/www.ifema.es\/fruit-attraction-sao-paulo\/noticias\/fruit-attraction-sao-paulo-ira-conectar-agricultura-familiar-com-compradores-internacionais-2\/\"},\"author\":{\"name\":\"Leandro Ursulano\",\"@id\":\"https:\/\/www.ifema.es\/fruit-attraction-sao-paulo\/#\/schema\/person\/ca209e86e8182445d0a351c7daabe509\"},\"headline\":\"Fruit Attraction S\u00e3o Paulo ir\u00e1 conectar agricultura familiar com compradores internacionais\",\"datePublished\":\"2025-03-21T17:48:34+00:00\",\"mainEntityOfPage\":{\"@id\":\"https:\/\/www.ifema.es\/fruit-attraction-sao-paulo\/noticias\/fruit-attraction-sao-paulo-ira-conectar-agricultura-familiar-com-compradores-internacionais-2\/\"},\"wordCount\":488,\"publisher\":{\"@id\":\"https:\/\/www.ifema.es\/fruit-attraction-sao-paulo\/#organization\"},\"image\":{\"@id\":\"https:\/\/www.ifema.es\/fruit-attraction-sao-paulo\/noticias\/fruit-attraction-sao-paulo-ira-conectar-agricultura-familiar-com-compradores-internacionais-2\/#primaryimage\"},\"thumbnailUrl\":\"https:\/\/www.ifema.es\/fruit-attraction-sao-paulo\/wp-content\/uploads\/2024\/05\/FRUIT_ATTRACTION_16042024_10H_WTF10628.jpeg\",\"articleSection\":[\"Release\"],\"inLanguage\":\"es-ES\"},{\"@type\":\"WebPage\",\"@id\":\"https:\/\/www.ifema.es\/fruit-attraction-sao-paulo\/noticias\/fruit-attraction-sao-paulo-ira-conectar-agricultura-familiar-com-compradores-internacionais-2\/\",\"url\":\"https:\/\/www.ifema.es\/fruit-attraction-sao-paulo\/noticias\/fruit-attraction-sao-paulo-ira-conectar-agricultura-familiar-com-compradores-internacionais-2\/\",\"name\":\"Fruit Attraction S\u00e3o Paulo ir\u00e1 conectar agricultura familiar com compradores internacionais - Fruit Attraction Sao Paulo | IFEMA MADRID INTERNACIONAL\",\"isPartOf\":{\"@id\":\"https:\/\/www.ifema.es\/fruit-attraction-sao-paulo\/#website\"},\"primaryImageOfPage\":{\"@id\":\"https:\/\/www.ifema.es\/fruit-attraction-sao-paulo\/noticias\/fruit-attraction-sao-paulo-ira-conectar-agricultura-familiar-com-compradores-internacionais-2\/#primaryimage\"},\"image\":{\"@id\":\"https:\/\/www.ifema.es\/fruit-attraction-sao-paulo\/noticias\/fruit-attraction-sao-paulo-ira-conectar-agricultura-familiar-com-compradores-internacionais-2\/#primaryimage\"},\"thumbnailUrl\":\"https:\/\/www.ifema.es\/fruit-attraction-sao-paulo\/wp-content\/uploads\/2024\/05\/FRUIT_ATTRACTION_16042024_10H_WTF10628.jpeg\",\"datePublished\":\"2025-03-21T17:48:34+00:00\",\"inLanguage\":\"es-ES\",\"potentialAction\":[{\"@type\":\"ReadAction\",\"target\":[\"https:\/\/www.ifema.es\/fruit-attraction-sao-paulo\/noticias\/fruit-attraction-sao-paulo-ira-conectar-agricultura-familiar-com-compradores-internacionais-2\/\"]}]},{\"@type\":\"ImageObject\",\"inLanguage\":\"es-ES\",\"@id\":\"https:\/\/www.ifema.es\/fruit-attraction-sao-paulo\/noticias\/fruit-attraction-sao-paulo-ira-conectar-agricultura-familiar-com-compradores-internacionais-2\/#primaryimage\",\"url\":\"https:\/\/www.ifema.es\/fruit-attraction-sao-paulo\/wp-content\/uploads\/2024\/05\/FRUIT_ATTRACTION_16042024_10H_WTF10628.jpeg\",\"contentUrl\":\"https:\/\/www.ifema.es\/fruit-attraction-sao-paulo\/wp-content\/uploads\/2024\/05\/FRUIT_ATTRACTION_16042024_10H_WTF10628.jpeg\",\"width\":2000,\"height\":1333},{\"@type\":\"WebSite\",\"@id\":\"https:\/\/www.ifema.es\/fruit-attraction-sao-paulo\/#website\",\"url\":\"https:\/\/www.ifema.es\/fruit-attraction-sao-paulo\/\",\"name\":\"Fruit Attraction Sao Paulo | IFEMA MADRID INTERNACIONAL\",\"description\":\"Bienvenido a Fruit Attraction Sao Paulo, la Feria Internacional del Sector de Frutas y Hortalizas. Haz click y descubre todas las novedades de la edici\u00f3n de este a\u00f1o.\",\"publisher\":{\"@id\":\"https:\/\/www.ifema.es\/fruit-attraction-sao-paulo\/#organization\"},\"potentialAction\":[{\"@type\":\"SearchAction\",\"target\":{\"@type\":\"EntryPoint\",\"urlTemplate\":\"https:\/\/www.ifema.es\/fruit-attraction-sao-paulo\/?s={search_term_string}\"},\"query-input\":{\"@type\":\"PropertyValueSpecification\",\"valueRequired\":true,\"valueName\":\"search_term_string\"}}],\"inLanguage\":\"es-ES\"},{\"@type\":\"Organization\",\"@id\":\"https:\/\/www.ifema.es\/fruit-attraction-sao-paulo\/#organization\",\"name\":\"Fruit Attraction Sao Paulo | IFEMA MADRID INTERNACIONAL\",\"url\":\"https:\/\/www.ifema.es\/fruit-attraction-sao-paulo\/\",\"logo\":{\"@type\":\"ImageObject\",\"inLanguage\":\"es-ES\",\"@id\":\"https:\/\/www.ifema.es\/fruit-attraction-sao-paulo\/#\/schema\/logo\/image\/\",\"url\":\"https:\/\/www.ifema.es\/fruit-attraction-sao-paulo\/wp-content\/uploads\/2024\/01\/logo-fruit-attraction-sao-paulo.jpg\",\"contentUrl\":\"https:\/\/www.ifema.es\/fruit-attraction-sao-paulo\/wp-content\/uploads\/2024\/01\/logo-fruit-attraction-sao-paulo.jpg\",\"width\":400,\"height\":300,\"caption\":\"Fruit Attraction Sao Paulo | IFEMA MADRID INTERNACIONAL\"},\"image\":{\"@id\":\"https:\/\/www.ifema.es\/fruit-attraction-sao-paulo\/#\/schema\/logo\/image\/\"},\"sameAs\":[\"https:\/\/www.facebook.com\/people\/Fruit-Attraction-So-Paulo\/61553117052718\/\",\"https:\/\/www.instagram.com\/fruitattraction_saopaulo\/\",\"https:\/\/www.linkedin.com\/company\/fruit-attraction-so-paulo\/\"]},{\"@type\":\"Person\",\"@id\":\"https:\/\/www.ifema.es\/fruit-attraction-sao-paulo\/#\/schema\/person\/ca209e86e8182445d0a351c7daabe509\",\"name\":\"Leandro Ursulano\",\"image\":{\"@type\":\"ImageObject\",\"inLanguage\":\"es-ES\",\"@id\":\"https:\/\/www.ifema.es\/fruit-attraction-sao-paulo\/#\/schema\/person\/image\/\",\"url\":\"https:\/\/secure.gravatar.com\/avatar\/2379260cadc7a1e6f807da70f5c7cb3f423d0394bcad778f6c4a6614e035829d?s=96&d=mm&r=g\",\"contentUrl\":\"https:\/\/secure.gravatar.com\/avatar\/2379260cadc7a1e6f807da70f5c7cb3f423d0394bcad778f6c4a6614e035829d?s=96&d=mm&r=g\",\"caption\":\"Leandro Ursulano\"},\"url\":\"https:\/\/www.ifema.es\/fruit-attraction-sao-paulo\/noticias\/author\/leandro\/\"}]}<\/script>\n<!-- \/ Yoast SEO plugin. -->","yoast_head_json":{"title":"Fruit Attraction S\u00e3o Paulo ir\u00e1 conectar agricultura familiar com compradores internacionais - Fruit Attraction Sao Paulo | IFEMA MADRID INTERNACIONAL","robots":{"index":"index","follow":"follow","max-snippet":"max-snippet:-1","max-image-preview":"max-image-preview:large","max-video-preview":"max-video-preview:-1"},"canonical":"https:\/\/www.ifema.es\/fruit-attraction-sao-paulo\/noticias\/fruit-attraction-sao-paulo-ira-conectar-agricultura-familiar-com-compradores-internacionais-2\/","og_locale":"es_ES","og_type":"article","og_title":"Fruit Attraction S\u00e3o Paulo ir\u00e1 conectar agricultura familiar com compradores internacionais - Fruit Attraction Sao Paulo | IFEMA MADRID INTERNACIONAL","og_description":"Feira, que acontece de 25 a 27 de mar\u00e7o, no S\u00e3o Paulo Expo, na capital paulista, ser\u00e1 grande oportunidade para que pequenos produtores de frutas e hortali\u00e7as estabele\u00e7am contato direto com o cliente final A Fruit Attraction S\u00e3o Paulo &#8211; https:\/\/www.ifema.es\/fruit-attraction-sao-paulo -, que acontece de 25 a 27 de mar\u00e7o, no S\u00e3o Paulo Expo, na...","og_url":"https:\/\/www.ifema.es\/fruit-attraction-sao-paulo\/noticias\/fruit-attraction-sao-paulo-ira-conectar-agricultura-familiar-com-compradores-internacionais-2\/","og_site_name":"Fruit Attraction Sao Paulo | IFEMA MADRID INTERNACIONAL","article_publisher":"https:\/\/www.facebook.com\/people\/Fruit-Attraction-So-Paulo\/61553117052718\/","article_published_time":"2025-03-21T17:48:34+00:00","og_image":[{"width":2000,"height":1333,"url":"https:\/\/www.ifema.es\/fruit-attraction-sao-paulo\/wp-content\/uploads\/2024\/05\/FRUIT_ATTRACTION_16042024_10H_WTF10628.jpeg","type":"image\/jpeg"}],"author":"Leandro Ursulano","twitter_card":"summary_large_image","twitter_misc":{"Escrito por":"Leandro Ursulano","Tiempo de lectura":"3 minutes"},"schema":{"@context":"https:\/\/schema.org","@graph":[{"@type":"Article","@id":"https:\/\/www.ifema.es\/fruit-attraction-sao-paulo\/noticias\/fruit-attraction-sao-paulo-ira-conectar-agricultura-familiar-com-compradores-internacionais-2\/#article","isPartOf":{"@id":"https:\/\/www.ifema.es\/fruit-attraction-sao-paulo\/noticias\/fruit-attraction-sao-paulo-ira-conectar-agricultura-familiar-com-compradores-internacionais-2\/"},"author":{"name":"Leandro Ursulano","@id":"https:\/\/www.ifema.es\/fruit-attraction-sao-paulo\/#\/schema\/person\/ca209e86e8182445d0a351c7daabe509"},"headline":"Fruit Attraction S\u00e3o Paulo ir\u00e1 conectar agricultura familiar com compradores internacionais","datePublished":"2025-03-21T17:48:34+00:00","mainEntityOfPage":{"@id":"https:\/\/www.ifema.es\/fruit-attraction-sao-paulo\/noticias\/fruit-attraction-sao-paulo-ira-conectar-agricultura-familiar-com-compradores-internacionais-2\/"},"wordCount":488,"publisher":{"@id":"https:\/\/www.ifema.es\/fruit-attraction-sao-paulo\/#organization"},"image":{"@id":"https:\/\/www.ifema.es\/fruit-attraction-sao-paulo\/noticias\/fruit-attraction-sao-paulo-ira-conectar-agricultura-familiar-com-compradores-internacionais-2\/#primaryimage"},"thumbnailUrl":"https:\/\/www.ifema.es\/fruit-attraction-sao-paulo\/wp-content\/uploads\/2024\/05\/FRUIT_ATTRACTION_16042024_10H_WTF10628.jpeg","articleSection":["Release"],"inLanguage":"es-ES"},{"@type":"WebPage","@id":"https:\/\/www.ifema.es\/fruit-attraction-sao-paulo\/noticias\/fruit-attraction-sao-paulo-ira-conectar-agricultura-familiar-com-compradores-internacionais-2\/","url":"https:\/\/www.ifema.es\/fruit-attraction-sao-paulo\/noticias\/fruit-attraction-sao-paulo-ira-conectar-agricultura-familiar-com-compradores-internacionais-2\/","name":"Fruit Attraction S\u00e3o Paulo ir\u00e1 conectar agricultura familiar com compradores internacionais - Fruit Attraction Sao Paulo | IFEMA MADRID INTERNACIONAL","isPartOf":{"@id":"https:\/\/www.ifema.es\/fruit-attraction-sao-paulo\/#website"},"primaryImageOfPage":{"@id":"https:\/\/www.ifema.es\/fruit-attraction-sao-paulo\/noticias\/fruit-attraction-sao-paulo-ira-conectar-agricultura-familiar-com-compradores-internacionais-2\/#primaryimage"},"image":{"@id":"https:\/\/www.ifema.es\/fruit-attraction-sao-paulo\/noticias\/fruit-attraction-sao-paulo-ira-conectar-agricultura-familiar-com-compradores-internacionais-2\/#primaryimage"},"thumbnailUrl":"https:\/\/www.ifema.es\/fruit-attraction-sao-paulo\/wp-content\/uploads\/2024\/05\/FRUIT_ATTRACTION_16042024_10H_WTF10628.jpeg","datePublished":"2025-03-21T17:48:34+00:00","inLanguage":"es-ES","potentialAction":[{"@type":"ReadAction","target":["https:\/\/www.ifema.es\/fruit-attraction-sao-paulo\/noticias\/fruit-attraction-sao-paulo-ira-conectar-agricultura-familiar-com-compradores-internacionais-2\/"]}]},{"@type":"ImageObject","inLanguage":"es-ES","@id":"https:\/\/www.ifema.es\/fruit-attraction-sao-paulo\/noticias\/fruit-attraction-sao-paulo-ira-conectar-agricultura-familiar-com-compradores-internacionais-2\/#primaryimage","url":"https:\/\/www.ifema.es\/fruit-attraction-sao-paulo\/wp-content\/uploads\/2024\/05\/FRUIT_ATTRACTION_16042024_10H_WTF10628.jpeg","contentUrl":"https:\/\/www.ifema.es\/fruit-attraction-sao-paulo\/wp-content\/uploads\/2024\/05\/FRUIT_ATTRACTION_16042024_10H_WTF10628.jpeg","width":2000,"height":1333},{"@type":"WebSite","@id":"https:\/\/www.ifema.es\/fruit-attraction-sao-paulo\/#website","url":"https:\/\/www.ifema.es\/fruit-attraction-sao-paulo\/","name":"Fruit Attraction Sao Paulo | IFEMA MADRID INTERNACIONAL","description":"Bienvenido a Fruit Attraction Sao Paulo, la Feria Internacional del Sector de Frutas y Hortalizas. Haz click y descubre todas las novedades de la edici\u00f3n de este a\u00f1o.","publisher":{"@id":"https:\/\/www.ifema.es\/fruit-attraction-sao-paulo\/#organization"},"potentialAction":[{"@type":"SearchAction","target":{"@type":"EntryPoint","urlTemplate":"https:\/\/www.ifema.es\/fruit-attraction-sao-paulo\/?s={search_term_string}"},"query-input":{"@type":"PropertyValueSpecification","valueRequired":true,"valueName":"search_term_string"}}],"inLanguage":"es-ES"},{"@type":"Organization","@id":"https:\/\/www.ifema.es\/fruit-attraction-sao-paulo\/#organization","name":"Fruit Attraction Sao Paulo | IFEMA MADRID INTERNACIONAL","url":"https:\/\/www.ifema.es\/fruit-attraction-sao-paulo\/","logo":{"@type":"ImageObject","inLanguage":"es-ES","@id":"https:\/\/www.ifema.es\/fruit-attraction-sao-paulo\/#\/schema\/logo\/image\/","url":"https:\/\/www.ifema.es\/fruit-attraction-sao-paulo\/wp-content\/uploads\/2024\/01\/logo-fruit-attraction-sao-paulo.jpg","contentUrl":"https:\/\/www.ifema.es\/fruit-attraction-sao-paulo\/wp-content\/uploads\/2024\/01\/logo-fruit-attraction-sao-paulo.jpg","width":400,"height":300,"caption":"Fruit Attraction Sao Paulo | IFEMA MADRID INTERNACIONAL"},"image":{"@id":"https:\/\/www.ifema.es\/fruit-attraction-sao-paulo\/#\/schema\/logo\/image\/"},"sameAs":["https:\/\/www.facebook.com\/people\/Fruit-Attraction-So-Paulo\/61553117052718\/","https:\/\/www.instagram.com\/fruitattraction_saopaulo\/","https:\/\/www.linkedin.com\/company\/fruit-attraction-so-paulo\/"]},{"@type":"Person","@id":"https:\/\/www.ifema.es\/fruit-attraction-sao-paulo\/#\/schema\/person\/ca209e86e8182445d0a351c7daabe509","name":"Leandro Ursulano","image":{"@type":"ImageObject","inLanguage":"es-ES","@id":"https:\/\/www.ifema.es\/fruit-attraction-sao-paulo\/#\/schema\/person\/image\/","url":"https:\/\/secure.gravatar.com\/avatar\/2379260cadc7a1e6f807da70f5c7cb3f423d0394bcad778f6c4a6614e035829d?s=96&d=mm&r=g","contentUrl":"https:\/\/secure.gravatar.com\/avatar\/2379260cadc7a1e6f807da70f5c7cb3f423d0394bcad778f6c4a6614e035829d?s=96&d=mm&r=g","caption":"Leandro Ursulano"},"url":"https:\/\/www.ifema.es\/fruit-attraction-sao-paulo\/noticias\/author\/leandro\/"}]}},"_links":{"self":[{"href":"https:\/\/www.ifema.es\/fruit-attraction-sao-paulo\/wp-json\/wp\/v2\/posts\/28400","targetHints":{"allow":["GET"]}}],"collection":[{"href":"https:\/\/www.ifema.es\/fruit-attraction-sao-paulo\/wp-json\/wp\/v2\/posts"}],"about":[{"href":"https:\/\/www.ifema.es\/fruit-attraction-sao-paulo\/wp-json\/wp\/v2\/types\/post"}],"author":[{"embeddable":true,"href":"https:\/\/www.ifema.es\/fruit-attraction-sao-paulo\/wp-json\/wp\/v2\/users\/3"}],"replies":[{"embeddable":true,"href":"https:\/\/www.ifema.es\/fruit-attraction-sao-paulo\/wp-json\/wp\/v2\/comments?post=28400"}],"version-history":[{"count":1,"href":"https:\/\/www.ifema.es\/fruit-attraction-sao-paulo\/wp-json\/wp\/v2\/posts\/28400\/revisions"}],"predecessor-version":[{"id":28401,"href":"https:\/\/www.ifema.es\/fruit-attraction-sao-paulo\/wp-json\/wp\/v2\/posts\/28400\/revisions\/28401"}],"wp:featuredmedia":[{"embeddable":true,"href":"https:\/\/www.ifema.es\/fruit-attraction-sao-paulo\/wp-json\/wp\/v2\/media\/3413"}],"wp:attachment":[{"href":"https:\/\/www.ifema.es\/fruit-attraction-sao-paulo\/wp-json\/wp\/v2\/media?parent=28400"}],"wp:term":[{"taxonomy":"category","embeddable":true,"href":"https:\/\/www.ifema.es\/fruit-attraction-sao-paulo\/wp-json\/wp\/v2\/categories?post=28400"},{"taxonomy":"post_tag","embeddable":true,"href":"https:\/\/www.ifema.es\/fruit-attraction-sao-paulo\/wp-json\/wp\/v2\/tags?post=28400"}],"curies":[{"name":"wp","href":"https:\/\/api.w.org\/{rel}","templated":true}]}}